{"id":207198,"date":"2025-07-19T01:55:20","date_gmt":"2025-07-18T22:55:20","guid":{"rendered":"https:\/\/www.tgrthaber.com\/mavikadin\/?p=207198"},"modified":"2025-07-19T01:55:20","modified_gmt":"2025-07-18T22:55:20","slug":"celio-saabin-esi-zein-qutami-kimdir-aslen-nereli-meslegi-nedir","status":"publish","type":"post","link":"https:\/\/www.tgrthaber.com\/mavikadin\/celio-saabin-esi-zein-qutami-kimdir-aslen-nereli-meslegi-nedir\/","title":{"rendered":"Celio Saab&#8217;\u0131n e\u015fi Zein Qutami kimdir aslen nereli? Mesle\u011fi nedir?"},"content":{"rendered":"<p>Saab ailesine gelin gelen Zein Qutami, giydi\u011fi d\u00fc\u011f\u00fcn \u00f6ncesi k\u0131yafetle ve gelinli\u011fiyle ile b\u00fcy\u00fck be\u011feni toplad\u0131. G\u00f6rkemli bir d\u00fc\u011f\u00fcnle d\u00fcnya evine giren Celio Saab ve Zein Qutam\u0131 uluslararas\u0131 bas\u0131nda da konu\u015fulan isimler oldu. Saab ailesinin gelini ve Celio Saab&#8217;\u0131n e\u015fi Zein Qutami kimdir aslen nereli? Mesle\u011fi nedir?<\/p>\n<h3>ZE\u0130N QUTAM\u0130 K\u0130MD\u0130R KA\u00c7 YA\u015eINDADIR?<\/h3>\n<p>Celio Saab&#8217;\u0131n e\u015fi Zein Qutami hakk\u0131nda bas\u0131nda \u00e7ok fazla bilgi bulunmaktad\u0131r. Gen\u00e7 olan Zein Qutami aslen \u00dcrd\u00fcnl\u00fc\u2019d\u00fcr. Qutami, \u015fu anda Abu Dabi&#8217;de ya\u015famaktad\u0131r. Zein, \u00e7evresi aras\u0131nda ger\u00e7ek\u00e7i \u00e7ekicili\u011fi ve keskin bak\u0131\u015f a\u00e7\u0131s\u0131yla tan\u0131n\u0131yor. L\u00fcbnan Amerikan \u00dcniversitesi&#8217;nden pazarlama alan\u0131nda lisans derecesini etkileyici bir birincilikle (82\/100) onur derecesiyle ald\u0131.<\/p>\n<p><img loading=\"lazy\" decoding=\"async\" class=\"alignnone wp-image-207199 size-full\" src=\"https:\/\/www.tgrthaber.com\/mavikadin\/wp-content\/uploads\/Zein-Qutami-kimdir.jpg\" alt=\"\" width=\"1208\" height=\"680\" title=\"\" srcset=\"https:\/\/www.tgrthaber.com\/mavikadin\/wp-content\/uploads\/Zein-Qutami-kimdir.jpg 1208w, https:\/\/www.tgrthaber.com\/mavikadin\/wp-content\/uploads\/Zein-Qutami-kimdir-300x169.jpg 300w, https:\/\/www.tgrthaber.com\/mavikadin\/wp-content\/uploads\/Zein-Qutami-kimdir-1024x576.jpg 1024w, https:\/\/www.tgrthaber.com\/mavikadin\/wp-content\/uploads\/Zein-Qutami-kimdir-768x432.jpg 768w\" sizes=\"(max-width: 1208px) 100vw, 1208px\" \/><\/p>\n<hr \/>\n<h3>ZE\u0130N QUTAM\u0130 NE \u0130\u015e YAPIYOR?<\/h3>\n<p>Zein Qutami, okulunu okusa bile \u00e7al\u0131\u015fma hayat\u0131nda hep var olmu\u015f biridir. M\u00fccevherlere olan tutkusundan kaynakl\u0131 olarak m\u00fccevher tasar\u0131mc\u0131s\u0131 olarak bile \u00e7al\u0131\u015fm\u0131\u015ft\u0131r. Moda ve g\u00fczellik konusunda keskin bir g\u00f6ze sahip olan Zein, zamanla farkl\u0131 bir i\u015f alan\u0131na ge\u00e7i\u015f yap\u0131yor. Kariyerine Amman&#8217;da ba\u015flad\u0131 sonras\u0131nda BAE&#8217;ye ta\u015f\u0131narak \u015fu anda halkla ili\u015fkiler alan\u0131nda \u00e7al\u0131\u015f\u0131yor.<\/p>\n<p><img loading=\"lazy\" decoding=\"async\" class=\"alignnone wp-image-207200 size-full\" src=\"https:\/\/www.tgrthaber.com\/mavikadin\/wp-content\/uploads\/Zein-Qutami-kariyeri.jpg\" alt=\"\" width=\"1208\" height=\"680\" title=\"\" srcset=\"https:\/\/www.tgrthaber.com\/mavikadin\/wp-content\/uploads\/Zein-Qutami-kariyeri.jpg 1208w, https:\/\/www.tgrthaber.com\/mavikadin\/wp-content\/uploads\/Zein-Qutami-kariyeri-300x169.jpg 300w, https:\/\/www.tgrthaber.com\/mavikadin\/wp-content\/uploads\/Zein-Qutami-kariyeri-1024x576.jpg 1024w, https:\/\/www.tgrthaber.com\/mavikadin\/wp-content\/uploads\/Zein-Qutami-kariyeri-768x432.jpg 768w\" sizes=\"(max-width: 1208px) 100vw, 1208px\" \/><\/p>\n<hr \/>\n<p>\u00dcretken dan\u0131\u015fmanl\u0131k alan\u0131nda faaliyet g\u00f6steren Zelin Qutami, Cosmopole Consultancy&#8217;de m\u00fc\u015fteri y\u00f6neticisi olarak \u00e7al\u0131\u015f\u0131yor. Zein yapt\u0131\u011f\u0131 i\u015fleri \u201chayal g\u00fcc\u00fc yetene\u011fi insan ili\u015fkileriyle m\u00fckemmel bir \u015fekilde birle\u015ftiren bir m\u00fc\u015fteri y\u00f6neticisinin ders kitab\u0131 \u00f6rne\u011fi&#8221; olarak tan\u0131mlan\u0131yor. Jumeirah Group, Erth Abu Dhabi ve Groupe Barriere gibi b\u00fcy\u00fck markalar\u0131n m\u00fc\u015fteri hesaplar\u0131n\u0131 y\u00f6netiyor.<\/p>\n<h3>ZE\u0130N QUTAM\u0130 K\u0130M\u0130NLE EVL\u0130?<\/h3>\n<p>Moda d\u00fcnyas\u0131na damgas\u0131n\u0131 vuran Elie Saab&#8217;\u0131n o\u011flu Celio Saab ile 18 Temmuz 2025 tarihinde d\u00fcnya evine girdi.<\/p>\n<p><img loading=\"lazy\" decoding=\"async\" class=\"alignnone wp-image-207201 size-full\" src=\"https:\/\/www.tgrthaber.com\/mavikadin\/wp-content\/uploads\/Zein-Qutami-celio-saab-ile-evli.jpg\" alt=\"\" width=\"1208\" height=\"680\" title=\"\" srcset=\"https:\/\/www.tgrthaber.com\/mavikadin\/wp-content\/uploads\/Zein-Qutami-celio-saab-ile-evli.jpg 1208w, https:\/\/www.tgrthaber.com\/mavikadin\/wp-content\/uploads\/Zein-Qutami-celio-saab-ile-evli-300x169.jpg 300w, https:\/\/www.tgrthaber.com\/mavikadin\/wp-content\/uploads\/Zein-Qutami-celio-saab-ile-evli-1024x576.jpg 1024w, https:\/\/www.tgrthaber.com\/mavikadin\/wp-content\/uploads\/Zein-Qutami-celio-saab-ile-evli-768x432.jpg 768w\" sizes=\"(max-width: 1208px) 100vw, 1208px\" \/><\/p>\n<hr \/>\n<h3>ZE\u0130N QUTAM\u0130\u2019N\u0130N YA\u015eAM FELSEFES\u0130<\/h3>\n<p>Zein Qutami, d\u00fcr\u00fcstl\u00fck, do\u011fruluk, sayg\u0131, hesap verebilirlik ve s\u00fcrekli \u00f6\u011frenme ilkelerine de\u011fer vermektedir. Kendisi i\u00e7in kelimelerden ibaret olmad\u0131\u011f\u0131n\u0131, bir ya\u015fam bi\u00e7imi oldu\u011funu a\u00e7\u0131klam\u0131\u015ft\u0131. G\u00fc\u00e7l\u00fc ahlaki pusulas\u0131, hem profesyonel hem de ki\u015fisel olarak ona hedeflerine ula\u015fmada destek oluyor. Celio Saab&#8217;\u0131n e\u015fi Zein, g\u00f6n\u00fcll\u00fc olarak da bir\u00e7ok i\u015fte yer al\u0131yor<\/p>\n","protected":false},"excerpt":{"rendered":"<p>Elie Saab\u2019\u0131n gelini olan Zein Qutami\u2019n hayat\u0131 merak konusu oldu. Nikah ve d\u00fc\u011f\u00fcnde giydi\u011fi tasar\u0131mlarla dikkatleri \u00fczerine \u00e7eken Celio Saab\u2019\u0131n e\u015fi Zein Qutami\u2019n ya\u015fam\u0131na dair her \u015fey merak ediliyor. Peki, Celio Saab&#8217;\u0131n e\u015fi Zein Qutami kimdir aslen nereli? Mesle\u011fi nedir? <\/p>\n","protected":false},"author":10,"featured_media":207202,"comment_status":"closed","ping_status":"closed","sticky":false,"template":"","format":"standard","meta":{"rank_math_lock_modified_date":false,"footnotes":""},"categories":[491],"tags":[28698,28695,28696,28697],"class_list":["post-207198","post","type-post","status-publish","format-standard","has-post-thumbnail","hentry","category-biyografi","tag-zein-qutami-evli","tag-zein-qutami-kimdir","tag-zein-qutami-meslegi","tag-zein-qutami-nereli"],"_links":{"self":[{"href":"https:\/\/www.tgrthaber.com\/mavikadin\/wp-json\/wp\/v2\/posts\/207198"}],"collection":[{"href":"https:\/\/www.tgrthaber.com\/mavikadin\/wp-json\/wp\/v2\/posts"}],"about":[{"href":"https:\/\/www.tgrthaber.com\/mavikadin\/wp-json\/wp\/v2\/types\/post"}],"author":[{"embeddable":true,"href":"https:\/\/www.tgrthaber.com\/mavikadin\/wp-json\/wp\/v2\/users\/10"}],"replies":[{"embeddable":true,"href":"https:\/\/www.tgrthaber.com\/mavikadin\/wp-json\/wp\/v2\/comments?post=207198"}],"version-history":[{"count":1,"href":"https:\/\/www.tgrthaber.com\/mavikadin\/wp-json\/wp\/v2\/posts\/207198\/revisions"}],"predecessor-version":[{"id":207203,"href":"https:\/\/www.tgrthaber.com\/mavikadin\/wp-json\/wp\/v2\/posts\/207198\/revisions\/207203"}],"wp:featuredmedia":[{"embeddable":true,"href":"https:\/\/www.tgrthaber.com\/mavikadin\/wp-json\/wp\/v2\/media\/207202"}],"wp:attachment":[{"href":"https:\/\/www.tgrthaber.com\/mavikadin\/wp-json\/wp\/v2\/media?parent=207198"}],"wp:term":[{"taxonomy":"category","embeddable":true,"href":"https:\/\/www.tgrthaber.com\/mavikadin\/wp-json\/wp\/v2\/categories?post=207198"},{"taxonomy":"post_tag","embeddable":true,"href":"https:\/\/www.tgrthaber.com\/mavikadin\/wp-json\/wp\/v2\/tags?post=207198"}],"curies":[{"name":"wp","href":"https:\/\/api.w.org\/{rel}","templated":true}]}}