{"id":207210,"date":"2025-07-19T03:15:25","date_gmt":"2025-07-19T00:15:25","guid":{"rendered":"https:\/\/www.tgrthaber.com\/mavikadin\/?p=207210"},"modified":"2025-07-19T03:15:26","modified_gmt":"2025-07-19T00:15:26","slug":"elie-saabin-oglu-celio-saab-kimdir-kiminle-evlendi","status":"publish","type":"post","link":"https:\/\/www.tgrthaber.com\/mavikadin\/elie-saabin-oglu-celio-saab-kimdir-kiminle-evlendi\/","title":{"rendered":"Elie Saab&#8217;\u0131n O\u011flu Celio Saab kimdir? Kiminle evlendi?"},"content":{"rendered":"<p>Moda d\u00fcnyas\u0131 denilince ak\u0131llara gelen alan\u0131nda ad\u0131n\u0131 ispatlam\u0131\u015f L\u00fcbnan\u2019l\u0131 Elie Saab, 3 o\u011flundan biri olan Celio Saab d\u00fcnya evine girdi. O\u011flunun d\u00fc\u011f\u00fcn\u00fcne bir\u00e7ok ki\u015fi kat\u0131ld\u0131. Celio Saab, \u00fc\u00e7 y\u0131ll\u0131k birlikteli\u011fin ard\u0131ndan 29 Haziran 2024 sabah\u0131 sessiz sedas\u0131z evlenme teklifinde bulundu. 19 Temmuz\u2019da d\u00fcnya evine girdi. Peki, Peki, Elie Saab&#8217;\u0131n O\u011flu Celio Saab kimdir? Kiminle evlendi?<\/p>\n<h3>CEL\u0130O SAAB K\u0130MD\u0130R KA\u00c7 YA\u015eINDADIR?<\/h3>\n<p>Elie Saab\u2019\u0131n o\u011flu olan Celio Saab L\u00fcbnan do\u011fumludur. Babas\u0131 L\u00fcbnan\u2019\u0131n ve d\u00fcnyan\u0131n en \u00f6nemli moda tasar\u0131mc\u0131lar\u0131ndan biridir. Annesi Claudine Saab\u2019d\u0131r. Celio Saab\u2019\u0131n 2 tane erkek karde\u015fi bulunmaktad\u0131r. \u0130\u015fletme Y\u00fcksek Lisans\u0131 (MBA) derecesine sahip olan 32 ya\u015f\u0131ndaki oyuncu Celio Saab,\u00a0 Elie Saab markas\u0131nda genel m\u00fcd\u00fcr\u00fcn \u00f6zel asistan\u0131 olarak \u00e7al\u0131\u015f\u0131yor.<\/p>\n<p><img loading=\"lazy\" decoding=\"async\" class=\"alignnone wp-image-207213 size-full\" src=\"https:\/\/www.tgrthaber.com\/mavikadin\/wp-content\/uploads\/Adsiz-tasarim-30-34.jpg\" alt=\"\" width=\"1208\" height=\"680\" title=\"\" srcset=\"https:\/\/www.tgrthaber.com\/mavikadin\/wp-content\/uploads\/Adsiz-tasarim-30-34.jpg 1208w, https:\/\/www.tgrthaber.com\/mavikadin\/wp-content\/uploads\/Adsiz-tasarim-30-34-300x169.jpg 300w, https:\/\/www.tgrthaber.com\/mavikadin\/wp-content\/uploads\/Adsiz-tasarim-30-34-1024x576.jpg 1024w, https:\/\/www.tgrthaber.com\/mavikadin\/wp-content\/uploads\/Adsiz-tasarim-30-34-768x432.jpg 768w\" sizes=\"(max-width: 1208px) 100vw, 1208px\" \/><\/p>\n<hr \/>\n<h3>CEL\u0130O SAAB ASLEN NEREL\u0130D\u0130R?<\/h3>\n<p>Celio Saab, babas\u0131 Elie Saab\u2019\u0131n memleketi L\u00fcbnan\u2019l\u0131d\u0131r. Halen ailesi ile birlikte orada ya\u015famaktad\u0131r.<\/p>\n<p>&nbsp;<\/p>\n<p>&nbsp;<\/p>\n<h3>CEL\u0130O SAAB ZE\u0130N QUTAM\u0130 \u0130LE NE ZAMAN TANI\u015eTI?<\/h3>\n<p>\u00dcnl\u00fc modac\u0131n\u0131n o\u011flu Celio Saab, \u00dcrd\u00fcnl\u00fc g\u00fczel Zein Qutami\u2019yle 3 y\u0131l boyunca a\u015fk ya\u015fad\u0131lar. Sevgilerini her f\u0131rsatta birbirlerine g\u00f6steren \u00e7ift, evlilik karar\u0131 ald\u0131. 2021 y\u0131l\u0131n\u0131n Haziran ay\u0131nda ba\u015flayan birliktelik 29 Haziran 2024 sabah\u0131 sessiz sedas\u0131z evlenme teklifiyle ta\u00e7land\u0131r\u0131lm\u0131\u015f. Celio Saab, bir r\u00f6portaj\u0131nda, &#8220;Zein&#8217;de en sevdi\u011fim \u015fey, de\u011ferlerine ne kadar ba\u011fl\u0131 oldu\u011fu. H\u0131rsl\u0131, ne istedi\u011fini tam olarak biliyor ve se\u00e7imlerinin arkas\u0131nda sakin ve kendinden emin bir \u015fekilde duruyor.&#8221;\u00a0 dedi.<\/p>\n<p><img loading=\"lazy\" decoding=\"async\" class=\"alignnone wp-image-207211 size-full\" src=\"https:\/\/www.tgrthaber.com\/mavikadin\/wp-content\/uploads\/Adsiz-tasarim-19-43.jpg\" alt=\"\" width=\"1208\" height=\"680\" title=\"\" srcset=\"https:\/\/www.tgrthaber.com\/mavikadin\/wp-content\/uploads\/Adsiz-tasarim-19-43.jpg 1208w, https:\/\/www.tgrthaber.com\/mavikadin\/wp-content\/uploads\/Adsiz-tasarim-19-43-300x169.jpg 300w, https:\/\/www.tgrthaber.com\/mavikadin\/wp-content\/uploads\/Adsiz-tasarim-19-43-1024x576.jpg 1024w, https:\/\/www.tgrthaber.com\/mavikadin\/wp-content\/uploads\/Adsiz-tasarim-19-43-768x432.jpg 768w\" sizes=\"(max-width: 1208px) 100vw, 1208px\" \/><\/p>\n<hr \/>\n<h3>CEL\u0130O SAAB K\u0130M\u0130NLE EVLEND\u0130?<\/h3>\n<p>Celio Saab, 29 ya\u015f\u0131ndaki \u00dcrd\u00fcnl\u00fc g\u00fczel Zein Qutami ile 19 Temmuz 2025 tarihinde L\u00fcbnan&#8217;\u0131n Faqra kentinde d\u00fcnya evine girdi. G\u00f6rkemli geceye bir\u00e7ok \u00fcnl\u00fc isim kat\u0131ld\u0131.<\/p>\n","protected":false},"excerpt":{"rendered":"<p>D\u00fcnyan\u0131n en tan\u0131nm\u0131\u015f moda tasar\u0131mc\u0131lar\u0131ndan olan L\u00fcbnan\u2019l\u0131 Elie Saab\u2019\u0131n o\u011flu Celio Saab, d\u00fcnya evine girdi. L\u00fcbnan\u2019da ger\u00e7ekle\u015ftirilen d\u00fc\u011f\u00fcn t\u00f6renine d\u00fcnyan\u0131n her yerinden \u00fcnl\u00fc isimler geldi. Celio Saab 3 y\u0131ld\u0131r birlikte oldu\u011fu \u00dcrd\u00fcn as\u0131ll\u0131 Zein Qutami ile d\u00fcnya evine girdi. Peki, Elie Saab&#8217;\u0131n O\u011flu Celio Saab kimdir? Kiminle evlendi?<\/p>\n","protected":false},"author":10,"featured_media":207212,"comment_status":"closed","ping_status":"closed","sticky":false,"template":"","format":"standard","meta":{"rank_math_lock_modified_date":false,"footnotes":""},"categories":[491],"tags":[3374,28705,28703,28702,28704],"class_list":["post-207210","post","type-post","status-publish","format-standard","has-post-thumbnail","hentry","category-biyografi","tag-biyografi","tag-celio-saab-evli-mi","tag-celio-saab-kac-yasinda","tag-celio-saab-kimdir","tag-celio-saab-meslegi"],"_links":{"self":[{"href":"https:\/\/www.tgrthaber.com\/mavikadin\/wp-json\/wp\/v2\/posts\/207210"}],"collection":[{"href":"https:\/\/www.tgrthaber.com\/mavikadin\/wp-json\/wp\/v2\/posts"}],"about":[{"href":"https:\/\/www.tgrthaber.com\/mavikadin\/wp-json\/wp\/v2\/types\/post"}],"author":[{"embeddable":true,"href":"https:\/\/www.tgrthaber.com\/mavikadin\/wp-json\/wp\/v2\/users\/10"}],"replies":[{"embeddable":true,"href":"https:\/\/www.tgrthaber.com\/mavikadin\/wp-json\/wp\/v2\/comments?post=207210"}],"version-history":[{"count":1,"href":"https:\/\/www.tgrthaber.com\/mavikadin\/wp-json\/wp\/v2\/posts\/207210\/revisions"}],"predecessor-version":[{"id":207214,"href":"https:\/\/www.tgrthaber.com\/mavikadin\/wp-json\/wp\/v2\/posts\/207210\/revisions\/207214"}],"wp:featuredmedia":[{"embeddable":true,"href":"https:\/\/www.tgrthaber.com\/mavikadin\/wp-json\/wp\/v2\/media\/207212"}],"wp:attachment":[{"href":"https:\/\/www.tgrthaber.com\/mavikadin\/wp-json\/wp\/v2\/media?parent=207210"}],"wp:term":[{"taxonomy":"category","embeddable":true,"href":"https:\/\/www.tgrthaber.com\/mavikadin\/wp-json\/wp\/v2\/categories?post=207210"},{"taxonomy":"post_tag","embeddable":true,"href":"https:\/\/www.tgrthaber.com\/mavikadin\/wp-json\/wp\/v2\/tags?post=207210"}],"curies":[{"name":"wp","href":"https:\/\/api.w.org\/{rel}","templated":true}]}}