{"id":207215,"date":"2025-07-19T09:18:23","date_gmt":"2025-07-19T06:18:23","guid":{"rendered":"https:\/\/www.tgrthaber.com\/mavikadin\/?p=207215"},"modified":"2025-07-19T09:23:14","modified_gmt":"2025-07-19T06:23:14","slug":"can-yamanin-sevgilisi-sara-bluma-soke-eden-goruntuler-paylasti-kanli-yuzu-pes-dedirtti","status":"publish","type":"post","link":"https:\/\/www.tgrthaber.com\/mavikadin\/can-yamanin-sevgilisi-sara-bluma-soke-eden-goruntuler-paylasti-kanli-yuzu-pes-dedirtti\/","title":{"rendered":"Can Yaman&#8217;\u0131n sevgilisi Sara Bluma \u015foke eden g\u00f6r\u00fcnt\u00fcler payla\u015ft\u0131! Kanl\u0131 y\u00fcz\u00fc pes dedirtti"},"content":{"rendered":"<p>Kariyerine yurt d\u0131\u015f\u0131nda devam eden Can Yaman\u2019\u0131n DJ sevgilisi Sara Bluma eski sevgilisinden \u015fiddet g\u00f6rd\u00fc. Y\u00fcz\u00fcn\u00fcn kanl\u0131 halini payla\u015fan Bluma uzun bir a\u00e7\u0131klamada bulundu.<\/p>\n<h3>CAN YAMAN&#8217;IN SEVG\u0130L\u0130S\u0130 SARA BLUMA \u015eOKE EDEN G\u00d6R\u00dcNT\u00dcLER PAYLA\u015eTI<\/h3>\n<p>Bodrum tatilinden sonra \u0130talya\u2019ya d\u00f6nen Can Yaman ile DJ sevgilisi Sara Bluma magazin g\u00fcndeminden d\u00fc\u015fm\u00fcyor. Sara Bluma, sessizli\u011fini bozarak eski sevgilisinin kendisine \u015fiddet uygulad\u0131\u011f\u0131n\u0131 ve \u00e7ocu\u011funu g\u00f6stermedi\u011fini ifade ederek a\u00e7\u0131klamada bulundu.<\/p>\n<p>Can Yaman ile ya\u015fad\u0131\u011f\u0131 a\u015fkla tan\u0131nan Sara Bluma\u2019n\u0131n evli ve 5 ya\u015f\u0131nda bir \u00e7ocuk sahibi oldu\u011fu bilgisi g\u00fcndeme gelmi\u015fti.<\/p>\n<p><img loading=\"lazy\" decoding=\"async\" class=\"alignnone size-full wp-image-207218\" src=\"https:\/\/www.tgrthaber.com\/mavikadin\/wp-content\/uploads\/Can-Yaman-2-1.png\" alt=\"\" width=\"1208\" height=\"680\" title=\"\" srcset=\"https:\/\/www.tgrthaber.com\/mavikadin\/wp-content\/uploads\/Can-Yaman-2-1.png 1208w, https:\/\/www.tgrthaber.com\/mavikadin\/wp-content\/uploads\/Can-Yaman-2-1-300x169.png 300w, https:\/\/www.tgrthaber.com\/mavikadin\/wp-content\/uploads\/Can-Yaman-2-1-1024x576.png 1024w, https:\/\/www.tgrthaber.com\/mavikadin\/wp-content\/uploads\/Can-Yaman-2-1-768x432.png 768w\" sizes=\"(max-width: 1208px) 100vw, 1208px\" \/><\/p>\n<hr \/>\n<p>Sara Bluma, sessizli\u011fini bozarak eski sevgilisinin kendisine \u015fiddet uygulad\u0131\u011f\u0131n\u0131, \u00e7ocu\u011funu g\u00f6stermedi\u011fini belirterek \u015fu a\u00e7\u0131klamay\u0131 yapt\u0131:<\/p>\n<p>\u00c7ok uzun s\u00fcredir susuyorum \u015fimdi ger\u00e7ekleri kendi taraf\u0131mdan konu\u015fma ve durumumu d\u00fczeltme s\u0131ras\u0131 bende. Ben hi\u00e7 yasal olarak evlenmedim. G\u00fczel bebe\u011fimin do\u011fdu\u011fu bir ili\u015fkim vard\u0131 ama \u015fimdiki partnerimle tan\u0131\u015fmadan \u00f6nce ili\u015fkimiz \u00e7oktan bitmi\u015fti.<\/p>\n<p>Bu d\u00fcnyada her \u015feyden \u00e7ok sevdi\u011fim \u00e7ocu\u011fum i\u00e7in babas\u0131yla hep iyi bir ili\u015fki s\u00fcrd\u00fcrmeye \u00e7al\u0131\u015ft\u0131m. Maalesef \u00f6nceki ili\u015fkimde fiziksel ve psikolojik istismar ya\u015fad\u0131m ve bu durumda kalarak daha k\u00f6t\u00fclerini g\u00f6ze al\u0131yorum.<\/p>\n<p><img loading=\"lazy\" decoding=\"async\" class=\"alignnone size-full wp-image-207219\" src=\"https:\/\/www.tgrthaber.com\/mavikadin\/wp-content\/uploads\/Can-Yaman-5-1.png\" alt=\"\" width=\"1208\" height=\"680\" title=\"\" srcset=\"https:\/\/www.tgrthaber.com\/mavikadin\/wp-content\/uploads\/Can-Yaman-5-1.png 1208w, https:\/\/www.tgrthaber.com\/mavikadin\/wp-content\/uploads\/Can-Yaman-5-1-300x169.png 300w, https:\/\/www.tgrthaber.com\/mavikadin\/wp-content\/uploads\/Can-Yaman-5-1-1024x576.png 1024w, https:\/\/www.tgrthaber.com\/mavikadin\/wp-content\/uploads\/Can-Yaman-5-1-768x432.png 768w\" sizes=\"(max-width: 1208px) 100vw, 1208px\" \/><\/p>\n<hr \/>\n<p>Art\u0131k yeni bir hayata ba\u015flad\u0131m, o\u011flumu seviyorum ve sadece hay\u0131rl\u0131s\u0131 olsun diliyorum. O\u011flumuzu g\u00f6rme \u00e7abalar\u0131ma \u015fu anda babas\u0131 engel oluyor ama ben durumla y\u00fczle\u015fmeye karar verdim ve her \u015feyi avukatlar\u0131ma emanet ettim.<\/p>\n<p><img loading=\"lazy\" decoding=\"async\" class=\"alignnone size-full wp-image-207220\" src=\"https:\/\/www.tgrthaber.com\/mavikadin\/wp-content\/uploads\/Can-Yaman-3.png\" alt=\"\" width=\"1208\" height=\"680\" title=\"\" srcset=\"https:\/\/www.tgrthaber.com\/mavikadin\/wp-content\/uploads\/Can-Yaman-3.png 1208w, https:\/\/www.tgrthaber.com\/mavikadin\/wp-content\/uploads\/Can-Yaman-3-300x169.png 300w, https:\/\/www.tgrthaber.com\/mavikadin\/wp-content\/uploads\/Can-Yaman-3-1024x576.png 1024w, https:\/\/www.tgrthaber.com\/mavikadin\/wp-content\/uploads\/Can-Yaman-3-768x432.png 768w\" sizes=\"(max-width: 1208px) 100vw, 1208px\" \/><\/p>\n<hr \/>\n<p>A\u015fk\u0131n a\u015fk\u0131 do\u011furur oldu\u011funu vurgulamak istiyorum. Kad\u0131na \u015fiddete ve her t\u00fcrl\u00fc istismara hay\u0131r demenin zaman\u0131 geldi. Biz g\u00fc\u00e7l\u00fcy\u00fcz ve birbirimizi desteklemeliyiz, \u00e7\u00fcnk\u00fc bu d\u00fcnya genellikle insanlar taraf\u0131ndan ve insanlar i\u00e7in in\u015fa edilmi\u015ftir. Bu zor zaman\u0131mda bana destek olan herkese te\u015fekk\u00fcr ederim. Yak\u0131nl\u0131\u011f\u0131n\u0131z benim i\u00e7in \u00e7ok \u015fey ifade ediyor. Sevgiyle, Sara Bluma\u201d<\/p>\n","protected":false},"excerpt":{"rendered":"<p>Oyuncu Can Yaman\u2019\u0131n sevgilisi Sara Bluma sosyal medya hesab\u0131 \u00fczerinden \u015foke eden g\u00f6r\u00fcnt\u00fcler payla\u015ft\u0131. Eski sevgilisiyle ya\u015fad\u0131\u011f\u0131 sorunlar sonucunda \u015fiddet g\u00f6rd\u00fc\u011f\u00fcn\u00fc a\u00e7\u0131klayan Bluma uzun bir a\u00e7\u0131klama notu d\u00fc\u015ft\u00fc.<\/p>\n","protected":false},"author":5,"featured_media":207221,"comment_status":"closed","ping_status":"closed","sticky":false,"template":"","format":"standard","meta":{"rank_math_lock_modified_date":false,"footnotes":""},"categories":[76],"tags":[2980,4940,133,27804],"class_list":["post-207215","post","type-post","status-publish","format-standard","has-post-thumbnail","hentry","category-magazin","tag-can-yaman","tag-italya","tag-magazin","tag-sara-bluma"],"_links":{"self":[{"href":"https:\/\/www.tgrthaber.com\/mavikadin\/wp-json\/wp\/v2\/posts\/207215"}],"collection":[{"href":"https:\/\/www.tgrthaber.com\/mavikadin\/wp-json\/wp\/v2\/posts"}],"about":[{"href":"https:\/\/www.tgrthaber.com\/mavikadin\/wp-json\/wp\/v2\/types\/post"}],"author":[{"embeddable":true,"href":"https:\/\/www.tgrthaber.com\/mavikadin\/wp-json\/wp\/v2\/users\/5"}],"replies":[{"embeddable":true,"href":"https:\/\/www.tgrthaber.com\/mavikadin\/wp-json\/wp\/v2\/comments?post=207215"}],"version-history":[{"count":2,"href":"https:\/\/www.tgrthaber.com\/mavikadin\/wp-json\/wp\/v2\/posts\/207215\/revisions"}],"predecessor-version":[{"id":207223,"href":"https:\/\/www.tgrthaber.com\/mavikadin\/wp-json\/wp\/v2\/posts\/207215\/revisions\/207223"}],"wp:featuredmedia":[{"embeddable":true,"href":"https:\/\/www.tgrthaber.com\/mavikadin\/wp-json\/wp\/v2\/media\/207221"}],"wp:attachment":[{"href":"https:\/\/www.tgrthaber.com\/mavikadin\/wp-json\/wp\/v2\/media?parent=207215"}],"wp:term":[{"taxonomy":"category","embeddable":true,"href":"https:\/\/www.tgrthaber.com\/mavikadin\/wp-json\/wp\/v2\/categories?post=207215"},{"taxonomy":"post_tag","embeddable":true,"href":"https:\/\/www.tgrthaber.com\/mavikadin\/wp-json\/wp\/v2\/tags?post=207215"}],"curies":[{"name":"wp","href":"https:\/\/api.w.org\/{rel}","templated":true}]}}