{"id":207232,"date":"2025-07-19T10:35:55","date_gmt":"2025-07-19T07:35:55","guid":{"rendered":"https:\/\/www.tgrthaber.com\/mavikadin\/?p=207232"},"modified":"2025-07-19T10:35:55","modified_gmt":"2025-07-19T07:35:55","slug":"masterchef-2025-ana-kadroya-7-yarismaci-girdi-ana-kadroda-kimler-var","status":"publish","type":"post","link":"https:\/\/www.tgrthaber.com\/mavikadin\/masterchef-2025-ana-kadroya-7-yarismaci-girdi-ana-kadroda-kimler-var\/","title":{"rendered":"Masterchef 2025 ana kadroya 7 yar\u0131\u015fmac\u0131 girdi! Ana kadroda kimler var?"},"content":{"rendered":"<p>MasterChef T\u00fcrkiye\u2019de b\u00fcy\u00fck heyecan devam ediyor! 18 Temmuz 2025 Cuma ak\u015fam\u0131 yay\u0131mlanan yeni b\u00f6l\u00fcmde yar\u0131\u015fmac\u0131lar t\u00fcm h\u00fcnerlerini sergiledi. Mehmet Yal\u00e7\u0131nkaya, Somer Sivrio\u011flu ve Danilo Zanna\u2019n\u0131n de\u011ferlendirmesiyle, yar\u0131\u015fman\u0131n ana kadrosuna giren 7. isim belli oldu. Heyecan doruktayd\u0131, karar an\u0131nda ise st\u00fcdyoda nefesler tutuldu. Yar\u0131\u015fmay\u0131 ka\u00e7\u0131ran izleyiciler ise \u201cMasterChef\u2019te kim ana kadroya girdi?\u201d sorusunun cevab\u0131n\u0131 ara\u015ft\u0131rmaya ba\u015flad\u0131. \u0130\u015fte 18 Temmuz 2025 ak\u015fam\u0131 ya\u015fanan geli\u015fmeler ve merak edilen o isim\u2026<\/p>\n<h3>MASTERCHEF\u2019TE ANA KADROYA G\u0130REN 7. YARI\u015eMACI AYLA<\/h3>\n<p>B\u00fcy\u00fck final yolculu\u011funa bir ad\u0131m daha yakla\u015f\u0131ld\u0131. 18 Temmuz Cuma g\u00fcn\u00fc yay\u0131nlanan b\u00f6l\u00fcmde \u015fefler, yar\u0131\u015fmac\u0131lar\u0131n haz\u0131rlad\u0131\u011f\u0131 tabaklar\u0131n tad\u0131m\u0131n\u0131 yapt\u0131 ve sonunda ana kadroya giren 7. yar\u0131\u015fmac\u0131y\u0131 a\u00e7\u0131klad\u0131. Ayla Canpunar, MasterChef T\u00fcrkiye 2025\u2019in ana kadrosuna giren yedinci yar\u0131\u015fmac\u0131 oldu.<\/p>\n<p><img loading=\"lazy\" decoding=\"async\" class=\"alignnone size-full wp-image-207245\" src=\"https:\/\/www.tgrthaber.com\/mavikadin\/wp-content\/uploads\/6-357.png\" alt=\"\" width=\"1208\" height=\"680\" title=\"\" srcset=\"https:\/\/www.tgrthaber.com\/mavikadin\/wp-content\/uploads\/6-357.png 1208w, https:\/\/www.tgrthaber.com\/mavikadin\/wp-content\/uploads\/6-357-300x169.png 300w, https:\/\/www.tgrthaber.com\/mavikadin\/wp-content\/uploads\/6-357-1024x576.png 1024w, https:\/\/www.tgrthaber.com\/mavikadin\/wp-content\/uploads\/6-357-768x432.png 768w\" sizes=\"(max-width: 1208px) 100vw, 1208px\" \/><\/p>\n<hr \/>\n<hr \/>\n<h3>AYLA CANPUNAR K\u0130MD\u0130R? MASTERCHEF\u2019\u0130N \u0130DD\u0130ALI YARI\u015eMACISI<\/h3>\n<p>25 ya\u015f\u0131ndaki Ayla Canpunar, yar\u0131\u015fmaya \u0130sve\u00e7\u2019ten kat\u0131ld\u0131. Daha \u00f6nce MasterChef \u0130sve\u00e7\u2019te finale kadar y\u00fckselmi\u015f ve ikinci olmu\u015ftu. Yar\u0131\u015fmaya T\u00fcrkiye\u2019de devam etme karar\u0131yla dikkatleri \u00fczerine \u00e7eken Ayla, \u201cYar\u0131m kalm\u0131\u015f hayalimi T\u00fcrkiye\u2019de ger\u00e7ekle\u015ftirmek i\u00e7in geldim\u201d s\u00f6zleriyle ekrana damga vurdu.<\/p>\n<h3><img loading=\"lazy\" decoding=\"async\" class=\"alignnone size-full wp-image-207242\" src=\"https:\/\/www.tgrthaber.com\/mavikadin\/wp-content\/uploads\/3-1535.png\" alt=\"\" width=\"1208\" height=\"680\" title=\"\" srcset=\"https:\/\/www.tgrthaber.com\/mavikadin\/wp-content\/uploads\/3-1535.png 1208w, https:\/\/www.tgrthaber.com\/mavikadin\/wp-content\/uploads\/3-1535-300x169.png 300w, https:\/\/www.tgrthaber.com\/mavikadin\/wp-content\/uploads\/3-1535-1024x576.png 1024w, https:\/\/www.tgrthaber.com\/mavikadin\/wp-content\/uploads\/3-1535-768x432.png 768w\" sizes=\"(max-width: 1208px) 100vw, 1208px\" \/><\/h3>\n<hr \/>\n<p>Aslen Ankaral\u0131 olan Ayla, dokuz ya\u015f\u0131ndan beri mutfakla i\u00e7 i\u00e7e oldu\u011funu belirtiyor. Yemek yapmay\u0131 bir sanat olarak g\u00f6ren yar\u0131\u015fmac\u0131, \u201cMutfak benim i\u00e7in g\u00fcvenli bir alan\u201d diyerek bu alandaki tutkusunu a\u00e7\u0131k\u00e7a dile getiriyor.<\/p>\n<p>Ayr\u0131ca Ayla\u2019n\u0131n ge\u00e7mi\u015fte bir gazete sayfas\u0131nda yemek program\u0131 sundu\u011fu da biliniyor. Hem tecr\u00fcbesi hem vizyonu hem de \u00fcretken sunumlar\u0131yla Ayla, MasterChef 2025 sezonunun en dikkat \u00e7eken isimlerinden biri olaca\u011fa benziyor.<\/p>\n<p><img loading=\"lazy\" decoding=\"async\" class=\"alignnone size-full wp-image-207243\" src=\"https:\/\/www.tgrthaber.com\/mavikadin\/wp-content\/uploads\/4-1277.png\" alt=\"\" width=\"1208\" height=\"680\" title=\"\" srcset=\"https:\/\/www.tgrthaber.com\/mavikadin\/wp-content\/uploads\/4-1277.png 1208w, https:\/\/www.tgrthaber.com\/mavikadin\/wp-content\/uploads\/4-1277-300x169.png 300w, https:\/\/www.tgrthaber.com\/mavikadin\/wp-content\/uploads\/4-1277-1024x576.png 1024w, https:\/\/www.tgrthaber.com\/mavikadin\/wp-content\/uploads\/4-1277-768x432.png 768w\" sizes=\"(max-width: 1208px) 100vw, 1208px\" \/><\/p>\n<hr \/>\n<h3>ANA KADRODAK\u0130 \u0130LK 7 YARI\u015eMACI K\u0130MLER OLDU?<\/h3>\n<p>MasterChef\u2019te her b\u00f6l\u00fcm sonunda kadro \u015fekillenmeye devam ediyor. \u015eu ana kadar ana kadroya kat\u0131lmaya hak kazanan yar\u0131\u015fmac\u0131lar \u015funlar:<\/p>\n<p>Furkan<\/p>\n<p>Eyl\u00fcl<\/p>\n<p>\u00c7a\u011fatay<\/p>\n<p>Onur<\/p>\n<p>Hilal<\/p>\n<p>Sercan<\/p>\n<p>Ayla<\/p>\n<p><img loading=\"lazy\" decoding=\"async\" class=\"alignnone size-full wp-image-207244\" src=\"https:\/\/www.tgrthaber.com\/mavikadin\/wp-content\/uploads\/5-827.png\" alt=\"\" width=\"1208\" height=\"680\" title=\"\" srcset=\"https:\/\/www.tgrthaber.com\/mavikadin\/wp-content\/uploads\/5-827.png 1208w, https:\/\/www.tgrthaber.com\/mavikadin\/wp-content\/uploads\/5-827-300x169.png 300w, https:\/\/www.tgrthaber.com\/mavikadin\/wp-content\/uploads\/5-827-1024x576.png 1024w, https:\/\/www.tgrthaber.com\/mavikadin\/wp-content\/uploads\/5-827-768x432.png 768w\" sizes=\"(max-width: 1208px) 100vw, 1208px\" \/><\/p>\n<hr \/>\n<h3>MASTERCHEF\u2019TE HEYECAN DEVAM ED\u0130YOR<\/h3>\n<p>TV8 ekranlar\u0131nda yay\u0131nlanan MasterChef T\u00fcrkiye, bu sezon da izleyicileri ekran ba\u015f\u0131na kilitlemeyi s\u00fcrd\u00fcr\u00fcyor. \u015eeflerin titiz de\u011ferlendirmeleri, yar\u0131\u015fmac\u0131lar\u0131n yarat\u0131c\u0131l\u0131\u011f\u0131 ve rekabet dolu anlar, yeni b\u00f6l\u00fcmlerde de h\u0131z kesmeden devam edecek.<\/p>\n","protected":false},"excerpt":{"rendered":"<p>MasterChef T\u00fcrkiye\u2019de rekabet her ge\u00e7en g\u00fcn k\u0131z\u0131\u015f\u0131yor. 18 Temmuz 2025 ak\u015fam\u0131 ekranlara gelen yeni b\u00f6l\u00fcmde, yar\u0131\u015fmac\u0131lar ana kadroya girebilmek i\u00e7in h\u00fcnerlerini sergiledi. <\/p>\n","protected":false},"author":28,"featured_media":207241,"comment_status":"closed","ping_status":"closed","sticky":false,"template":"","format":"standard","meta":{"rank_math_lock_modified_date":true,"footnotes":""},"categories":[76],"tags":[2218,1120,3242,28711],"class_list":["post-207232","post","type-post","status-publish","format-standard","has-post-thumbnail","hentry","category-magazin","tag-magazin-haberleri","tag-masterchef","tag-masterchef-2025","tag-masterchef-kadroya-girenler"],"_links":{"self":[{"href":"https:\/\/www.tgrthaber.com\/mavikadin\/wp-json\/wp\/v2\/posts\/207232"}],"collection":[{"href":"https:\/\/www.tgrthaber.com\/mavikadin\/wp-json\/wp\/v2\/posts"}],"about":[{"href":"https:\/\/www.tgrthaber.com\/mavikadin\/wp-json\/wp\/v2\/types\/post"}],"author":[{"embeddable":true,"href":"https:\/\/www.tgrthaber.com\/mavikadin\/wp-json\/wp\/v2\/users\/28"}],"replies":[{"embeddable":true,"href":"https:\/\/www.tgrthaber.com\/mavikadin\/wp-json\/wp\/v2\/comments?post=207232"}],"version-history":[{"count":3,"href":"https:\/\/www.tgrthaber.com\/mavikadin\/wp-json\/wp\/v2\/posts\/207232\/revisions"}],"predecessor-version":[{"id":207248,"href":"https:\/\/www.tgrthaber.com\/mavikadin\/wp-json\/wp\/v2\/posts\/207232\/revisions\/207248"}],"wp:featuredmedia":[{"embeddable":true,"href":"https:\/\/www.tgrthaber.com\/mavikadin\/wp-json\/wp\/v2\/media\/207241"}],"wp:attachment":[{"href":"https:\/\/www.tgrthaber.com\/mavikadin\/wp-json\/wp\/v2\/media?parent=207232"}],"wp:term":[{"taxonomy":"category","embeddable":true,"href":"https:\/\/www.tgrthaber.com\/mavikadin\/wp-json\/wp\/v2\/categories?post=207232"},{"taxonomy":"post_tag","embeddable":true,"href":"https:\/\/www.tgrthaber.com\/mavikadin\/wp-json\/wp\/v2\/tags?post=207232"}],"curies":[{"name":"wp","href":"https:\/\/api.w.org\/{rel}","templated":true}]}}