{"id":207250,"date":"2025-07-19T10:49:31","date_gmt":"2025-07-19T07:49:31","guid":{"rendered":"https:\/\/www.tgrthaber.com\/mavikadin\/?p=207250"},"modified":"2025-07-19T10:49:31","modified_gmt":"2025-07-19T07:49:31","slug":"aleyna-tilki-tomorrowlandde-sarki-soyledi-paylasimi-gundem-oldu","status":"publish","type":"post","link":"https:\/\/www.tgrthaber.com\/mavikadin\/aleyna-tilki-tomorrowlandde-sarki-soyledi-paylasimi-gundem-oldu\/","title":{"rendered":"Aleyna Tilki Tomorrowland&#8217;de \u015fark\u0131 s\u00f6yledi! Payla\u015f\u0131m\u0131 g\u00fcndem oldu"},"content":{"rendered":"<p>Aleyna Tilki Tomorrowland&#8217;de sahne ald\u0131. Payla\u015f\u0131mlar\u0131yla g\u00fcndemden d\u00fc\u015fmeyen Tilki, son olarak Avrupa&#8217;n\u0131n en b\u00fcy\u00fck m\u00fczik etkinliklerinden olan Tomorrowland&#8217;de \u015fark\u0131 s\u00f6yledi.<\/p>\n<h3>ALEYNA T\u0130LK\u0130 TOMORROWLAND&#8217;DE \u015eARKI S\u00d6YLED\u0130<\/h3>\n<p>&#8220;Nas\u0131ls\u0131n A\u015fkta?&#8221;, &#8220;Sen Olsan Bari&#8221;, &#8221; Dipsiz Kuyum&#8221; ve &#8220;Cevaps\u0131z \u00c7\u0131nlama&#8221; gibi \u015fark\u0131larla ad\u0131ndan s\u00f6z ettiren Tilki yapt\u0131\u011f\u0131 a\u00e7\u0131klamalar\u0131yla ve payla\u015f\u0131mlar\u0131yla g\u00fcndemden d\u00fc\u015fm\u00fcyor.<\/p>\n<p>Gen\u00e7 \u015fark\u0131c\u0131, bu kez Tomorrowland s\u00fcrpriziyle hayranlar\u0131n\u0131 \u015fa\u015f\u0131rtmay\u0131 ba\u015fard\u0131. Sahnede DJ Dillon Francis\u2019in setine konuk olan Tilki &#8220;Real Love&#8221; \u015fark\u0131s\u0131n\u0131 s\u00f6yledi. 25 ya\u015f\u0131ndaki Tilki, kat\u0131ld\u0131\u011f\u0131 festivalle ilgili sosyal medya hesab\u0131ndan payla\u015f\u0131m yapt\u0131.<\/p>\n<p>Aleyna Tilki ilk olarak DJ Dillon\u2019a te\u015fekk\u00fcr etti. Francis&#8217;e te\u015fekk\u00fcr eden Tilki, &#8220;Sahnenizi beniimle payla\u015ft\u0131\u011f\u0131n\u0131z i\u00e7in te\u015fekk\u00fcrler&#8221; ifadelerini kulland\u0131.<\/p>\n<p><img loading=\"lazy\" decoding=\"async\" class=\"alignnone size-full wp-image-207251\" src=\"https:\/\/www.tgrthaber.com\/mavikadin\/wp-content\/uploads\/Aleyna-Tilki-2-2.png\" alt=\"\" width=\"1208\" height=\"680\" title=\"\" srcset=\"https:\/\/www.tgrthaber.com\/mavikadin\/wp-content\/uploads\/Aleyna-Tilki-2-2.png 1208w, https:\/\/www.tgrthaber.com\/mavikadin\/wp-content\/uploads\/Aleyna-Tilki-2-2-300x169.png 300w, https:\/\/www.tgrthaber.com\/mavikadin\/wp-content\/uploads\/Aleyna-Tilki-2-2-1024x576.png 1024w, https:\/\/www.tgrthaber.com\/mavikadin\/wp-content\/uploads\/Aleyna-Tilki-2-2-768x432.png 768w\" sizes=\"(max-width: 1208px) 100vw, 1208px\" \/><\/p>\n<hr \/>\n<h3>&#8220;ASIN BAYRAKLARI&#8221;<\/h3>\n<p>Festivalde sahne ald\u0131\u011f\u0131n\u0131 duyuran Aleyna Tilki \u015fark\u0131 s\u00f6yledi\u011fi anlar\u0131 yay\u0131nlayarak &#8220;Anne ben Tomorrowland&#8217;e \u00e7\u0131kt\u0131m! As\u0131n bayraklar\u0131 &#8221; notunu d\u00fc\u015ft\u00fc.<\/p>\n<h3>A\u00c7ILI\u015eA G\u00dcNLER KALA SAHNEDE YANGIN \u00c7IKMI\u015eTI<\/h3>\n<p>Di\u011fer yandan festivalde a\u00e7\u0131l\u0131\u015fa g\u00fcnler kala yang\u0131n \u00e7\u0131km\u0131\u015ft\u0131. Zarar g\u00f6ren festivalin ana sahnesi kullan\u0131lamaz hale gelmi\u015fti. Ancak yine de planlanan g\u00fcn a\u00e7\u0131ld\u0131.<\/p>\n<p><img loading=\"lazy\" decoding=\"async\" class=\"alignnone size-full wp-image-207252\" src=\"https:\/\/www.tgrthaber.com\/mavikadin\/wp-content\/uploads\/Aleyna-Tilki-4.png\" alt=\"\" width=\"1208\" height=\"680\" title=\"\" srcset=\"https:\/\/www.tgrthaber.com\/mavikadin\/wp-content\/uploads\/Aleyna-Tilki-4.png 1208w, https:\/\/www.tgrthaber.com\/mavikadin\/wp-content\/uploads\/Aleyna-Tilki-4-300x169.png 300w, https:\/\/www.tgrthaber.com\/mavikadin\/wp-content\/uploads\/Aleyna-Tilki-4-1024x576.png 1024w, https:\/\/www.tgrthaber.com\/mavikadin\/wp-content\/uploads\/Aleyna-Tilki-4-768x432.png 768w\" sizes=\"(max-width: 1208px) 100vw, 1208px\" \/><\/p>\n<hr \/>\n<p>Bu sene 18-20 Temmuz ve 25-27 Temmuz tarihlerinde yap\u0131lacak festivalin ana sahnesinde \u00e7\u0131kan yang\u0131n b\u00fcy\u00fck pani\u011fe neden olmu\u015ftu.<\/p>\n<p>Yang\u0131ndan kaynakl\u0131 yo\u011fun duman nedeniyle Bel\u00e7ika makamlar\u0131, b\u00f6lge sakinlerine pencereleri ve kap\u0131lar\u0131 kapal\u0131 tutmalar\u0131 \u00f6nerisinde bulunmu\u015ftu.<\/p>\n<p>Festival komitesi, festival alan\u0131n\u0131n planland\u0131\u011f\u0131 \u015fekilde yar\u0131n a\u00e7\u0131laca\u011f\u0131na dair duyuru payla\u015ft\u0131. Tomorrowland ana sahnesinin yang\u0131n nedeniyle ciddi \u015fekilde hasar g\u00f6rd\u00fc\u011f\u00fcne i\u015faret edilen duyuruda, yang\u0131nda kimsenin yaralanmad\u0131\u011f\u0131 \u00f6\u011frenildi.<\/p>\n<p><img loading=\"lazy\" decoding=\"async\" class=\"alignnone size-full wp-image-207253\" src=\"https:\/\/www.tgrthaber.com\/mavikadin\/wp-content\/uploads\/Aleyna-Tilki-1-2.png\" alt=\"\" width=\"1208\" height=\"680\" title=\"\" srcset=\"https:\/\/www.tgrthaber.com\/mavikadin\/wp-content\/uploads\/Aleyna-Tilki-1-2.png 1208w, https:\/\/www.tgrthaber.com\/mavikadin\/wp-content\/uploads\/Aleyna-Tilki-1-2-300x169.png 300w, https:\/\/www.tgrthaber.com\/mavikadin\/wp-content\/uploads\/Aleyna-Tilki-1-2-1024x576.png 1024w, https:\/\/www.tgrthaber.com\/mavikadin\/wp-content\/uploads\/Aleyna-Tilki-1-2-768x432.png 768w\" sizes=\"(max-width: 1208px) 100vw, 1208px\" \/><\/p>\n<hr \/>\n<p>Duyuruda ayr\u0131ca program\u0131n d\u00fczenlenece\u011fi alan\u0131n 17 Temmuz&#8217;da ziyarete a\u00e7\u0131laca\u011f\u0131 belirtilerek, festivalin yap\u0131laca\u011f\u0131 hafta sonu i\u00e7in de \u00e7\u00f6z\u00fcmler \u00fcretilece\u011fi a\u00e7\u0131kland\u0131.<\/p>\n<p>Tomorrowland&#8217;in ana sahne dekoru her y\u0131l belirlenen yeni tema do\u011frultusunda \u00f6zel olarak yap\u0131l\u0131yor. 400 bin ki\u015finin kat\u0131ld\u0131\u011f\u0131 festivalin kapan\u0131\u015f g\u00f6sterisinde havai fi\u015fek g\u00f6sterisi de yap\u0131l\u0131yor. Yang\u0131n \u00f6ncesinde festival kurulumunda 1000&#8217;e yak\u0131n i\u015f\u00e7i \u00e7al\u0131\u015f\u0131yordu.<\/p>\n","protected":false},"excerpt":{"rendered":"<p>\u015eark\u0131c\u0131 Aleyna Tilki Avrupa&#8217;n\u0131n en b\u00fcy\u00fck m\u00fczik etkinliklerinden olan Tomorrowland&#8217;de \u015fark\u0131 s\u00f6yledi. Sosyal medya payla\u015f\u0131m\u0131yla g\u00fcndem olan Tilki\u2019ye yorum ya\u011fd\u0131.<\/p>\n","protected":false},"author":5,"featured_media":207254,"comment_status":"closed","ping_status":"closed","sticky":false,"template":"","format":"standard","meta":{"rank_math_lock_modified_date":false,"footnotes":""},"categories":[76],"tags":[3552,133,28468],"class_list":["post-207250","post","type-post","status-publish","format-standard","has-post-thumbnail","hentry","category-magazin","tag-aleyna-tilki","tag-magazin","tag-tomorrowland"],"_links":{"self":[{"href":"https:\/\/www.tgrthaber.com\/mavikadin\/wp-json\/wp\/v2\/posts\/207250"}],"collection":[{"href":"https:\/\/www.tgrthaber.com\/mavikadin\/wp-json\/wp\/v2\/posts"}],"about":[{"href":"https:\/\/www.tgrthaber.com\/mavikadin\/wp-json\/wp\/v2\/types\/post"}],"author":[{"embeddable":true,"href":"https:\/\/www.tgrthaber.com\/mavikadin\/wp-json\/wp\/v2\/users\/5"}],"replies":[{"embeddable":true,"href":"https:\/\/www.tgrthaber.com\/mavikadin\/wp-json\/wp\/v2\/comments?post=207250"}],"version-history":[{"count":1,"href":"https:\/\/www.tgrthaber.com\/mavikadin\/wp-json\/wp\/v2\/posts\/207250\/revisions"}],"predecessor-version":[{"id":207255,"href":"https:\/\/www.tgrthaber.com\/mavikadin\/wp-json\/wp\/v2\/posts\/207250\/revisions\/207255"}],"wp:featuredmedia":[{"embeddable":true,"href":"https:\/\/www.tgrthaber.com\/mavikadin\/wp-json\/wp\/v2\/media\/207254"}],"wp:attachment":[{"href":"https:\/\/www.tgrthaber.com\/mavikadin\/wp-json\/wp\/v2\/media?parent=207250"}],"wp:term":[{"taxonomy":"category","embeddable":true,"href":"https:\/\/www.tgrthaber.com\/mavikadin\/wp-json\/wp\/v2\/categories?post=207250"},{"taxonomy":"post_tag","embeddable":true,"href":"https:\/\/www.tgrthaber.com\/mavikadin\/wp-json\/wp\/v2\/tags?post=207250"}],"curies":[{"name":"wp","href":"https:\/\/api.w.org\/{rel}","templated":true}]}}