{"id":207270,"date":"2025-07-19T12:12:11","date_gmt":"2025-07-19T09:12:11","guid":{"rendered":"https:\/\/www.tgrthaber.com\/mavikadin\/?p=207270"},"modified":"2025-07-19T12:12:11","modified_gmt":"2025-07-19T09:12:11","slug":"coldplay-konserinde-esini-aldatan-andy-byron-ve-kristin-cabot-isten-kovuldu","status":"publish","type":"post","link":"https:\/\/www.tgrthaber.com\/mavikadin\/coldplay-konserinde-esini-aldatan-andy-byron-ve-kristin-cabot-isten-kovuldu\/","title":{"rendered":"Coldplay konserinde e\u015fini aldatan Andy Byron ve Kristin Cabot i\u015ften kovuldu!"},"content":{"rendered":"<p>ABD merkezli veri y\u00f6netimi \u015firketi Astronomer\u2019da g\u00f6rev yapan CEO Andy Byron ve \u0130nsan Kaynaklar\u0131 Sorumlusu Kristin Cabot, Coldplay konserinde ya\u015fanan olaylar\u0131n ard\u0131ndan \u015firketten kovuldu. \u015eirketin resmi a\u00e7\u0131klamas\u0131na g\u00f6re, her iki ismin i\u015ften \u00e7\u0131kar\u0131lma nedeni \u015firket politikalar\u0131n\u0131n ihlali oldu. \u0130\u015fte detaylar&#8230;<\/p>\n<h3>OLAY NASIL ORTAYA \u00c7IKTI?<\/h3>\n<p>Andy Byron ve Kristin Cabot, birka\u00e7 g\u00fcn \u00f6nce ABD\u2019de d\u00fczenlenen bir Coldplay konserine birlikte kat\u0131ld\u0131. Konsere \u00e7ift olarak kat\u0131lan y\u00f6neticilerin, etkinlik s\u0131ras\u0131nda e\u015flerini aldatmalar\u0131 k\u0131sa s\u00fcrede sosyal medyada yay\u0131ld\u0131. Olay, y\u00f6neticilerin e\u015fleri taraf\u0131ndan fark edilince, hem ki\u015fisel ya\u015famlar\u0131nda hem de \u015firket i\u00e7inde ciddi sonu\u00e7lar do\u011furdu.<\/p>\n<p><img loading=\"lazy\" decoding=\"async\" class=\"alignnone size-full wp-image-207286\" src=\"https:\/\/www.tgrthaber.com\/mavikadin\/wp-content\/uploads\/1-1499.png\" alt=\"\" width=\"1208\" height=\"680\" title=\"\" srcset=\"https:\/\/www.tgrthaber.com\/mavikadin\/wp-content\/uploads\/1-1499.png 1208w, https:\/\/www.tgrthaber.com\/mavikadin\/wp-content\/uploads\/1-1499-300x169.png 300w, https:\/\/www.tgrthaber.com\/mavikadin\/wp-content\/uploads\/1-1499-1024x576.png 1024w, https:\/\/www.tgrthaber.com\/mavikadin\/wp-content\/uploads\/1-1499-768x432.png 768w\" sizes=\"(max-width: 1208px) 100vw, 1208px\" \/><\/p>\n<hr \/>\n<h3>ASTRONOMER ANDY BYRON VE KRISTIN CABOT \u0130\u00c7\u0130N HAREKETE GE\u00c7T\u0130<\/h3>\n<p>Olay\u0131n duyulmas\u0131n\u0131n ard\u0131ndan, Astronomer y\u00f6netimi h\u0131zla i\u00e7 soru\u015fturma ba\u015flatt\u0131. Soru\u015fturma sonucunda Byron ve Cabot\u2019un \u015firketin etik kurallar\u0131n\u0131 ihlal ettikleri ve profesyonel sorumluluklar\u0131n\u0131 yerine getirmede ciddi zafiyet g\u00f6sterdikleri belirtildi. \u015eirketten yap\u0131lan resmi a\u00e7\u0131klamada, \u201cAstronomer olarak \u00e7al\u0131\u015fma ortam\u0131m\u0131zda etik de\u011ferlere ve kar\u015f\u0131l\u0131kl\u0131 sayg\u0131ya b\u00fcy\u00fck \u00f6nem veriyoruz. Bu standartlara uymayan davran\u0131\u015flara kar\u015f\u0131 gereken ad\u0131mlar kararl\u0131l\u0131kla at\u0131lacakt\u0131r,\u201d denildi.<\/p>\n<p><img loading=\"lazy\" decoding=\"async\" class=\"alignnone size-full wp-image-207288\" src=\"https:\/\/www.tgrthaber.com\/mavikadin\/wp-content\/uploads\/3-1537.png\" alt=\"\" width=\"1208\" height=\"680\" title=\"\" srcset=\"https:\/\/www.tgrthaber.com\/mavikadin\/wp-content\/uploads\/3-1537.png 1208w, https:\/\/www.tgrthaber.com\/mavikadin\/wp-content\/uploads\/3-1537-300x169.png 300w, https:\/\/www.tgrthaber.com\/mavikadin\/wp-content\/uploads\/3-1537-1024x576.png 1024w, https:\/\/www.tgrthaber.com\/mavikadin\/wp-content\/uploads\/3-1537-768x432.png 768w\" sizes=\"(max-width: 1208px) 100vw, 1208px\" \/><\/p>\n<hr \/>\n<h3>SOSYAL MEDYADA G\u00dcNDEM OLDU<\/h3>\n<p>Olay\u0131n sosyal medyada yay\u0131lmas\u0131yla birlikte medyadan gelen tepkiler de art\u0131\u015f g\u00f6sterdi. Pek \u00e7ok kullan\u0131c\u0131, bu tarz \u00f6zel davran\u0131\u015flar\u0131n profesyonel hayattaki g\u00fcven ili\u015fkilerini de zedeledi\u011fini belirtti. \u00d6zellikle \u0130nsan Kaynaklar\u0131 gibi hassas bir pozisyonda yer alan bir y\u00f6neticinin b\u00f6yle bir olayla an\u0131lmas\u0131, \u015firketin g\u00fcvenilirli\u011fini sorgulayan yorumlara yol a\u00e7t\u0131.<\/p>\n<p><img loading=\"lazy\" decoding=\"async\" class=\"alignnone size-full wp-image-207287\" src=\"https:\/\/www.tgrthaber.com\/mavikadin\/wp-content\/uploads\/2-1567.png\" alt=\"\" width=\"1208\" height=\"680\" title=\"\" srcset=\"https:\/\/www.tgrthaber.com\/mavikadin\/wp-content\/uploads\/2-1567.png 1208w, https:\/\/www.tgrthaber.com\/mavikadin\/wp-content\/uploads\/2-1567-300x169.png 300w, https:\/\/www.tgrthaber.com\/mavikadin\/wp-content\/uploads\/2-1567-1024x576.png 1024w, https:\/\/www.tgrthaber.com\/mavikadin\/wp-content\/uploads\/2-1567-768x432.png 768w\" sizes=\"(max-width: 1208px) 100vw, 1208px\" \/><\/p>\n<hr \/>\n<h3>\u015e\u0130RKET POL\u0130T\u0130KALARI \u0130HLAL ED\u0130LD\u0130<\/h3>\n<p>Astronomer\u2019\u0131n \u015firket i\u00e7i politikalar\u0131, y\u00f6neticilerin \u00f6zel ya\u015famlar\u0131n\u0131n \u015firketteki g\u00fcven ili\u015fkilerine zarar vermemesi gerekti\u011fini vurguluyor. Edinilen bilgilere g\u00f6re, Byron ve Cabot\u2019un davran\u0131\u015flar\u0131 bu politikalarla a\u00e7\u0131k\u00e7a \u00e7eli\u015fti\u011fi i\u00e7in i\u015f akitleri sonland\u0131r\u0131ld\u0131.<\/p>\n<p><img loading=\"lazy\" decoding=\"async\" class=\"alignnone size-full wp-image-207290\" src=\"https:\/\/www.tgrthaber.com\/mavikadin\/wp-content\/uploads\/5-829.png\" alt=\"\" width=\"1208\" height=\"680\" title=\"\" srcset=\"https:\/\/www.tgrthaber.com\/mavikadin\/wp-content\/uploads\/5-829.png 1208w, https:\/\/www.tgrthaber.com\/mavikadin\/wp-content\/uploads\/5-829-300x169.png 300w, https:\/\/www.tgrthaber.com\/mavikadin\/wp-content\/uploads\/5-829-1024x576.png 1024w, https:\/\/www.tgrthaber.com\/mavikadin\/wp-content\/uploads\/5-829-768x432.png 768w\" sizes=\"(max-width: 1208px) 100vw, 1208px\" \/><\/p>\n<hr \/>\n<h3>\u0130\u015eTEN KOVULMA S\u00dcREC\u0130 RESM\u0130LE\u015eT\u0130<\/h3>\n<p>Her iki ismin de i\u015ften \u00e7\u0131kar\u0131lma s\u00fcreci resmi olarak tamamland\u0131. \u015eirket, bu s\u00fcrecin t\u00fcm yasal prosed\u00fcrlere uygun \u015fekilde y\u00fcr\u00fct\u00fcld\u00fc\u011f\u00fcn\u00fc ve kamuoyuyla daha fazla detay payla\u015f\u0131lmayaca\u011f\u0131n\u0131 belirtti.<\/p>\n","protected":false},"excerpt":{"rendered":"<p>Teknoloji \u015firketi Astronomer\u2019da ya\u015fanan olay g\u00fcndeme oturdu. CEO Andy Byron ve \u0130nsan Kaynaklar\u0131 M\u00fcd\u00fcr\u00fc Kristin Cabot\u2019un Coldplay konserinde e\u015flerini aldatt\u0131klar\u0131 ortaya \u00e7\u0131kt\u0131. Yap\u0131lan a\u00e7\u0131klamaya g\u00f6re ikili i\u015ften kovuldu.<\/p>\n","protected":false},"author":28,"featured_media":207289,"comment_status":"closed","ping_status":"closed","sticky":false,"template":"","format":"standard","meta":{"rank_math_lock_modified_date":true,"footnotes":""},"categories":[76],"tags":[28597,28721,28722,28615,2218],"class_list":["post-207270","post","type-post","status-publish","format-standard","has-post-thumbnail","hentry","category-magazin","tag-andy-byron","tag-coldplay","tag-coldplay-konseri","tag-kristin-cabot","tag-magazin-haberleri"],"_links":{"self":[{"href":"https:\/\/www.tgrthaber.com\/mavikadin\/wp-json\/wp\/v2\/posts\/207270"}],"collection":[{"href":"https:\/\/www.tgrthaber.com\/mavikadin\/wp-json\/wp\/v2\/posts"}],"about":[{"href":"https:\/\/www.tgrthaber.com\/mavikadin\/wp-json\/wp\/v2\/types\/post"}],"author":[{"embeddable":true,"href":"https:\/\/www.tgrthaber.com\/mavikadin\/wp-json\/wp\/v2\/users\/28"}],"replies":[{"embeddable":true,"href":"https:\/\/www.tgrthaber.com\/mavikadin\/wp-json\/wp\/v2\/comments?post=207270"}],"version-history":[{"count":2,"href":"https:\/\/www.tgrthaber.com\/mavikadin\/wp-json\/wp\/v2\/posts\/207270\/revisions"}],"predecessor-version":[{"id":207292,"href":"https:\/\/www.tgrthaber.com\/mavikadin\/wp-json\/wp\/v2\/posts\/207270\/revisions\/207292"}],"wp:featuredmedia":[{"embeddable":true,"href":"https:\/\/www.tgrthaber.com\/mavikadin\/wp-json\/wp\/v2\/media\/207289"}],"wp:attachment":[{"href":"https:\/\/www.tgrthaber.com\/mavikadin\/wp-json\/wp\/v2\/media?parent=207270"}],"wp:term":[{"taxonomy":"category","embeddable":true,"href":"https:\/\/www.tgrthaber.com\/mavikadin\/wp-json\/wp\/v2\/categories?post=207270"},{"taxonomy":"post_tag","embeddable":true,"href":"https:\/\/www.tgrthaber.com\/mavikadin\/wp-json\/wp\/v2\/tags?post=207270"}],"curies":[{"name":"wp","href":"https:\/\/api.w.org\/{rel}","templated":true}]}}