{"id":207293,"date":"2025-07-19T12:48:37","date_gmt":"2025-07-19T09:48:37","guid":{"rendered":"https:\/\/www.tgrthaber.com\/mavikadin\/?p=207293"},"modified":"2025-07-19T12:48:37","modified_gmt":"2025-07-19T09:48:37","slug":"kadir-ezildi-ve-gamze-turkmenin-ilk-kavgasi-valiz-uzerine-basladi","status":"publish","type":"post","link":"https:\/\/www.tgrthaber.com\/mavikadin\/kadir-ezildi-ve-gamze-turkmenin-ilk-kavgasi-valiz-uzerine-basladi\/","title":{"rendered":"Kadir Ezildi ve Gamze T\u00fcrkmen&#8217;in ilk kavgas\u0131! Valiz \u00fczerine ba\u015flad\u0131"},"content":{"rendered":"<p>\u2018En Hamarat Benim\u2019 ve \u2018Temizlik Avc\u0131lar\u0131\u2019 gibi programlarla g\u00fcndem olan Kadir Ezildi son olarak Gamze T\u00fcrkmen ile balay\u0131nda yapt\u0131\u011f\u0131 at\u0131\u015fmayla dikkat \u00e7ekti.<\/p>\n<h3>KAD\u0130R EZ\u0130LD\u0130 VE GAMZE T\u00dcRKMEN&#8217;\u0130N \u0130LK KAVGASI<\/h3>\n<p>Sosyal medya fenomeni Kadir Ezildi ile Gamze T\u00fcrkmen ilk kavgas\u0131n\u0131 balay\u0131nda yapt\u0131. Ezildi e\u015finin fazladan ald\u0131\u011f\u0131 k\u0131yafetleri ele\u015ftirdi.<\/p>\n<p>&#8220;Bu kad\u0131nlar acaba neden tatile \u00e7\u0131karken giymeyecekleri tonla k\u0131yafeti bu valize dolduruyorlar?&#8221; diyen Ezildi&#8217;ye Gamze T\u00fcrkmen de kar\u015f\u0131l\u0131k verdi. Giymedi\u011fin g\u00f6mleklerin de as\u0131l\u0131 bak dedi. Bunun \u00fczerine Ezildi, \u20182 fazla g\u00f6mlek getirmi\u015fim\u2019 diye kar\u015f\u0131l\u0131k verdi.<\/p>\n<div style=\"width: 640px;\" class=\"wp-video\"><!--[if lt IE 9]><script>document.createElement('video');<\/script><![endif]-->\n<video class=\"wp-video-shortcode\" id=\"video-207293-1\" width=\"640\" height=\"1138\" preload=\"metadata\" controls=\"controls\"><source type=\"video\/mp4\" src=\"https:\/\/www.tgrthaber.com\/mavikadin\/wp-content\/uploads\/Kadir-Ezildi-1-2.mp4?_=1\" \/><a href=\"https:\/\/www.tgrthaber.com\/mavikadin\/wp-content\/uploads\/Kadir-Ezildi-1-2.mp4\">https:\/\/www.tgrthaber.com\/mavikadin\/wp-content\/uploads\/Kadir-Ezildi-1-2.mp4<\/a><\/video><\/div>\n<hr \/>\n<p>\u00dcnl\u00fc fenomen Kadir Ezildi sevgilisi Gamze T\u00fcrkmen ile hem Erzurum\u2019da hem de \u0130stanbul\u2019da g\u00f6steri\u015fli ni\u015fan t\u00f6renleri yapm\u0131\u015ft\u0131. Ezildi, ni\u015fan s\u00fcrecinde 500 bin TL harcad\u0131\u011f\u0131n\u0131 s\u00f6ylemi\u015fti.<\/p>\n<p>Kendisini terk edip y\u0131llar sonra ortaya \u00e7\u0131kan babas\u0131 hakk\u0131nda bir d\u00f6nem g\u00fcndem olan Ezildi \u015fimdilerde yapt\u0131\u011f\u0131 g\u00f6rkemli t\u00f6renlerle konu\u015fuluyor.<\/p>\n<p>Kadir Ezildi, damat boh\u00e7as\u0131 g\u00fcn\u00fcn\u00fc de adeta \u015fov niteli\u011finde ger\u00e7ekle\u015ftirmi\u015fti. Yapt\u0131rd\u0131\u011f\u0131 \u00f6zel klip \u00e7ekimini sosyal medya hesab\u0131ndan yay\u0131nlayan isim, &#8220;Gelenek g\u00f6renek deyince de biz. Damat boh\u00e7am\u0131zda geldi&#8221; demi\u015fti. Payla\u015f\u0131mda T\u00fcrkmen&#8217;in kolundaki bilezikler dikkat \u00e7ekmi\u015fti.<\/p>\n<p><img loading=\"lazy\" decoding=\"async\" class=\"alignnone size-full wp-image-207036\" src=\"https:\/\/www.tgrthaber.com\/mavikadin\/wp-content\/uploads\/Kadir-Ezildi-1-5.png\" alt=\"\" width=\"1208\" height=\"680\" title=\"\" srcset=\"https:\/\/www.tgrthaber.com\/mavikadin\/wp-content\/uploads\/Kadir-Ezildi-1-5.png 1208w, https:\/\/www.tgrthaber.com\/mavikadin\/wp-content\/uploads\/Kadir-Ezildi-1-5-300x169.png 300w, https:\/\/www.tgrthaber.com\/mavikadin\/wp-content\/uploads\/Kadir-Ezildi-1-5-1024x576.png 1024w, https:\/\/www.tgrthaber.com\/mavikadin\/wp-content\/uploads\/Kadir-Ezildi-1-5-768x432.png 768w\" sizes=\"(max-width: 1208px) 100vw, 1208px\" \/><\/p>\n<hr \/>\n<p>Kadir Ezildi ile Gamze T\u00fcrkmen \u00e7ifti, 5 May\u0131s 2025 g\u00fcn\u00fc imza atarak evlnmi\u015fti. \u0130kiliyi, aile yak\u0131nlar\u0131, dostlar\u0131 ve sevenleri bu mutlu g\u00fcnlerinde yaln\u0131z b\u0131rakmam\u0131\u015ft\u0131.<\/p>\n<p>Sevilen \u00e7ift evlendikten sonra mutlu karelerini sevenleriyle payla\u015fmay\u0131 ihmal etmemi\u015fti. \u00c7iftin, d\u00fc\u011f\u00fcn sonras\u0131 balay\u0131 i\u00e7in M\u0131s\u0131r&#8217;a gittikleri ortaya \u00e7\u0131kt\u0131.<\/p>\n<p><img loading=\"lazy\" decoding=\"async\" class=\"alignnone size-full wp-image-207296\" src=\"https:\/\/www.tgrthaber.com\/mavikadin\/wp-content\/uploads\/Kadir-Ezildi-2-6.png\" alt=\"\" width=\"1208\" height=\"680\" title=\"\" srcset=\"https:\/\/www.tgrthaber.com\/mavikadin\/wp-content\/uploads\/Kadir-Ezildi-2-6.png 1208w, https:\/\/www.tgrthaber.com\/mavikadin\/wp-content\/uploads\/Kadir-Ezildi-2-6-300x169.png 300w, https:\/\/www.tgrthaber.com\/mavikadin\/wp-content\/uploads\/Kadir-Ezildi-2-6-1024x576.png 1024w, https:\/\/www.tgrthaber.com\/mavikadin\/wp-content\/uploads\/Kadir-Ezildi-2-6-768x432.png 768w\" sizes=\"(max-width: 1208px) 100vw, 1208px\" \/><\/p>\n<hr \/>\n<p>Dans videosunu Instagram hesab\u0131ndan payla\u015fan \u00e7ifte k\u0131sa s\u00fcrede yorumlar gelmi\u015fti. Ezildi kendisine gelen bir yoruma kay\u0131ts\u0131z kalamad\u0131.<br \/>\nKadir Ezildi, e\u015fi Gamze T\u00fcrkmen ile dans etti\u011fi videoya gelen &#8221;A\u015fk kokusu alamayan tek ben miyim?&#8221; ele\u015ftirisine jet h\u0131z\u0131nda cevap verdi.<\/p>\n<p>Ezildi bu yoruma kar\u015f\u0131l\u0131k olarak &#8221;Bak bak, Eros sanki&#8230; A\u015fk okunu sen mi at\u0131yorsun?&#8221; \u015feklinde not d\u00fc\u015ft\u00fc.<\/p>\n","protected":false},"excerpt":{"rendered":"<p>Sosyal medya fenomeni Kadir Ezildi ile Gamze T\u00fcrkmen balay\u0131nda da g\u00fcndem oldu. \u0130lk kavgalar\u0131n\u0131 yapan \u00e7ifte yorum ya\u011fd\u0131.<\/p>\n","protected":false},"author":5,"featured_media":207295,"comment_status":"closed","ping_status":"closed","sticky":false,"template":"","format":"standard","meta":{"rank_math_lock_modified_date":false,"footnotes":""},"categories":[76],"tags":[12510,2709,2573,133],"class_list":["post-207293","post","type-post","status-publish","format-standard","has-post-thumbnail","hentry","category-magazin","tag-en-hamarat-benim","tag-gamze-turkmen","tag-kadir-ezildi","tag-magazin"],"_links":{"self":[{"href":"https:\/\/www.tgrthaber.com\/mavikadin\/wp-json\/wp\/v2\/posts\/207293"}],"collection":[{"href":"https:\/\/www.tgrthaber.com\/mavikadin\/wp-json\/wp\/v2\/posts"}],"about":[{"href":"https:\/\/www.tgrthaber.com\/mavikadin\/wp-json\/wp\/v2\/types\/post"}],"author":[{"embeddable":true,"href":"https:\/\/www.tgrthaber.com\/mavikadin\/wp-json\/wp\/v2\/users\/5"}],"replies":[{"embeddable":true,"href":"https:\/\/www.tgrthaber.com\/mavikadin\/wp-json\/wp\/v2\/comments?post=207293"}],"version-history":[{"count":2,"href":"https:\/\/www.tgrthaber.com\/mavikadin\/wp-json\/wp\/v2\/posts\/207293\/revisions"}],"predecessor-version":[{"id":207299,"href":"https:\/\/www.tgrthaber.com\/mavikadin\/wp-json\/wp\/v2\/posts\/207293\/revisions\/207299"}],"wp:featuredmedia":[{"embeddable":true,"href":"https:\/\/www.tgrthaber.com\/mavikadin\/wp-json\/wp\/v2\/media\/207295"}],"wp:attachment":[{"href":"https:\/\/www.tgrthaber.com\/mavikadin\/wp-json\/wp\/v2\/media?parent=207293"}],"wp:term":[{"taxonomy":"category","embeddable":true,"href":"https:\/\/www.tgrthaber.com\/mavikadin\/wp-json\/wp\/v2\/categories?post=207293"},{"taxonomy":"post_tag","embeddable":true,"href":"https:\/\/www.tgrthaber.com\/mavikadin\/wp-json\/wp\/v2\/tags?post=207293"}],"curies":[{"name":"wp","href":"https:\/\/api.w.org\/{rel}","templated":true}]}}