{"id":207306,"date":"2025-07-19T13:24:34","date_gmt":"2025-07-19T10:24:34","guid":{"rendered":"https:\/\/www.tgrthaber.com\/mavikadin\/?p=207306"},"modified":"2025-07-19T13:24:33","modified_gmt":"2025-07-19T10:24:33","slug":"akin-akinozu-veliaht-dizisiyle-ekranlara-donuyor-bambaska-bir-karakterle-karsimiza-cikacak","status":"publish","type":"post","link":"https:\/\/www.tgrthaber.com\/mavikadin\/akin-akinozu-veliaht-dizisiyle-ekranlara-donuyor-bambaska-bir-karakterle-karsimiza-cikacak\/","title":{"rendered":"Ak\u0131n Ak\u0131n\u00f6z\u00fc Veliaht dizisiyle ekranlara d\u00f6n\u00fcyor! Bamba\u015fka bir karakterle kar\u015f\u0131m\u0131za \u00e7\u0131kacak"},"content":{"rendered":"<p>Yeni sezonda ekranlara h\u0131zl\u0131 bir d\u00f6n\u00fc\u015f yapmaya haz\u0131rlanan Ak\u0131n Ak\u0131n\u00f6z\u00fc, \u201cVeliaht\u201d dizisiyle seyircinin kar\u015f\u0131s\u0131na bamba\u015fka bir karakterle \u00e7\u0131kacak. Show TV\u2019de Eyl\u00fcl ay\u0131nda ba\u015flayacak dizi i\u00e7in \u00e7al\u0131\u015fmalara ba\u015flayan ba\u015far\u0131l\u0131 oyuncu, bu kez motor ya\u011f\u0131yla, anahtarla, tamir tezgah\u0131yla i\u00e7 i\u00e7e bir rolde olacak. \u0130\u015fte detaylar&#8230;<\/p>\n<h3>AKIN AKIN\u00d6Z\u00dc ROL\u00dc \u0130\u00c7\u0130N TAM\u0130RHANEYE G\u0130RD\u0130<\/h3>\n<p>\u201cVeliaht\u201d dizisinde seyyar tamirci Timur karakterini oynayacak olan Ak\u0131n Ak\u0131n\u00f6z\u00fc, rol\u00fcne haz\u0131rlanmak i\u00e7in ger\u00e7ek bir araba tamirhanesinde e\u011fitim almaya ba\u015flad\u0131. Usta tamircilerle birlikte \u00e7al\u0131\u015fan oyuncu, sahicilikten \u00f6d\u00fcn vermemek i\u00e7in ara\u00e7 tamiriyle birebir ilgileniyor. \u0130\u015f tulumunu giyip motor kaputlar\u0131n\u0131n ba\u015f\u0131na ge\u00e7en Ak\u0131n\u00f6z\u00fc\u2019n\u00fcn bu detayl\u0131 haz\u0131rl\u0131\u011f\u0131, dizideki performans\u0131 \u015fimdiden merak uyand\u0131r\u0131yor.<\/p>\n<p><img loading=\"lazy\" decoding=\"async\" class=\"alignnone size-full wp-image-207308\" src=\"https:\/\/www.tgrthaber.com\/mavikadin\/wp-content\/uploads\/2-1568.png\" alt=\"\" width=\"1208\" height=\"680\" title=\"\" srcset=\"https:\/\/www.tgrthaber.com\/mavikadin\/wp-content\/uploads\/2-1568.png 1208w, https:\/\/www.tgrthaber.com\/mavikadin\/wp-content\/uploads\/2-1568-300x169.png 300w, https:\/\/www.tgrthaber.com\/mavikadin\/wp-content\/uploads\/2-1568-1024x576.png 1024w, https:\/\/www.tgrthaber.com\/mavikadin\/wp-content\/uploads\/2-1568-768x432.png 768w\" sizes=\"(max-width: 1208px) 100vw, 1208px\" \/><\/p>\n<hr \/>\n<h3>VEL\u0130AHT D\u0130Z\u0130 KONUSU NE?<\/h3>\n<p>Faro yap\u0131m imzas\u0131n\u0131 ta\u015f\u0131yan \u201cVeliaht\u201d, Esenler Otogar\u0131\u2019n\u0131n g\u00f6be\u011finde ge\u00e7en, aile i\u00e7i hesapla\u015fmalar\u0131, ge\u00e7mi\u015ften ta\u015f\u0131nan s\u0131rlar\u0131 ve kaderi de\u011fi\u015ftiren bir a\u015fk\u0131 konu al\u0131yor. Dizinin hikayesi Tunahan Kurt\u2019a ait. Senaryoda ise Berrin Tekdemir, Necip G\u00fcle\u00e7er ve Tunahan Kurt\u2019un imzas\u0131 var. Y\u00f6netmen koltu\u011funda ise Sinan \u00d6zt\u00fcrk oturuyor.<\/p>\n<p><img loading=\"lazy\" decoding=\"async\" class=\"alignnone size-full wp-image-207312\" src=\"https:\/\/www.tgrthaber.com\/mavikadin\/wp-content\/uploads\/6-358.png\" alt=\"\" width=\"1208\" height=\"680\" title=\"\" srcset=\"https:\/\/www.tgrthaber.com\/mavikadin\/wp-content\/uploads\/6-358.png 1208w, https:\/\/www.tgrthaber.com\/mavikadin\/wp-content\/uploads\/6-358-300x169.png 300w, https:\/\/www.tgrthaber.com\/mavikadin\/wp-content\/uploads\/6-358-1024x576.png 1024w, https:\/\/www.tgrthaber.com\/mavikadin\/wp-content\/uploads\/6-358-768x432.png 768w\" sizes=\"(max-width: 1208px) 100vw, 1208px\" \/><\/p>\n<hr \/>\n<p>Dizide, sa\u011fl\u0131k sorunlar\u0131 ya\u015fayan otogar\u0131n g\u00fc\u00e7l\u00fc ismi Z\u00fclfikar Karsl\u0131, eski n\u00fcfuzunu yitirince g\u00f6zler yurtd\u0131\u015f\u0131ndan d\u00f6nmesi beklenen o\u011flu Zafer\u2019e \u00e7evrilir. Ancak ortaya \u00e7\u0131kan ba\u015fka bir isim, t\u00fcm dengeleri alt \u00fcst eder. Bu isim bor\u00e7lar\u0131yla bo\u011fu\u015fan seyyar tamirci Timur. Bir anda kendini Z\u00fclfikar\u2019\u0131n \u201cVeliaht\u201d\u0131 Zafer Karsl\u0131 kimli\u011fiyle bulan Timur, ge\u00e7mi\u015fi bilinmeyen b\u00fcy\u00fck bir miras\u0131n ortas\u0131na d\u00fc\u015fer. Karsl\u0131 ailesinin fertleri; Kudret, Derya, Cennet, Zafer ve e\u015fi Reyhan i\u00e7in art\u0131k hi\u00e7bir \u015fey eskisi gibi olmayacakt\u0131r.<\/p>\n<p><img loading=\"lazy\" decoding=\"async\" class=\"alignnone size-full wp-image-207309\" src=\"https:\/\/www.tgrthaber.com\/mavikadin\/wp-content\/uploads\/3-1538.png\" alt=\"\" width=\"1208\" height=\"680\" title=\"\" srcset=\"https:\/\/www.tgrthaber.com\/mavikadin\/wp-content\/uploads\/3-1538.png 1208w, https:\/\/www.tgrthaber.com\/mavikadin\/wp-content\/uploads\/3-1538-300x169.png 300w, https:\/\/www.tgrthaber.com\/mavikadin\/wp-content\/uploads\/3-1538-1024x576.png 1024w, https:\/\/www.tgrthaber.com\/mavikadin\/wp-content\/uploads\/3-1538-768x432.png 768w\" sizes=\"(max-width: 1208px) 100vw, 1208px\" \/><\/p>\n<hr \/>\n<h3>G\u00dc\u00c7L\u00dc KADRO D\u0130KKAT \u00c7EK\u0130YOR<\/h3>\n<p>Oyuncu kadrosu da diziye olan ilgiyi art\u0131r\u0131yor. Ak\u0131n Ak\u0131n\u00f6z\u00fc\u2019n\u00fcn ba\u015frol\u00fcnde yer ald\u0131\u011f\u0131 yap\u0131mda, Serra Ar\u0131t\u00fcrk, Ercan Kesal, Erkan Kol\u00e7ak K\u00f6stendil, Hazal T\u00fcresan, Derya Karada\u015f, Tansu Bi\u00e7er, Bora Akka\u015f, Erdem \u015eenocak, Arif Pi\u015fkin, Ay\u015feg\u00fcl \u00dcnsal, Burak Altay, Kayhan A\u00e7\u0131kg\u00f6z, Sabahattin Yakut, Selin K\u00f6seo\u011flu, Selin Dumlug\u00f6l, Volkan K\u0131ran ve Ufkum Kalao\u011flu gibi usta ve gen\u00e7 isimler bir araya geliyor.<\/p>\n<p><img loading=\"lazy\" decoding=\"async\" class=\"alignnone size-full wp-image-207310\" src=\"https:\/\/www.tgrthaber.com\/mavikadin\/wp-content\/uploads\/4-1280.png\" alt=\"\" width=\"1208\" height=\"680\" title=\"\" srcset=\"https:\/\/www.tgrthaber.com\/mavikadin\/wp-content\/uploads\/4-1280.png 1208w, https:\/\/www.tgrthaber.com\/mavikadin\/wp-content\/uploads\/4-1280-300x169.png 300w, https:\/\/www.tgrthaber.com\/mavikadin\/wp-content\/uploads\/4-1280-1024x576.png 1024w, https:\/\/www.tgrthaber.com\/mavikadin\/wp-content\/uploads\/4-1280-768x432.png 768w\" sizes=\"(max-width: 1208px) 100vw, 1208px\" \/><\/p>\n<hr \/>\n<h3>SEZONUN EN MERAK ED\u0130LEN D\u0130Z\u0130S\u0130<\/h3>\n<p>Daha \u015fimdiden tan\u0131t\u0131mlar\u0131yla ilgi toplayan \u201cVeliaht\u201d, hem g\u00fc\u00e7l\u00fc senaryosuyla hem de Ak\u0131n Ak\u0131n\u00f6z\u00fc\u2019n\u00fcn al\u0131\u015f\u0131lm\u0131\u015f\u0131n d\u0131\u015f\u0131ndaki performans\u0131yla sezonun iddial\u0131 yap\u0131mlar\u0131 aras\u0131nda g\u00f6steriliyor. Esenler\u2019in karma\u015fas\u0131nda ya\u015fanacak bu sert ve duygusal hikaye, Eyl\u00fcl ay\u0131nda Show TV ekranlar\u0131nda izleyiciyle bulu\u015facak.<\/p>\n","protected":false},"excerpt":{"rendered":"<p>Ak\u0131n Ak\u0131n\u00f6z\u00fc yepyeni bir rolle ekranlara d\u00f6n\u00fcyor. Ba\u015far\u0131l\u0131 oyuncu, Show TV\u2019nin Eyl\u00fcl ay\u0131nda izleyiciyle bulu\u015facak iddial\u0131 dizisi Veliaht i\u00e7in haz\u0131rl\u0131klara ba\u015flad\u0131. <\/p>\n","protected":false},"author":28,"featured_media":207307,"comment_status":"closed","ping_status":"closed","sticky":false,"template":"","format":"standard","meta":{"rank_math_lock_modified_date":true,"footnotes":""},"categories":[76],"tags":[2167,28727,28726,2218,24737],"class_list":["post-207306","post","type-post","status-publish","format-standard","has-post-thumbnail","hentry","category-magazin","tag-akin-akinozu","tag-akin-akinozu-tamirci-rolu","tag-akin-akinozu-veliaht","tag-magazin-haberleri","tag-veliaht"],"_links":{"self":[{"href":"https:\/\/www.tgrthaber.com\/mavikadin\/wp-json\/wp\/v2\/posts\/207306"}],"collection":[{"href":"https:\/\/www.tgrthaber.com\/mavikadin\/wp-json\/wp\/v2\/posts"}],"about":[{"href":"https:\/\/www.tgrthaber.com\/mavikadin\/wp-json\/wp\/v2\/types\/post"}],"author":[{"embeddable":true,"href":"https:\/\/www.tgrthaber.com\/mavikadin\/wp-json\/wp\/v2\/users\/28"}],"replies":[{"embeddable":true,"href":"https:\/\/www.tgrthaber.com\/mavikadin\/wp-json\/wp\/v2\/comments?post=207306"}],"version-history":[{"count":2,"href":"https:\/\/www.tgrthaber.com\/mavikadin\/wp-json\/wp\/v2\/posts\/207306\/revisions"}],"predecessor-version":[{"id":207314,"href":"https:\/\/www.tgrthaber.com\/mavikadin\/wp-json\/wp\/v2\/posts\/207306\/revisions\/207314"}],"wp:featuredmedia":[{"embeddable":true,"href":"https:\/\/www.tgrthaber.com\/mavikadin\/wp-json\/wp\/v2\/media\/207307"}],"wp:attachment":[{"href":"https:\/\/www.tgrthaber.com\/mavikadin\/wp-json\/wp\/v2\/media?parent=207306"}],"wp:term":[{"taxonomy":"category","embeddable":true,"href":"https:\/\/www.tgrthaber.com\/mavikadin\/wp-json\/wp\/v2\/categories?post=207306"},{"taxonomy":"post_tag","embeddable":true,"href":"https:\/\/www.tgrthaber.com\/mavikadin\/wp-json\/wp\/v2\/tags?post=207306"}],"curies":[{"name":"wp","href":"https:\/\/api.w.org\/{rel}","templated":true}]}}