{"id":207315,"date":"2025-07-19T14:17:25","date_gmt":"2025-07-19T11:17:25","guid":{"rendered":"https:\/\/www.tgrthaber.com\/mavikadin\/?p=207315"},"modified":"2025-07-19T14:17:25","modified_gmt":"2025-07-19T11:17:25","slug":"daria-bondar-kimdir-kac-yasinda-daria-bondar-savina-arda-turanla-ne-yasadi","status":"publish","type":"post","link":"https:\/\/www.tgrthaber.com\/mavikadin\/daria-bondar-kimdir-kac-yasinda-daria-bondar-savina-arda-turanla-ne-yasadi\/","title":{"rendered":"Daria Bondar kimdir ka\u00e7 ya\u015f\u0131nda? Daria Bondar Savina Arda Turan\u2019la ne ya\u015fad\u0131?"},"content":{"rendered":"<p>Ukraynal\u0131 muhabir Daria Bondar, Arda Turan\u2019la yapt\u0131\u011f\u0131 r\u00f6portaj sonras\u0131 sosyal medyan\u0131n g\u00fcndemine oturdu! G\u00fczelli\u011fi, profesyonelli\u011fi ve kameralara yans\u0131yan tav\u0131rlar\u0131yla dikkat \u00e7eken Bondar, sadece bir spor muhabiri de\u011fil; ayn\u0131 zamanda eski bir dans\u00e7\u0131 ve aktif bir sosyal medya fenomeni. Peki, Daria Bondar kimdir, ka\u00e7 ya\u015f\u0131nda? Arda Turan\u2019la olan o g\u00f6r\u00fcnt\u00fclerde neler ya\u015fand\u0131? \u0130\u015fte detaylar&#8230;<\/p>\n<h3>DARIA BONDAR SAV\u0130NA K\u0130MD\u0130R?<\/h3>\n<p>Ger\u00e7ek ad\u0131yla Daria Savina Bondar, 17 Nisan 2001 do\u011fumlu ve \u015fu anda 24 ya\u015f\u0131nda. Ukrayna\u2019da d\u00fcnyaya gelen Daria, kariyerine dansla ba\u015flad\u0131. Uzun s\u00fcre profesyonel dans\u00e7\u0131l\u0131k yapt\u0131ktan sonra medya sekt\u00f6r\u00fcne ad\u0131m att\u0131. \u015eu anda, Ukrayna\u2019n\u0131n k\u00f6kl\u00fc kul\u00fcplerinden Shakhtar Donetsk\u2019in resmi medya muhabiri olarak g\u00f6rev al\u0131yor.<\/p>\n<p><img loading=\"lazy\" decoding=\"async\" class=\"alignnone size-full wp-image-207324\" src=\"https:\/\/www.tgrthaber.com\/mavikadin\/wp-content\/uploads\/1-1501.png\" alt=\"\" width=\"1208\" height=\"680\" title=\"\" srcset=\"https:\/\/www.tgrthaber.com\/mavikadin\/wp-content\/uploads\/1-1501.png 1208w, https:\/\/www.tgrthaber.com\/mavikadin\/wp-content\/uploads\/1-1501-300x169.png 300w, https:\/\/www.tgrthaber.com\/mavikadin\/wp-content\/uploads\/1-1501-1024x576.png 1024w, https:\/\/www.tgrthaber.com\/mavikadin\/wp-content\/uploads\/1-1501-768x432.png 768w\" sizes=\"(max-width: 1208px) 100vw, 1208px\" \/><\/p>\n<hr \/>\n<p>Daria, yaln\u0131zca saha kenar\u0131nda mikrofon tutmakla kalm\u0131yor; ayn\u0131 zamanda model olarak da \u00e7al\u0131\u015f\u0131yor. Zarif g\u00f6r\u00fcn\u00fcm\u00fc ve ekrana yans\u0131yan enerjisiyle dikkat \u00e7eken Bondar\u2019\u0131n Instagram\u2019da 500 bine yak\u0131n takip\u00e7isi bulunuyor. Hesab\u0131nda s\u0131k\u00e7a moda, spor ve g\u00fcnl\u00fck ya\u015famdan kesitler payla\u015f\u0131yor. Kullan\u0131c\u0131 ad\u0131 ise: @savinadasha.<\/p>\n<p><img loading=\"lazy\" decoding=\"async\" class=\"alignnone size-full wp-image-207325\" src=\"https:\/\/www.tgrthaber.com\/mavikadin\/wp-content\/uploads\/2-1569.png\" alt=\"\" width=\"1208\" height=\"680\" title=\"\" srcset=\"https:\/\/www.tgrthaber.com\/mavikadin\/wp-content\/uploads\/2-1569.png 1208w, https:\/\/www.tgrthaber.com\/mavikadin\/wp-content\/uploads\/2-1569-300x169.png 300w, https:\/\/www.tgrthaber.com\/mavikadin\/wp-content\/uploads\/2-1569-1024x576.png 1024w, https:\/\/www.tgrthaber.com\/mavikadin\/wp-content\/uploads\/2-1569-768x432.png 768w\" sizes=\"(max-width: 1208px) 100vw, 1208px\" \/><\/p>\n<hr \/>\n<h3>DARIA BONDAR ARDA TURAN&#8217;LA NE YA\u015eADI?<\/h3>\n<p>Ge\u00e7ti\u011fimiz g\u00fcnlerde Arda Turan, teknik direkt\u00f6rl\u00fc\u011f\u00fcn\u00fc \u00fcstlendi\u011fi Shakhtar Donetsk\u2019in Ilves ile oynad\u0131\u011f\u0131 UEFA Avrupa Ligi ma\u00e7\u0131n\u0131n ard\u0131ndan kul\u00fcp televizyonuna r\u00f6portaj verdi. Kameralar\u0131n kar\u015f\u0131s\u0131nda Daria Bondar vard\u0131.<\/p>\n<div style=\"width: 480px;\" class=\"wp-video\"><!--[if lt IE 9]><script>document.createElement('video');<\/script><![endif]-->\n<video class=\"wp-video-shortcode\" id=\"video-207315-1\" width=\"480\" height=\"560\" preload=\"metadata\" controls=\"controls\"><source type=\"video\/mp4\" src=\"https:\/\/www.tgrthaber.com\/mavikadin\/wp-content\/uploads\/WhatsApp-Video-2025-07-19-at-14.15.13.mp4?_=1\" \/><a href=\"https:\/\/www.tgrthaber.com\/mavikadin\/wp-content\/uploads\/WhatsApp-Video-2025-07-19-at-14.15.13.mp4\">https:\/\/www.tgrthaber.com\/mavikadin\/wp-content\/uploads\/WhatsApp-Video-2025-07-19-at-14.15.13.mp4<\/a><\/video><\/div>\n<hr \/>\n<p>R\u00f6portaj s\u0131ras\u0131nda Arda Turan\u2019\u0131n, Daria Bondar\u2019la g\u00f6z temas\u0131 kurmamas\u0131, sosyal medyada b\u00fcy\u00fck yank\u0131 uyand\u0131rd\u0131. Kimi bu durumu \u201csayg\u0131l\u0131 bir mesafe\u201d olarak yorumlarken, kimileri de \u201cg\u00f6z g\u00f6ze gelmemek i\u00e7in \u00f6zel bir \u00e7aba\u201d g\u00f6sterildi\u011fini d\u00fc\u015f\u00fcnd\u00fc.<\/p>\n<p>R\u00f6portajda Turan\u2019\u0131n k\u0131sa ve mesafeli yan\u0131tlar\u0131 da dikkat \u00e7ekti. Ancak ilgin\u00e7 olan detay \u015fu, Arda Turan, Shakhtar Donetsk\u2019teki ilk resmi r\u00f6portaj\u0131n\u0131 da yine Daria Bondar ile yapm\u0131\u015ft\u0131.<\/p>\n<p><img loading=\"lazy\" decoding=\"async\" class=\"alignnone size-full wp-image-207327\" src=\"https:\/\/www.tgrthaber.com\/mavikadin\/wp-content\/uploads\/4-1281.png\" alt=\"\" width=\"1208\" height=\"680\" title=\"\" srcset=\"https:\/\/www.tgrthaber.com\/mavikadin\/wp-content\/uploads\/4-1281.png 1208w, https:\/\/www.tgrthaber.com\/mavikadin\/wp-content\/uploads\/4-1281-300x169.png 300w, https:\/\/www.tgrthaber.com\/mavikadin\/wp-content\/uploads\/4-1281-1024x576.png 1024w, https:\/\/www.tgrthaber.com\/mavikadin\/wp-content\/uploads\/4-1281-768x432.png 768w\" sizes=\"(max-width: 1208px) 100vw, 1208px\" \/><\/p>\n<hr \/>\n<h3>DARIA BONDAR EVL\u0130 M\u0130?<\/h3>\n<p>G\u00fczelli\u011fi ve ekran \u00f6n\u00fcndeki duru\u015fuyla s\u0131k s\u0131k konu\u015fulan Daria Bondar, Shakhtar Donetsk oyuncular\u0131ndan Valeriy Bondar ile evli. \u00c7ift, zaman zaman birlikte sosyal medya payla\u015f\u0131mlar\u0131 yaparak \u00f6zel hayatlar\u0131n\u0131 da takip\u00e7ileriyle payla\u015f\u0131yor.<\/p>\n","protected":false},"excerpt":{"rendered":"<p>Ukraynal\u0131 spor muhabiri Daria Bondar, Arda Turan\u2019la yapt\u0131\u011f\u0131 r\u00f6portaj sonras\u0131 sosyal medyada g\u00fcndem oldu. G\u00fczelli\u011fi, ekran \u00f6n\u00fc duru\u015fu ve profesyonelli\u011fiyle dikkat \u00e7eken Bondar\u2019\u0131n kim oldu\u011fu ve Arda Turan\u2019la ya\u015fanan o anlar merak konusu haline geldi.<\/p>\n","protected":false},"author":28,"featured_media":207326,"comment_status":"closed","ping_status":"closed","sticky":false,"template":"","format":"standard","meta":{"rank_math_lock_modified_date":true,"footnotes":""},"categories":[491],"tags":[3374,28729,28732,28731,28730],"class_list":["post-207315","post","type-post","status-publish","format-standard","has-post-thumbnail","hentry","category-biyografi","tag-biyografi","tag-daria-bondar","tag-daria-bondar-arda-turan","tag-daria-bondar-kac-yasinda","tag-daria-bondar-kimdir"],"_links":{"self":[{"href":"https:\/\/www.tgrthaber.com\/mavikadin\/wp-json\/wp\/v2\/posts\/207315"}],"collection":[{"href":"https:\/\/www.tgrthaber.com\/mavikadin\/wp-json\/wp\/v2\/posts"}],"about":[{"href":"https:\/\/www.tgrthaber.com\/mavikadin\/wp-json\/wp\/v2\/types\/post"}],"author":[{"embeddable":true,"href":"https:\/\/www.tgrthaber.com\/mavikadin\/wp-json\/wp\/v2\/users\/28"}],"replies":[{"embeddable":true,"href":"https:\/\/www.tgrthaber.com\/mavikadin\/wp-json\/wp\/v2\/comments?post=207315"}],"version-history":[{"count":2,"href":"https:\/\/www.tgrthaber.com\/mavikadin\/wp-json\/wp\/v2\/posts\/207315\/revisions"}],"predecessor-version":[{"id":207331,"href":"https:\/\/www.tgrthaber.com\/mavikadin\/wp-json\/wp\/v2\/posts\/207315\/revisions\/207331"}],"wp:featuredmedia":[{"embeddable":true,"href":"https:\/\/www.tgrthaber.com\/mavikadin\/wp-json\/wp\/v2\/media\/207326"}],"wp:attachment":[{"href":"https:\/\/www.tgrthaber.com\/mavikadin\/wp-json\/wp\/v2\/media?parent=207315"}],"wp:term":[{"taxonomy":"category","embeddable":true,"href":"https:\/\/www.tgrthaber.com\/mavikadin\/wp-json\/wp\/v2\/categories?post=207315"},{"taxonomy":"post_tag","embeddable":true,"href":"https:\/\/www.tgrthaber.com\/mavikadin\/wp-json\/wp\/v2\/tags?post=207315"}],"curies":[{"name":"wp","href":"https:\/\/api.w.org\/{rel}","templated":true}]}}