{"id":207329,"date":"2025-07-19T14:23:16","date_gmt":"2025-07-19T11:23:16","guid":{"rendered":"https:\/\/www.tgrthaber.com\/mavikadin\/?p=207329"},"modified":"2025-07-19T14:23:16","modified_gmt":"2025-07-19T11:23:16","slug":"yetenek-sizsiniz-turkiye-2025-taylan-akdorur-kimdir-taylan-akdorur-kac-yasinda-ve-nereli","status":"publish","type":"post","link":"https:\/\/www.tgrthaber.com\/mavikadin\/yetenek-sizsiniz-turkiye-2025-taylan-akdorur-kimdir-taylan-akdorur-kac-yasinda-ve-nereli\/","title":{"rendered":"Yetenek Sizsiniz T\u00fcrkiye 2025 Taylan Akdorur kimdir? Taylan Akdorur ka\u00e7 ya\u015f\u0131nda ve nereli?"},"content":{"rendered":"<p>Yetenek Sizsiniz T\u00fcrkiye 2025\u2019e kat\u0131lan m\u00fczisyen Taylan Akdorur performans\u0131 ile dikkat \u00e7ekti. Televizyon kar\u015f\u0131s\u0131nda yar\u0131\u015fmay\u0131 izleyenler Akdorur\u2019un kim oldu\u011funu ara\u015ft\u0131rmaya ba\u015flad\u0131. Yetenek Sizsiniz T\u00fcrkiye 2025 Taylan Akdorur kimdir? Taylan Akdorur ka\u00e7 ya\u015f\u0131nda ve nereli?<\/p>\n<h3>YETENENEK S\u0130ZS\u0130N\u0130Z TAYLAN AKDOKUR K\u0130MD\u0130R?<\/h3>\n<p>Taylan Akdokur, Yetenek Sizsiniz 2025 y\u0131l\u0131 yar\u0131\u015fmac\u0131lar\u0131ndand\u0131r. Taylan Akdokur T\u00fcrk m\u00fczisyen, \u015fark\u0131c\u0131-s\u00f6z yazar\u0131 ve gitaristtir.<\/p>\n<p>2018 y\u0131l\u0131nda liseye ba\u015flayan Taylan Akdokur&#8217;un 2000 do\u011fumlu oldu\u011fu d\u00fc\u015f\u00fcn\u00fcl\u00fcyor.<\/p>\n<p><img loading=\"lazy\" decoding=\"async\" class=\"size-full wp-image-207333 aligncenter\" src=\"https:\/\/www.tgrthaber.com\/mavikadin\/wp-content\/uploads\/yetenek-sizsiniz-turkiye-2025-taylan-akdorur-kimdir-taylan-akdorur-kac-yasinda-ve-nereli-3.jpg\" alt=\"\" width=\"1208\" height=\"680\" title=\"\" srcset=\"https:\/\/www.tgrthaber.com\/mavikadin\/wp-content\/uploads\/yetenek-sizsiniz-turkiye-2025-taylan-akdorur-kimdir-taylan-akdorur-kac-yasinda-ve-nereli-3.jpg 1208w, https:\/\/www.tgrthaber.com\/mavikadin\/wp-content\/uploads\/yetenek-sizsiniz-turkiye-2025-taylan-akdorur-kimdir-taylan-akdorur-kac-yasinda-ve-nereli-3-300x169.jpg 300w, https:\/\/www.tgrthaber.com\/mavikadin\/wp-content\/uploads\/yetenek-sizsiniz-turkiye-2025-taylan-akdorur-kimdir-taylan-akdorur-kac-yasinda-ve-nereli-3-1024x576.jpg 1024w, https:\/\/www.tgrthaber.com\/mavikadin\/wp-content\/uploads\/yetenek-sizsiniz-turkiye-2025-taylan-akdorur-kimdir-taylan-akdorur-kac-yasinda-ve-nereli-3-768x432.jpg 768w\" sizes=\"(max-width: 1208px) 100vw, 1208px\" \/><\/p>\n<hr \/>\n<p>2021 senesinde \u0130zmir \u00c7\u0131narl\u0131 Anadolu Teknik Lisesi, Bal\u0131k\u00e7\u0131l\u0131k ve Su \u00dcr\u00fcnleri Bilimi ve Y\u00f6netimi, Denizcilik b\u00f6l\u00fcm\u00fcnden mezun oldu.<\/p>\n<p>2022 y\u0131l\u0131nda \u0130stanbul Ni\u015fanta\u015f\u0131 \u00dcniversitesi \u00d6n Lisan olarak &#8216;M\u00fczik&#8217; b\u00f6l\u00fcm\u00fcne ba\u015flad\u0131, mezun olmadan okulu dondurdu.<\/p>\n<p>May\u0131s 2024- Ekim 2024 tarihleri aras\u0131nda Cettia Beach Hotel Marmaris&#8217;te 6 ay boyunca m\u00fczisyen olarak \u00e7al\u0131\u015ft\u0131. Yine ayn\u0131 tarihlerde Mart\u0131 Hotels &amp; Marinas, Chameleon Entertainment m\u00fczisyen olarak g\u00f6rev yapt\u0131.<\/p>\n<p><img loading=\"lazy\" decoding=\"async\" class=\"size-full wp-image-207334 aligncenter\" src=\"https:\/\/www.tgrthaber.com\/mavikadin\/wp-content\/uploads\/yetenek-sizsiniz-turkiye-2025-taylan-akdorur-kimdir-taylan-akdorur-kac-yasinda-ve-nereli-4.jpg\" alt=\"\" width=\"1208\" height=\"680\" title=\"\" srcset=\"https:\/\/www.tgrthaber.com\/mavikadin\/wp-content\/uploads\/yetenek-sizsiniz-turkiye-2025-taylan-akdorur-kimdir-taylan-akdorur-kac-yasinda-ve-nereli-4.jpg 1208w, https:\/\/www.tgrthaber.com\/mavikadin\/wp-content\/uploads\/yetenek-sizsiniz-turkiye-2025-taylan-akdorur-kimdir-taylan-akdorur-kac-yasinda-ve-nereli-4-300x169.jpg 300w, https:\/\/www.tgrthaber.com\/mavikadin\/wp-content\/uploads\/yetenek-sizsiniz-turkiye-2025-taylan-akdorur-kimdir-taylan-akdorur-kac-yasinda-ve-nereli-4-1024x576.jpg 1024w, https:\/\/www.tgrthaber.com\/mavikadin\/wp-content\/uploads\/yetenek-sizsiniz-turkiye-2025-taylan-akdorur-kimdir-taylan-akdorur-kac-yasinda-ve-nereli-4-768x432.jpg 768w\" sizes=\"(max-width: 1208px) 100vw, 1208px\" \/><\/p>\n<hr \/>\n<p>Taylan Akdokur, linkedinde kendisini \u015f\u00f6yle tan\u0131ml\u0131yor:<\/p>\n<p>\u201cM\u00fczisyen, \u015fark\u0131c\u0131-s\u00f6z yazar\u0131 ve gitaristim. Sosyal medyay\u0131 faal bir \u015fekilde kullan\u0131yor ve sosyal medya i\u00e7erikleri d\u00fczenliyorum. M\u00fczik kariyerime erken ya\u015flarda hen\u00fcz 13 ya\u015f\u0131nda iken ba\u015flad\u0131m. M\u00fczik kariyerim sokakta m\u00fczik yaparak ba\u015flad\u0131. Be\u015f y\u0131ld\u0131zl\u0131 otellerde (genellikle \u0130stanbul\u2019da), T\u00fcrkiye&#8217;deki kafelerde, \u015farap evlerinde ve konser mekanlar\u0131nda konserler veriyorum.<\/p>\n<p>Taylan Akdorur yeteneklerini \u015f\u00f6yle payla\u015f\u0131yor: \u015eark\u0131 S\u00f6yleme, enstr\u00fcman \u00e7alma, \u015fark\u0131 yazarl\u0131\u011f\u0131 ve sosyal medyada i\u00e7erik \u00fcretme.<\/p>\n<p><img loading=\"lazy\" decoding=\"async\" class=\"size-full wp-image-207335 aligncenter\" src=\"https:\/\/www.tgrthaber.com\/mavikadin\/wp-content\/uploads\/yetenek-sizsiniz-turkiye-2025-taylan-akdorur-kimdir-taylan-akdorur-kac-yasinda-ve-nereli-2.jpg\" alt=\"\" width=\"1208\" height=\"680\" title=\"\" srcset=\"https:\/\/www.tgrthaber.com\/mavikadin\/wp-content\/uploads\/yetenek-sizsiniz-turkiye-2025-taylan-akdorur-kimdir-taylan-akdorur-kac-yasinda-ve-nereli-2.jpg 1208w, https:\/\/www.tgrthaber.com\/mavikadin\/wp-content\/uploads\/yetenek-sizsiniz-turkiye-2025-taylan-akdorur-kimdir-taylan-akdorur-kac-yasinda-ve-nereli-2-300x169.jpg 300w, https:\/\/www.tgrthaber.com\/mavikadin\/wp-content\/uploads\/yetenek-sizsiniz-turkiye-2025-taylan-akdorur-kimdir-taylan-akdorur-kac-yasinda-ve-nereli-2-1024x576.jpg 1024w, https:\/\/www.tgrthaber.com\/mavikadin\/wp-content\/uploads\/yetenek-sizsiniz-turkiye-2025-taylan-akdorur-kimdir-taylan-akdorur-kac-yasinda-ve-nereli-2-768x432.jpg 768w\" sizes=\"(max-width: 1208px) 100vw, 1208px\" \/><\/p>\n<hr \/>\n<h3>TAYLAN AKDORUR KA\u00c7 YA\u015eINDA?<\/h3>\n<p>Taylan Akdorur\u2019un ka\u00e7 ya\u015f\u0131nda oldu\u011fu bilgisi kamuoyu ile payla\u015f\u0131lmam\u0131\u015ft\u0131r. 2018 senesinde liseden mezun olan Akdorur\u2019un 2000 do\u011fumlu oldu\u011fu, 2025 y\u0131l\u0131 itibariyle de 25 ya\u015f\u0131nda oldu\u011fu d\u00fc\u015f\u00fcn\u00fcl\u00fcyor.<\/p>\n<h3>TAYLAN AKDORUR NEREL\u0130?<\/h3>\n<p>Taylan Akdorur\u2019un nereli oldu\u011funa dair herhangi bir malumat bulunmamaktad\u0131r. \u0130zmir\u2019de liseyi okuyan Akdorur\u2019un \u0130zmir\u2019li oldu\u011fu d\u00fc\u015f\u00fcn\u00fcl\u00fcyor.<\/p>\n<p><img loading=\"lazy\" decoding=\"async\" class=\"size-full wp-image-207337 aligncenter\" src=\"https:\/\/www.tgrthaber.com\/mavikadin\/wp-content\/uploads\/yetenek-sizsiniz-turkiye-2025-taylan-akdorur-kimdir-taylan-akdorur-kac-yasinda-ve-nereli-5.jpg\" alt=\"\" width=\"1208\" height=\"680\" title=\"\" srcset=\"https:\/\/www.tgrthaber.com\/mavikadin\/wp-content\/uploads\/yetenek-sizsiniz-turkiye-2025-taylan-akdorur-kimdir-taylan-akdorur-kac-yasinda-ve-nereli-5.jpg 1208w, https:\/\/www.tgrthaber.com\/mavikadin\/wp-content\/uploads\/yetenek-sizsiniz-turkiye-2025-taylan-akdorur-kimdir-taylan-akdorur-kac-yasinda-ve-nereli-5-300x169.jpg 300w, https:\/\/www.tgrthaber.com\/mavikadin\/wp-content\/uploads\/yetenek-sizsiniz-turkiye-2025-taylan-akdorur-kimdir-taylan-akdorur-kac-yasinda-ve-nereli-5-1024x576.jpg 1024w, https:\/\/www.tgrthaber.com\/mavikadin\/wp-content\/uploads\/yetenek-sizsiniz-turkiye-2025-taylan-akdorur-kimdir-taylan-akdorur-kac-yasinda-ve-nereli-5-768x432.jpg 768w\" sizes=\"(max-width: 1208px) 100vw, 1208px\" \/><\/p>\n<hr \/>\n<h3>TAYLAN AKDORUR\u2019UN INSTAGRAM ADRES\u0130 NED\u0130R?<\/h3>\n<p>Taylan Akdorur\u2019un instagram adresi @ taylanakdokur\u2019dir. Taylan Akdorur\u2019u instagram hesab\u0131ndan 9.347 ki\u015fi takip etmektedir. Taylan Akdorur, instagram hesab\u0131ndan kendi foto\u011fraflar\u0131n\u0131 ve s\u00f6yledi\u011fi par\u00e7alar\u0131 payla\u015fmaktad\u0131r.<\/p>\n","protected":false},"excerpt":{"rendered":"<p>Taylan Akdorur, Yetenek Sizsiniz 2025\u2019e kat\u0131lan yar\u0131\u015fmac\u0131lardan. M\u00fczisyen olan Akdorur\u2019un kim oldu\u011fu merak ediliyor. Yetenek Sizsiniz T\u00fcrkiye 2025 yar\u0131\u015fmac\u0131s\u0131 Taylan Akdorur kimdir? Taylan Akdorur ka\u00e7 ya\u015f\u0131nda ve nereli? <\/p>\n","protected":false},"author":30,"featured_media":207332,"comment_status":"closed","ping_status":"closed","sticky":false,"template":"","format":"standard","meta":{"rank_math_lock_modified_date":false,"footnotes":""},"categories":[491],"tags":[16521,28734,18433,28733],"class_list":["post-207329","post","type-post","status-publish","format-standard","has-post-thumbnail","hentry","category-biyografi","tag-biyografi-haberleri","tag-taylan-akdorur","tag-yetenek-sizsiniz-turkiye-2025","tag-yetenek-sizsiniz-turkiye-2025-taylan-akdorur"],"_links":{"self":[{"href":"https:\/\/www.tgrthaber.com\/mavikadin\/wp-json\/wp\/v2\/posts\/207329"}],"collection":[{"href":"https:\/\/www.tgrthaber.com\/mavikadin\/wp-json\/wp\/v2\/posts"}],"about":[{"href":"https:\/\/www.tgrthaber.com\/mavikadin\/wp-json\/wp\/v2\/types\/post"}],"author":[{"embeddable":true,"href":"https:\/\/www.tgrthaber.com\/mavikadin\/wp-json\/wp\/v2\/users\/30"}],"replies":[{"embeddable":true,"href":"https:\/\/www.tgrthaber.com\/mavikadin\/wp-json\/wp\/v2\/comments?post=207329"}],"version-history":[{"count":1,"href":"https:\/\/www.tgrthaber.com\/mavikadin\/wp-json\/wp\/v2\/posts\/207329\/revisions"}],"predecessor-version":[{"id":207338,"href":"https:\/\/www.tgrthaber.com\/mavikadin\/wp-json\/wp\/v2\/posts\/207329\/revisions\/207338"}],"wp:featuredmedia":[{"embeddable":true,"href":"https:\/\/www.tgrthaber.com\/mavikadin\/wp-json\/wp\/v2\/media\/207332"}],"wp:attachment":[{"href":"https:\/\/www.tgrthaber.com\/mavikadin\/wp-json\/wp\/v2\/media?parent=207329"}],"wp:term":[{"taxonomy":"category","embeddable":true,"href":"https:\/\/www.tgrthaber.com\/mavikadin\/wp-json\/wp\/v2\/categories?post=207329"},{"taxonomy":"post_tag","embeddable":true,"href":"https:\/\/www.tgrthaber.com\/mavikadin\/wp-json\/wp\/v2\/tags?post=207329"}],"curies":[{"name":"wp","href":"https:\/\/api.w.org\/{rel}","templated":true}]}}