{"id":207347,"date":"2025-07-19T15:01:50","date_gmt":"2025-07-19T12:01:50","guid":{"rendered":"https:\/\/www.tgrthaber.com\/mavikadin\/?p=207347"},"modified":"2025-07-19T15:01:50","modified_gmt":"2025-07-19T12:01:50","slug":"en-iyi-kurabiye-tarifi-nasil-yapilir-kurabiye-yaparken-dikkat-edilmesi-gerekenler","status":"publish","type":"post","link":"https:\/\/www.tgrthaber.com\/mavikadin\/en-iyi-kurabiye-tarifi-nasil-yapilir-kurabiye-yaparken-dikkat-edilmesi-gerekenler\/","title":{"rendered":"En iyi kurabiye tarifi nas\u0131l yap\u0131l\u0131r? Kurabiye yaparken dikkat edilmesi gerekenler"},"content":{"rendered":"<p>En iyi kurabiye tarifi nas\u0131l yap\u0131l\u0131r? Kurabiye yaparken dikkat edilmesi gerekenler nedir ara\u015ft\u0131r\u0131l\u0131yor. Herkesin severek yedi\u011fi kurabiyeler \u00f6zellikle \u00e7ay\u0131n yan\u0131na iyi bir e\u015flik\u00e7i oluyor.<\/p>\n<h3>EN \u0130Y\u0130 KURAB\u0130YE TAR\u0130F\u0130 NASIL YAPILIR?<\/h3>\n<p>A\u011f\u0131zda k\u0131y\u0131r k\u0131y\u0131r da\u011f\u0131lan enfes kurabiyeleri yapmak i\u00e7in belli ba\u015fl\u0131 noktalara dikkat etmeniz gerekiyor. \u00c7ay saatlerinin vazge\u00e7ilmezleri aras\u0131nda olan kurabiyeleri tam k\u0131vam\u0131nda yapman\u0131z sand\u0131\u011f\u0131n\u0131z kadar zor de\u011fil. \u0130\u015fte kurabiye yapman\u0131n p\u00fcf noktalar\u0131:<\/p>\n<p>Kurabiye yap\u0131m\u0131nda tereya\u011f\u0131, margarin veya s\u0131v\u0131 ya\u011f kullan\u0131m\u0131 ki\u015fiden ki\u015fiye g\u00f6re de\u011fi\u015fir. Ancak i\u00e7erdi\u011fi su oran\u0131 g\u00f6z \u00f6n\u00fcnde bulunduruldu\u011funda a\u011f\u0131zda da\u011f\u0131lan k\u0131y\u0131r k\u0131y\u0131r kurabiyeler yapmak i\u00e7in tereya\u011f\u0131 iyi bir se\u00e7enek olarak kar\u015f\u0131m\u0131za \u00e7\u0131kar.<\/p>\n<p>Kurabiye yaparken kabartma tozu kullanmak gerekir mi? Belki tarife g\u00f6re kabartma tozu kullanman\u0131za gerek yoktur ama kurabiyelerinizin hafif pofuduk olmas\u0131n\u0131 istiyorsan\u0131z kabartma tozu kullanman\u0131zda fayda var.<\/p>\n<p><img loading=\"lazy\" decoding=\"async\" class=\"alignnone size-full wp-image-207348\" src=\"https:\/\/www.tgrthaber.com\/mavikadin\/wp-content\/uploads\/Kurabiye-1-1.png\" alt=\"\" width=\"1208\" height=\"680\" title=\"\" srcset=\"https:\/\/www.tgrthaber.com\/mavikadin\/wp-content\/uploads\/Kurabiye-1-1.png 1208w, https:\/\/www.tgrthaber.com\/mavikadin\/wp-content\/uploads\/Kurabiye-1-1-300x169.png 300w, https:\/\/www.tgrthaber.com\/mavikadin\/wp-content\/uploads\/Kurabiye-1-1-1024x576.png 1024w, https:\/\/www.tgrthaber.com\/mavikadin\/wp-content\/uploads\/Kurabiye-1-1-768x432.png 768w\" sizes=\"(max-width: 1208px) 100vw, 1208px\" \/><\/p>\n<hr \/>\n<h3>KURAB\u0130YE YAPARKEN D\u0130KKAT ED\u0130LMES\u0130 GEREKENLER<\/h3>\n<p>Kurabiyelerin a\u011f\u0131zda da\u011f\u0131lmas\u0131n\u0131 istiyorsan\u0131z gizli kurtar\u0131c\u0131 malzemeniz sirkeden faydalanabilirsiniz. Kurabiye hamuruna 1-2 damla sirke koyarak k\u0131y\u0131r k\u0131y\u0131r olmas\u0131n\u0131 sa\u011flayabilirsiniz.<\/p>\n<p>Kurabiye yap\u0131m\u0131nda genellikle toz \u015feker kullan\u0131lsa da pudra \u015fekerinin p\u00fcr\u00fczs\u00fczl\u00fc\u011f\u00fc hamura daha fazla yak\u0131\u015f\u0131r. Bu sebeple toz \u015feker yerine pudra \u015fekerinden de faydalanabilirsiniz.<\/p>\n<p><img loading=\"lazy\" decoding=\"async\" class=\"alignnone size-full wp-image-207349\" src=\"https:\/\/www.tgrthaber.com\/mavikadin\/wp-content\/uploads\/Kurabiye-2-1.png\" alt=\"\" width=\"1208\" height=\"680\" title=\"\" srcset=\"https:\/\/www.tgrthaber.com\/mavikadin\/wp-content\/uploads\/Kurabiye-2-1.png 1208w, https:\/\/www.tgrthaber.com\/mavikadin\/wp-content\/uploads\/Kurabiye-2-1-300x169.png 300w, https:\/\/www.tgrthaber.com\/mavikadin\/wp-content\/uploads\/Kurabiye-2-1-1024x576.png 1024w, https:\/\/www.tgrthaber.com\/mavikadin\/wp-content\/uploads\/Kurabiye-2-1-768x432.png 768w\" sizes=\"(max-width: 1208px) 100vw, 1208px\" \/><\/p>\n<hr \/>\n<p>Tarifte toz \u015fekeri ve pudra \u015fekeri aras\u0131nda yer de\u011fi\u015fikli\u011fi yapacaksan\u0131z toz \u015fekerin yar\u0131s\u0131 kadar pudra \u015fekeri ilave etmeniz tavsiye edilir.<\/p>\n<p>Kurabiyeyi yerken a\u011f\u0131zda olu\u015fan topaklanmalar\u0131n en b\u00fcy\u00fck nedeni, yap\u0131m\u0131 s\u0131ras\u0131nda kuru malzemelerin elenmeden konulmu\u015f olmas\u0131d\u0131r.<\/p>\n<p>Un ve di\u011fer kuru malzemeler mutlaka elenerek konulmal\u0131d\u0131r. Kurabiyeyi yerken a\u011f\u0131zda topaklanm\u0131\u015f un tad\u0131ndan kurtulmu\u015f olursunuz.<\/p>\n<p>Kurabiye hamurunu di\u011fer hamurlar gibi bast\u0131rarak yo\u011furman\u0131z gerekir.<\/p>\n<p>Hamur k\u0131vam almaya ba\u015flad\u0131\u011f\u0131nda ikiye b\u00f6l\u00fcp birbirinin \u00fczerine katlayarak yo\u011furabilirsiniz.<\/p>\n<p>Hamur en az 30 dakika buzdolab\u0131nda dinlendirilmelidir.<\/p>\n<p><img loading=\"lazy\" decoding=\"async\" class=\"alignnone size-full wp-image-207355\" src=\"https:\/\/www.tgrthaber.com\/mavikadin\/wp-content\/uploads\/Kurabiye-4-1.png\" alt=\"\" width=\"1208\" height=\"680\" title=\"\" srcset=\"https:\/\/www.tgrthaber.com\/mavikadin\/wp-content\/uploads\/Kurabiye-4-1.png 1208w, https:\/\/www.tgrthaber.com\/mavikadin\/wp-content\/uploads\/Kurabiye-4-1-300x169.png 300w, https:\/\/www.tgrthaber.com\/mavikadin\/wp-content\/uploads\/Kurabiye-4-1-1024x576.png 1024w, https:\/\/www.tgrthaber.com\/mavikadin\/wp-content\/uploads\/Kurabiye-4-1-768x432.png 768w\" sizes=\"(max-width: 1208px) 100vw, 1208px\" \/><\/p>\n<hr \/>\n<p>Daha sonra \u015fekillendirmeye ge\u00e7in.<\/p>\n<p>Aksi takdirde kurabiyeler pi\u015ferken k\u0131r\u0131l\u0131p \u00e7atlar.<\/p>\n<p>Her f\u0131r\u0131n tarifinde oldu\u011fu gibi kurabiyelerin e\u015fit \u015fekilde ve derecede pi\u015fmesi i\u00e7in \u00f6nceden f\u0131r\u0131n\u0131 \u0131s\u0131tmak gerekir.<\/p>\n<p>Kurabiyelerin pi\u015fme derecesi ve s\u00fcreleri farkl\u0131l\u0131k g\u00f6sterir.<\/p>\n<p>\u0130nce yo\u011funluktaki kurabiyeleri 160 dereceli f\u0131r\u0131nda 7-8 dakika, hafif kal\u0131nl\u0131ktaki kurabiyeleri ise 165 dereceli f\u0131r\u0131nda 10-15 dakika pi\u015firmek genelde yeterli olur.<\/p>\n<p>Kurabiye hamurunda tereya\u011f\u0131 kulland\u0131ysan\u0131z kurabiyeler f\u0131r\u0131ndan \u00e7\u0131k\u0131nca yumu\u015fak olur.<\/p>\n<p>Unutmaman\u0131z gerekir ki kurabiyeler f\u0131r\u0131ndan \u00e7\u0131kt\u0131ktan 5-10 dakika dinlendikten sonra sertle\u015fecektir.<\/p>\n","protected":false},"excerpt":{"rendered":"<p>En iyi kurabiyeleri yapmak i\u00e7in birka\u00e7 p\u00fcf noktas\u0131na dikkat edilmesi gerekiyor. Misafirlerinize ya da be\u015f \u00e7aylar\u0131n\u0131z\u0131n yan\u0131na haz\u0131rlayabilece\u011finiz kurabiyelerinizi yaparken bu \u00f6nemli detaylara dikkat etmenizde fayda var.<\/p>\n","protected":false},"author":5,"featured_media":207356,"comment_status":"closed","ping_status":"closed","sticky":false,"template":"","format":"standard","meta":{"rank_math_lock_modified_date":false,"footnotes":""},"categories":[191],"tags":[28737,351,3411],"class_list":["post-207347","post","type-post","status-publish","format-standard","has-post-thumbnail","hentry","category-yemek-tarifleri","tag-bes-cayi","tag-kurabiye","tag-yemek-tarifleri"],"_links":{"self":[{"href":"https:\/\/www.tgrthaber.com\/mavikadin\/wp-json\/wp\/v2\/posts\/207347"}],"collection":[{"href":"https:\/\/www.tgrthaber.com\/mavikadin\/wp-json\/wp\/v2\/posts"}],"about":[{"href":"https:\/\/www.tgrthaber.com\/mavikadin\/wp-json\/wp\/v2\/types\/post"}],"author":[{"embeddable":true,"href":"https:\/\/www.tgrthaber.com\/mavikadin\/wp-json\/wp\/v2\/users\/5"}],"replies":[{"embeddable":true,"href":"https:\/\/www.tgrthaber.com\/mavikadin\/wp-json\/wp\/v2\/comments?post=207347"}],"version-history":[{"count":1,"href":"https:\/\/www.tgrthaber.com\/mavikadin\/wp-json\/wp\/v2\/posts\/207347\/revisions"}],"predecessor-version":[{"id":207358,"href":"https:\/\/www.tgrthaber.com\/mavikadin\/wp-json\/wp\/v2\/posts\/207347\/revisions\/207358"}],"wp:featuredmedia":[{"embeddable":true,"href":"https:\/\/www.tgrthaber.com\/mavikadin\/wp-json\/wp\/v2\/media\/207356"}],"wp:attachment":[{"href":"https:\/\/www.tgrthaber.com\/mavikadin\/wp-json\/wp\/v2\/media?parent=207347"}],"wp:term":[{"taxonomy":"category","embeddable":true,"href":"https:\/\/www.tgrthaber.com\/mavikadin\/wp-json\/wp\/v2\/categories?post=207347"},{"taxonomy":"post_tag","embeddable":true,"href":"https:\/\/www.tgrthaber.com\/mavikadin\/wp-json\/wp\/v2\/tags?post=207347"}],"curies":[{"name":"wp","href":"https:\/\/api.w.org\/{rel}","templated":true}]}}