{"id":207357,"date":"2025-07-19T15:23:51","date_gmt":"2025-07-19T12:23:51","guid":{"rendered":"https:\/\/www.tgrthaber.com\/mavikadin\/?p=207357"},"modified":"2025-07-19T15:23:50","modified_gmt":"2025-07-19T12:23:50","slug":"yasayan-en-guzel-kadinlar-listesi-aciklandi-sila-turkoglu-ve-yagmur-yuksel-damga-vurdu","status":"publish","type":"post","link":"https:\/\/www.tgrthaber.com\/mavikadin\/yasayan-en-guzel-kadinlar-listesi-aciklandi-sila-turkoglu-ve-yagmur-yuksel-damga-vurdu\/","title":{"rendered":"Ya\u015fayan en g\u00fczel kad\u0131nlar listesi a\u00e7\u0131kland\u0131! S\u0131la T\u00fcrko\u011flu ve Ya\u011fmur Y\u00fcksel damga vurdu"},"content":{"rendered":"<p>Uluslararas\u0131 prestije sahip Netizens Choice Magazine, 2025 y\u0131l\u0131 \u201cYa\u015fayan En G\u00fczel Kad\u0131nlar\u201d listesini a\u00e7\u0131klad\u0131. Sonu\u00e7lar, T\u00fcrk hayranlar\u0131 ba\u015fta olmak \u00fczere sosyal medyada b\u00fcy\u00fck yank\u0131 uyand\u0131rd\u0131. Bu y\u0131l zirve tamamen T\u00fcrk kad\u0131nlar\u0131na ait. S\u0131la T\u00fcrko\u011flu d\u00fcnya birincisi olurken, Ya\u011fmur Y\u00fcksel ikinci s\u0131raya yerle\u015fti.\u0130\u015fte detaylar&#8230;<\/p>\n<h3>T\u00dcRK G\u00dcZELLER\u0130 D\u00dcNYAYI SALLADI<\/h3>\n<p>D\u00f6rt ay s\u00fcren oylama, milyonlarca ki\u015finin kat\u0131l\u0131m\u0131yla tamamland\u0131. Sonu\u00e7lar a\u00e7\u0131kland\u0131\u011f\u0131nda ise sosyal medya adeta kilitlendi. \u00c7\u00fcnk\u00fc listenin tepesinde iki T\u00fcrk oyuncu vard\u0131.<\/p>\n<p><img loading=\"lazy\" decoding=\"async\" class=\"alignnone size-full wp-image-207362\" src=\"https:\/\/www.tgrthaber.com\/mavikadin\/wp-content\/uploads\/4-1283.png\" alt=\"\" width=\"1208\" height=\"680\" title=\"\" srcset=\"https:\/\/www.tgrthaber.com\/mavikadin\/wp-content\/uploads\/4-1283.png 1208w, https:\/\/www.tgrthaber.com\/mavikadin\/wp-content\/uploads\/4-1283-300x169.png 300w, https:\/\/www.tgrthaber.com\/mavikadin\/wp-content\/uploads\/4-1283-1024x576.png 1024w, https:\/\/www.tgrthaber.com\/mavikadin\/wp-content\/uploads\/4-1283-768x432.png 768w\" sizes=\"(max-width: 1208px) 100vw, 1208px\" \/><\/p>\n<hr \/>\n<h3>\u0130LK SIRADA SILA T\u00dcRKO\u011eLU VAR<\/h3>\n<p>Son d\u00f6nemin parlayan y\u0131ld\u0131z\u0131 S\u0131la T\u00fcrko\u011flu, 2025\u2019in en g\u00fczel kad\u0131n\u0131 se\u00e7ilerek \u00f6nemli bir ilke imza att\u0131. \u201cK\u0131z\u0131lc\u0131k \u015eerbeti\u201d dizisindeki ba\u015far\u0131l\u0131 performans\u0131yla geni\u015f kitlelere ula\u015fan T\u00fcrko\u011flu, hem g\u00fczelli\u011fiyle, hem de d\u00fcnya \u00e7ap\u0131nda takdir toplad\u0131.<\/p>\n<p>Netizens Choice tarihinde bir T\u00fcrk kad\u0131n\u0131n bu unvana ula\u015fmas\u0131 ilk kez ger\u00e7ekle\u015fti.<\/p>\n<p><img loading=\"lazy\" decoding=\"async\" class=\"alignnone size-full wp-image-207361\" src=\"https:\/\/www.tgrthaber.com\/mavikadin\/wp-content\/uploads\/3-1542.png\" alt=\"\" width=\"1208\" height=\"680\" title=\"\" srcset=\"https:\/\/www.tgrthaber.com\/mavikadin\/wp-content\/uploads\/3-1542.png 1208w, https:\/\/www.tgrthaber.com\/mavikadin\/wp-content\/uploads\/3-1542-300x169.png 300w, https:\/\/www.tgrthaber.com\/mavikadin\/wp-content\/uploads\/3-1542-1024x576.png 1024w, https:\/\/www.tgrthaber.com\/mavikadin\/wp-content\/uploads\/3-1542-768x432.png 768w\" sizes=\"(max-width: 1208px) 100vw, 1208px\" \/><\/p>\n<hr \/>\n<h3>\u0130K\u0130NC\u0130 SIRADA YA\u011eMUR Y\u00dcKSEL VAR<\/h3>\n<p>Hen\u00fcz kariyerinin ba\u015f\u0131nda olmas\u0131na ra\u011fmen b\u00fcy\u00fck etki olu\u015fturan bir di\u011fer isim ise Ya\u011fmur Y\u00fcksel. Listenin ikinci s\u0131ras\u0131nda yer alan gen\u00e7 oyuncu; do\u011fal g\u00fczelli\u011fi, m\u00fctevaz\u0131 tav\u0131rlar\u0131 ve dikkat \u00e7eken ekran enerjisiyle \u00f6ne \u00e7\u0131kt\u0131.<\/p>\n<p>Uluslararas\u0131 arenada bir\u00e7ok g\u00fc\u00e7l\u00fc rakibini geride b\u0131rakan Y\u00fcksel, sadece fiziksel g\u00fczellik a\u00e7\u0131s\u0131ndan de\u011fil, i\u00e7sel duru\u015fuyla da j\u00fcri ve halk oylamas\u0131nda y\u00fcksek puanlar ald\u0131.<\/p>\n<p><img loading=\"lazy\" decoding=\"async\" class=\"alignnone size-full wp-image-207360\" src=\"https:\/\/www.tgrthaber.com\/mavikadin\/wp-content\/uploads\/2-1572.png\" alt=\"\" width=\"1208\" height=\"680\" title=\"\" srcset=\"https:\/\/www.tgrthaber.com\/mavikadin\/wp-content\/uploads\/2-1572.png 1208w, https:\/\/www.tgrthaber.com\/mavikadin\/wp-content\/uploads\/2-1572-300x169.png 300w, https:\/\/www.tgrthaber.com\/mavikadin\/wp-content\/uploads\/2-1572-1024x576.png 1024w, https:\/\/www.tgrthaber.com\/mavikadin\/wp-content\/uploads\/2-1572-768x432.png 768w\" sizes=\"(max-width: 1208px) 100vw, 1208px\" \/><\/p>\n<hr \/>\n<h3>L\u0130STEDE BA\u015eKA K\u0130MLER VAR?<\/h3>\n<p>Taylor Swift, Scarlett Johansson, Jisoo, Zendaya ve Ana de Armas gibi d\u00fcnya y\u0131ld\u0131zlar\u0131n\u0131n da bulundu\u011fu listede T\u00fcrk kad\u0131nlar\u0131n\u0131n ilk iki s\u0131raya yerle\u015fmesi, sadece ulusal bas\u0131nda de\u011fil, global medya organlar\u0131nda da geni\u015f yank\u0131 uyand\u0131rd\u0131.<\/p>\n<p><img loading=\"lazy\" decoding=\"async\" class=\"alignnone size-full wp-image-207363\" src=\"https:\/\/www.tgrthaber.com\/mavikadin\/wp-content\/uploads\/5-831.png\" alt=\"\" width=\"1208\" height=\"680\" title=\"\" srcset=\"https:\/\/www.tgrthaber.com\/mavikadin\/wp-content\/uploads\/5-831.png 1208w, https:\/\/www.tgrthaber.com\/mavikadin\/wp-content\/uploads\/5-831-300x169.png 300w, https:\/\/www.tgrthaber.com\/mavikadin\/wp-content\/uploads\/5-831-1024x576.png 1024w, https:\/\/www.tgrthaber.com\/mavikadin\/wp-content\/uploads\/5-831-768x432.png 768w\" sizes=\"(max-width: 1208px) 100vw, 1208px\" \/><\/p>\n<hr \/>\n<h3>TIMES MEYDANI&#8217;NDA DEV TANITIM<\/h3>\n<p>Netizens Choice Magazine\u2019in bu y\u0131lki listesi \u00f6yle s\u0131radan a\u00e7\u0131klanmad\u0131. S\u0131la T\u00fcrko\u011flu ve Ya\u011fmur Y\u00fcksel\u2019in foto\u011fraflar\u0131, d\u00fcnyan\u0131n en ikonik noktalar\u0131ndan biri olan New York Times Meydan\u0131\u2019nda dev ekranlarda yer alacak. Ayr\u0131ca \u00f6zel r\u00f6portajlar, kamera arkas\u0131 \u00e7ekimler ve tan\u0131t\u0131m kampanyalar\u0131 da yolda.<\/p>\n","protected":false},"excerpt":{"rendered":"<p>Netizens Choice Magazine, 2025\u2019in \u201cYa\u015fayan En G\u00fczel Kad\u0131nlar\u201d listesini a\u00e7\u0131klad\u0131. T\u00fcrk oyuncular S\u0131la T\u00fcrko\u011flu ve Ya\u011fmur Y\u00fcksel, listeye damga vurdu. <\/p>\n","protected":false},"author":28,"featured_media":207359,"comment_status":"closed","ping_status":"closed","sticky":false,"template":"","format":"standard","meta":{"rank_math_lock_modified_date":true,"footnotes":""},"categories":[76],"tags":[2218,2182,2282,28738],"class_list":["post-207357","post","type-post","status-publish","format-standard","has-post-thumbnail","hentry","category-magazin","tag-magazin-haberleri","tag-sila-turkoglu","tag-yagmur-yuksel","tag-yasayan-en-guzel-kadinlar"],"_links":{"self":[{"href":"https:\/\/www.tgrthaber.com\/mavikadin\/wp-json\/wp\/v2\/posts\/207357"}],"collection":[{"href":"https:\/\/www.tgrthaber.com\/mavikadin\/wp-json\/wp\/v2\/posts"}],"about":[{"href":"https:\/\/www.tgrthaber.com\/mavikadin\/wp-json\/wp\/v2\/types\/post"}],"author":[{"embeddable":true,"href":"https:\/\/www.tgrthaber.com\/mavikadin\/wp-json\/wp\/v2\/users\/28"}],"replies":[{"embeddable":true,"href":"https:\/\/www.tgrthaber.com\/mavikadin\/wp-json\/wp\/v2\/comments?post=207357"}],"version-history":[{"count":2,"href":"https:\/\/www.tgrthaber.com\/mavikadin\/wp-json\/wp\/v2\/posts\/207357\/revisions"}],"predecessor-version":[{"id":207365,"href":"https:\/\/www.tgrthaber.com\/mavikadin\/wp-json\/wp\/v2\/posts\/207357\/revisions\/207365"}],"wp:featuredmedia":[{"embeddable":true,"href":"https:\/\/www.tgrthaber.com\/mavikadin\/wp-json\/wp\/v2\/media\/207359"}],"wp:attachment":[{"href":"https:\/\/www.tgrthaber.com\/mavikadin\/wp-json\/wp\/v2\/media?parent=207357"}],"wp:term":[{"taxonomy":"category","embeddable":true,"href":"https:\/\/www.tgrthaber.com\/mavikadin\/wp-json\/wp\/v2\/categories?post=207357"},{"taxonomy":"post_tag","embeddable":true,"href":"https:\/\/www.tgrthaber.com\/mavikadin\/wp-json\/wp\/v2\/tags?post=207357"}],"curies":[{"name":"wp","href":"https:\/\/api.w.org\/{rel}","templated":true}]}}