{"id":207367,"date":"2025-07-19T15:43:02","date_gmt":"2025-07-19T12:43:02","guid":{"rendered":"https:\/\/www.tgrthaber.com\/mavikadin\/?p=207367"},"modified":"2025-07-19T15:43:02","modified_gmt":"2025-07-19T12:43:02","slug":"melis-sezen-brezilyali-oyuncuyla-bir-araya-geldi-flavia-alessandra-ile-avmde-goruntulendi","status":"publish","type":"post","link":"https:\/\/www.tgrthaber.com\/mavikadin\/melis-sezen-brezilyali-oyuncuyla-bir-araya-geldi-flavia-alessandra-ile-avmde-goruntulendi\/","title":{"rendered":"Melis Sezen Brezilyal\u0131 oyuncuyla bir araya geldi! Flavia Alessandra ile AVM\u2019de g\u00f6r\u00fcnt\u00fclendi"},"content":{"rendered":"<p>Son olarak DEHA ile ekranlara gelen ba\u015far\u0131l\u0131 oyuncu Melis Sezen, Brezilyal\u0131 oyuncu Flavia Alessandra ile bir AVM\u2019de g\u00f6r\u00fcnt\u00fclendi.<\/p>\n<h3>MEL\u0130S SEZEN BREZ\u0130LYALI OYUNCUYLA B\u0130R ARAYA GELD\u0130<\/h3>\n<p>T\u00fcrkiye\u2019ye ziyaret ama\u00e7l\u0131 gelen Brezilyal\u0131 oyuncu Flavia Alessandra Melis Sezen\u2019le kar\u015f\u0131la\u015f\u0131nca foto\u011fraf \u00e7ekildi. Birbirlerini takibe alan ikili Instagram \u00fczerinden foto\u011fraf payla\u015ft\u0131.<\/p>\n<p><img loading=\"lazy\" decoding=\"async\" class=\"alignnone size-full wp-image-207369\" src=\"https:\/\/www.tgrthaber.com\/mavikadin\/wp-content\/uploads\/melis-sezen-1.png\" alt=\"\" width=\"1208\" height=\"680\" title=\"\" srcset=\"https:\/\/www.tgrthaber.com\/mavikadin\/wp-content\/uploads\/melis-sezen-1.png 1208w, https:\/\/www.tgrthaber.com\/mavikadin\/wp-content\/uploads\/melis-sezen-1-300x169.png 300w, https:\/\/www.tgrthaber.com\/mavikadin\/wp-content\/uploads\/melis-sezen-1-1024x576.png 1024w, https:\/\/www.tgrthaber.com\/mavikadin\/wp-content\/uploads\/melis-sezen-1-768x432.png 768w\" sizes=\"(max-width: 1208px) 100vw, 1208px\" \/><\/p>\n<hr \/>\n<h3>MEL\u0130S SEZEN K\u0130MD\u0130R?<\/h3>\n<p>\u0130stanbul\u2019da 2 Ocak 1997 tarihinde d\u00fcnyaya gelen Melis Sezen liseyi Selimpa\u015fa Atat\u00fcrk Anadolu Lisesinde bitirdi. Babas\u0131 Arnavut, Makedonya g\u00f6\u00e7meni olan Sezen\u2019in ailesi ticaretle u\u011fra\u015f\u0131yor. \u00dcnl\u00fc oyuncu verdi\u011fi bir r\u00f6portajda tiyatroya ba\u015flamas\u0131nda ailesinin destek oldu\u011funu, bir ba\u015fka r\u00f6portaj\u0131nda ise annesinin oyunculu\u011fa ilgisini fark edip kendisini M\u00fcjdat Gezen Sanat Merkezi&#8217;ne yazd\u0131rd\u0131\u011f\u0131n\u0131 s\u00f6yledi.<\/p>\n<p><img loading=\"lazy\" decoding=\"async\" class=\"alignnone size-full wp-image-207370\" src=\"https:\/\/www.tgrthaber.com\/mavikadin\/wp-content\/uploads\/melis-sezen-3.png\" alt=\"\" width=\"1208\" height=\"680\" title=\"\" srcset=\"https:\/\/www.tgrthaber.com\/mavikadin\/wp-content\/uploads\/melis-sezen-3.png 1208w, https:\/\/www.tgrthaber.com\/mavikadin\/wp-content\/uploads\/melis-sezen-3-300x169.png 300w, https:\/\/www.tgrthaber.com\/mavikadin\/wp-content\/uploads\/melis-sezen-3-1024x576.png 1024w, https:\/\/www.tgrthaber.com\/mavikadin\/wp-content\/uploads\/melis-sezen-3-768x432.png 768w\" sizes=\"(max-width: 1208px) 100vw, 1208px\" \/><\/p>\n<hr \/>\n<p>Ko\u00e7 \u00dcniversitesi Medya ve G\u00f6rsel Sanatlar B\u00f6l\u00fcm\u00fc&#8217;nden mezun olan Sezen 2016-17 y\u0131llar\u0131 aras\u0131nda Hayat Bazen Tatl\u0131d\u0131r dizisiyle birlikte televizyon d\u00fcnyas\u0131na ad\u0131m att\u0131.<br \/>\n2017-18 y\u0131llar\u0131 aras\u0131nda Siyah \u0130nci dizisinde &#8220;Ebru&#8221; karakterini oynad\u0131. 2018 y\u0131l\u0131nda ise sinemaya ba\u011f\u0131ms\u0131z filmlerle giri\u015f yapt\u0131.<\/p>\n<p>Rol ald\u0131\u011f\u0131 ilk film D\u00fcnya Hali ve ikinci film Tilki Yuvas\u0131 oldu. Ba\u011f\u0131ms\u0131z filmlerden sonra ilk ciddi rol\u00fcn\u00fc Yar\u0131\u015f at\u0131 Bold Pilot ve jokeyi Halis Karata\u015f&#8217;\u0131n ger\u00e7ek hik\u00e2yesini anlatan Bizim \u0130\u00e7in \u015eampiyon filmiyle yapt\u0131.<\/p>\n<p>2019 y\u0131l\u0131nda Leke dizisinde &#8220;Yasemin&#8221; karakteri ilk ba\u015frol\u00fc oynad\u0131. Ard\u0131ndan Sevgili Ge\u00e7mi\u015f dizisinde yine ba\u015frol olan &#8220;Deren&#8221; karakterini \u00fcstlendi. 2019 y\u0131l\u0131n\u0131n sonunda Mucize 2: A\u015fk filminde &#8220;Beren&#8221; karakterini oynad\u0131. Sezen, 2019&#8217;da IMDB Starmetre listesinde ilk 100&#8217;e girdi.<\/p>\n<figure id=\"attachment_207371\" aria-describedby=\"caption-attachment-207371\" style=\"width: 1208px\" class=\"wp-caption alignnone\"><img loading=\"lazy\" decoding=\"async\" class=\"wp-image-207371 size-full\" src=\"https:\/\/www.tgrthaber.com\/mavikadin\/wp-content\/uploads\/Flavia-Alessandra-1.png\" alt=\"\" width=\"1208\" height=\"680\" title=\"\" srcset=\"https:\/\/www.tgrthaber.com\/mavikadin\/wp-content\/uploads\/Flavia-Alessandra-1.png 1208w, https:\/\/www.tgrthaber.com\/mavikadin\/wp-content\/uploads\/Flavia-Alessandra-1-300x169.png 300w, https:\/\/www.tgrthaber.com\/mavikadin\/wp-content\/uploads\/Flavia-Alessandra-1-1024x576.png 1024w, https:\/\/www.tgrthaber.com\/mavikadin\/wp-content\/uploads\/Flavia-Alessandra-1-768x432.png 768w\" sizes=\"(max-width: 1208px) 100vw, 1208px\" \/><figcaption id=\"caption-attachment-207371\" class=\"wp-caption-text\">Flavia Alessandra<\/figcaption><\/figure>\n<hr \/>\n<p>2020 y\u0131l\u0131nda Ya \u0130stiklal Ya \u00d6l\u00fcm tarihi mini dizisinde ba\u015frol karakteri &#8220;Nazan&#8221; karakterini oynad\u0131. Kovala adl\u0131 sinema filminde rol ald\u0131. Sezen\u2019in filminin vizyon tarihi 17 Nisan 2020 olarak a\u00e7\u0131kland\u0131. Ancak d\u00fcnya genelinde ya\u015fanan koronavir\u00fcs sebebiyle T\u00fcrkiye&#8217;de al\u0131nan \u00f6nlemler dolay\u0131s\u0131yla film vizyona girmedi.<\/p>\n<p>2020 Ekim ay\u0131ndan itibaren Cansu Dere ve Caner Cindoruk ile birlikte Kanal D ekranlar\u0131nda yay\u0131nlanan Sadakatsiz dizisinde ba\u015frol karakterlerden biri oldu. Bu rol\u00fcyle \u00e7ok be\u011fenildi. \u00dcnl\u00fc isim son olarak Aras Bulut \u0130ynemli ile DEHA dizisinde oynad\u0131.<\/p>\n","protected":false},"excerpt":{"rendered":"<p>\u00dcnl\u00fc oyuncu Melis Sezen Brezilyal\u0131 oyuncu Flavia Alessandra ile AVM\u2019de g\u00f6r\u00fcnt\u00fclendi. T\u00fcrkiye\u2019ye ziyarete gelen oyuncu Sezen ile \u00e7ekildi\u011fi foto\u011fraf\u0131 sosyal medya hesab\u0131ndan payla\u015ft\u0131.<\/p>\n","protected":false},"author":5,"featured_media":207368,"comment_status":"closed","ping_status":"closed","sticky":false,"template":"","format":"standard","meta":{"rank_math_lock_modified_date":false,"footnotes":""},"categories":[76],"tags":[28739,133,3008],"class_list":["post-207367","post","type-post","status-publish","format-standard","has-post-thumbnail","hentry","category-magazin","tag-flavia-alessandra","tag-magazin","tag-melis-sezen"],"_links":{"self":[{"href":"https:\/\/www.tgrthaber.com\/mavikadin\/wp-json\/wp\/v2\/posts\/207367"}],"collection":[{"href":"https:\/\/www.tgrthaber.com\/mavikadin\/wp-json\/wp\/v2\/posts"}],"about":[{"href":"https:\/\/www.tgrthaber.com\/mavikadin\/wp-json\/wp\/v2\/types\/post"}],"author":[{"embeddable":true,"href":"https:\/\/www.tgrthaber.com\/mavikadin\/wp-json\/wp\/v2\/users\/5"}],"replies":[{"embeddable":true,"href":"https:\/\/www.tgrthaber.com\/mavikadin\/wp-json\/wp\/v2\/comments?post=207367"}],"version-history":[{"count":2,"href":"https:\/\/www.tgrthaber.com\/mavikadin\/wp-json\/wp\/v2\/posts\/207367\/revisions"}],"predecessor-version":[{"id":207373,"href":"https:\/\/www.tgrthaber.com\/mavikadin\/wp-json\/wp\/v2\/posts\/207367\/revisions\/207373"}],"wp:featuredmedia":[{"embeddable":true,"href":"https:\/\/www.tgrthaber.com\/mavikadin\/wp-json\/wp\/v2\/media\/207368"}],"wp:attachment":[{"href":"https:\/\/www.tgrthaber.com\/mavikadin\/wp-json\/wp\/v2\/media?parent=207367"}],"wp:term":[{"taxonomy":"category","embeddable":true,"href":"https:\/\/www.tgrthaber.com\/mavikadin\/wp-json\/wp\/v2\/categories?post=207367"},{"taxonomy":"post_tag","embeddable":true,"href":"https:\/\/www.tgrthaber.com\/mavikadin\/wp-json\/wp\/v2\/tags?post=207367"}],"curies":[{"name":"wp","href":"https:\/\/api.w.org\/{rel}","templated":true}]}}