{"id":207374,"date":"2025-07-19T16:25:23","date_gmt":"2025-07-19T13:25:23","guid":{"rendered":"https:\/\/www.tgrthaber.com\/mavikadin\/?p=207374"},"modified":"2025-07-19T16:25:24","modified_gmt":"2025-07-19T13:25:24","slug":"ido-tatlises-annesinin-dogum-gununu-kutladi-pastaya-surpriz-misafirler-geldi","status":"publish","type":"post","link":"https:\/\/www.tgrthaber.com\/mavikadin\/ido-tatlises-annesinin-dogum-gununu-kutladi-pastaya-surpriz-misafirler-geldi\/","title":{"rendered":"\u0130do Tatl\u0131ses annesinin do\u011fum g\u00fcn\u00fcn\u00fc kutlad\u0131! Pastaya s\u00fcrpriz misafirler geldi"},"content":{"rendered":"<p>Derya Tuna ile \u0130brahim Tatl\u0131ses\u2019in evliliklerinden d\u00fcnyaya gelen \u0130do Tatl\u0131ses sosyal medyada g\u00fcndem oldu. Annesi Derya Tuna\u2019n\u0131n yeni ya\u015f\u0131n\u0131 kutlayan Tatl\u0131ses Instagram hesab\u0131ndan bir video payla\u015ft\u0131.<\/p>\n<h3>\u0130DO TATLISES ANNES\u0130N\u0130N DO\u011eUM G\u00dcN\u00dcN\u00dc KUTLADI!<\/h3>\n<p>\u00dcnl\u00fc t\u00fcrk\u00fcc\u00fc \u0130brahim Tatl\u0131ses\u2019in o\u011flu \u0130do Tatl\u0131ses annesi Derya Tuna\u2019n\u0131n yeni ya\u015f\u0131n\u0131 sosyal medya hesab\u0131 \u00fczerinden kutlad\u0131.<\/p>\n<p>\u0130do, minik ikizleri Emir ve Ayel ile birlikte haz\u0131rlad\u0131\u011f\u0131 s\u00fcrprizi sosyal medya hesab\u0131ndan takip\u00e7ileriyle payla\u015ft\u0131.<\/p>\n<p><img loading=\"lazy\" decoding=\"async\" class=\"alignnone size-full wp-image-207375\" src=\"https:\/\/www.tgrthaber.com\/mavikadin\/wp-content\/uploads\/Derya-Tuna-2.png\" alt=\"\" width=\"1208\" height=\"680\" title=\"\" srcset=\"https:\/\/www.tgrthaber.com\/mavikadin\/wp-content\/uploads\/Derya-Tuna-2.png 1208w, https:\/\/www.tgrthaber.com\/mavikadin\/wp-content\/uploads\/Derya-Tuna-2-300x169.png 300w, https:\/\/www.tgrthaber.com\/mavikadin\/wp-content\/uploads\/Derya-Tuna-2-1024x576.png 1024w, https:\/\/www.tgrthaber.com\/mavikadin\/wp-content\/uploads\/Derya-Tuna-2-768x432.png 768w\" sizes=\"(max-width: 1208px) 100vw, 1208px\" \/><\/p>\n<hr \/>\n<h3>DERYA TUNA \u0130LE \u0130BRAH\u0130M TATLISES NASIL TANI\u015eTI?<\/h3>\n<p>1983 y\u0131l\u0131nda G\u00fcnah filminin \u00e7ekildi\u011fi d\u00f6nemde \u0130brahim Tatl\u0131ses ile tan\u0131\u015fan Derya Tuna&#8217;n\u0131n bu birlikteli\u011finden o\u011fullar\u0131 \u0130do d\u00fcnyaya geldi.<\/p>\n<h3>\u0130K\u0130ZLER\u0130N PASTA MERAKI<\/h3>\n<p>\u0130kizlerin do\u011fum g\u00fcn\u00fc pastas\u0131na duyduklar\u0131 ilgi ise g\u00fcl\u00fcmsetti. Pastaya olduk\u00e7a i\u015ftahl\u0131 bakan miniklerin bu tatl\u0131 hallerine binlerce yorum ve be\u011feni geldi.<\/p>\n<p>\u0130do Tatl\u0131ses, payla\u015f\u0131m\u0131na &#8220;Pastas\u0131na g\u00f6z dikenler. \u0130yi ki do\u011fdun anam&#8221; notunu ekleyerek duygusal bir tebess\u00fcm b\u0131rakt\u0131.<\/p>\n<p><img loading=\"lazy\" decoding=\"async\" class=\"alignnone size-full wp-image-207376\" src=\"https:\/\/www.tgrthaber.com\/mavikadin\/wp-content\/uploads\/Derya-Tuna-3.png\" alt=\"\" width=\"1208\" height=\"680\" title=\"\" srcset=\"https:\/\/www.tgrthaber.com\/mavikadin\/wp-content\/uploads\/Derya-Tuna-3.png 1208w, https:\/\/www.tgrthaber.com\/mavikadin\/wp-content\/uploads\/Derya-Tuna-3-300x169.png 300w, https:\/\/www.tgrthaber.com\/mavikadin\/wp-content\/uploads\/Derya-Tuna-3-1024x576.png 1024w, https:\/\/www.tgrthaber.com\/mavikadin\/wp-content\/uploads\/Derya-Tuna-3-768x432.png 768w\" sizes=\"(max-width: 1208px) 100vw, 1208px\" \/><\/p>\n<hr \/>\n<h3>DERYA TUNA 60 YA\u015eINA G\u0130RD\u0130<\/h3>\n<p>60 ya\u015f\u0131na giren Derya Tuna \u00f6zel g\u00fcn\u00fcyle ilgili sosyal medya hesab\u0131ndan samimi bir mesaj payla\u015ft\u0131. Tuna, &#8220;Can sular\u0131m, \u00f6mr\u00fcm, babaannesinin canlar\u0131\u2026 Pastas\u0131 ve \u00e7i\u00e7ekleri ile birlikte g\u00fczel k\u0131z\u0131m Yasemin ve o\u011flum \u0130do ile en g\u00fczel do\u011fum g\u00fcn\u00fcm\u00fc kutlad\u0131m.&#8221; ifadeleriyle mutlulu\u011funu dile getirdi.<\/p>\n<p>Do\u011fum g\u00fcn\u00fcn\u00fc ailesiyle ge\u00e7irmekten b\u00fcy\u00fck mutluluk duyan Derya Tuna yeni ya\u015f\u0131na sevgi dolu bir an\u0131yla merhaba dedi. Tuna\u2019n\u0131n aile foto\u011fraflar\u0131 sosyal medyada b\u00fcy\u00fck ilgi g\u00f6r\u00fcrken takip\u00e7ileri Tuna\u2019ya mutluluk ve sa\u011fl\u0131k dileklerinde bulundu. Bu kutlamayla anne o\u011ful aras\u0131ndaki ba\u011f bir kere daha g\u00f6zler \u00f6n\u00fcne serildi.<\/p>\n<p><img loading=\"lazy\" decoding=\"async\" class=\"alignnone size-full wp-image-207377\" src=\"https:\/\/www.tgrthaber.com\/mavikadin\/wp-content\/uploads\/Derya-Tuna-4.png\" alt=\"\" width=\"1208\" height=\"680\" title=\"\" srcset=\"https:\/\/www.tgrthaber.com\/mavikadin\/wp-content\/uploads\/Derya-Tuna-4.png 1208w, https:\/\/www.tgrthaber.com\/mavikadin\/wp-content\/uploads\/Derya-Tuna-4-300x169.png 300w, https:\/\/www.tgrthaber.com\/mavikadin\/wp-content\/uploads\/Derya-Tuna-4-1024x576.png 1024w, https:\/\/www.tgrthaber.com\/mavikadin\/wp-content\/uploads\/Derya-Tuna-4-768x432.png 768w\" sizes=\"(max-width: 1208px) 100vw, 1208px\" \/><\/p>\n<hr \/>\n<h3>YASEM\u0130N \u015eEFKATL\u0130 DE KUTLAMAYI \u0130HMAL ETMED\u0130<\/h3>\n<p>\u0130do Tatl\u0131ses\u2019in e\u015fi Yasemin \u015eefkatli de Derya Tuna\u2019n\u0131n do\u011fum g\u00fcn\u00fcn\u00fc kutlad\u0131. \u0130do Tatl\u0131ses ile mutlu bir evlili\u011fi olan Yasemin \u015eefkatli 60 ya\u015f\u0131na giren Tuna\u2019n\u0131n do\u011fum g\u00fcn\u00fcn\u00fc Instagram hesab\u0131ndan kutlad\u0131.<\/p>\n<p><img loading=\"lazy\" decoding=\"async\" class=\"alignnone size-full wp-image-207379\" src=\"https:\/\/www.tgrthaber.com\/mavikadin\/wp-content\/uploads\/Derya-Tuna-5.png\" alt=\"\" width=\"1208\" height=\"680\" title=\"\" srcset=\"https:\/\/www.tgrthaber.com\/mavikadin\/wp-content\/uploads\/Derya-Tuna-5.png 1208w, https:\/\/www.tgrthaber.com\/mavikadin\/wp-content\/uploads\/Derya-Tuna-5-300x169.png 300w, https:\/\/www.tgrthaber.com\/mavikadin\/wp-content\/uploads\/Derya-Tuna-5-1024x576.png 1024w, https:\/\/www.tgrthaber.com\/mavikadin\/wp-content\/uploads\/Derya-Tuna-5-768x432.png 768w\" sizes=\"(max-width: 1208px) 100vw, 1208px\" \/><\/p>\n<hr \/>\n<h3>&#8220;S\u0130Z\u0130 SEV\u0130YORUZ BABAN\u0130\u015e&#8221;<\/h3>\n<p>\u015eefkatli, &#8221;\u0130yi ki vars\u0131n\u0131z. Nice g\u00fczel sa\u011fl\u0131kla, huzurla, mutlulukla y\u0131llar\u0131n\u0131z olsun. Sizi seviyoruz babani\u015f&#8221; notunu d\u00fc\u015ft\u00fc.<\/p>\n","protected":false},"excerpt":{"rendered":"<p>\u0130brahim Tatl\u0131ses\u2019in o\u011flu \u0130do Tatl\u0131ses annesinin do\u011fum g\u00fcn\u00fcn\u00fc kutlad\u0131. Sosyal medya hesab\u0131ndan payla\u015f\u0131mda bulunan Tatl\u0131ses annesi i\u00e7in &#8220;\u0130yi ki do\u011fdun anam&#8221; dedi.<\/p>\n","protected":false},"author":5,"featured_media":207378,"comment_status":"closed","ping_status":"closed","sticky":false,"template":"","format":"standard","meta":{"rank_math_lock_modified_date":false,"footnotes":""},"categories":[76],"tags":[3784,2415,133,2414],"class_list":["post-207374","post","type-post","status-publish","format-standard","has-post-thumbnail","hentry","category-magazin","tag-derya-tuna","tag-ido-tatlises","tag-magazin","tag-yasemin-sefkatli"],"_links":{"self":[{"href":"https:\/\/www.tgrthaber.com\/mavikadin\/wp-json\/wp\/v2\/posts\/207374"}],"collection":[{"href":"https:\/\/www.tgrthaber.com\/mavikadin\/wp-json\/wp\/v2\/posts"}],"about":[{"href":"https:\/\/www.tgrthaber.com\/mavikadin\/wp-json\/wp\/v2\/types\/post"}],"author":[{"embeddable":true,"href":"https:\/\/www.tgrthaber.com\/mavikadin\/wp-json\/wp\/v2\/users\/5"}],"replies":[{"embeddable":true,"href":"https:\/\/www.tgrthaber.com\/mavikadin\/wp-json\/wp\/v2\/comments?post=207374"}],"version-history":[{"count":2,"href":"https:\/\/www.tgrthaber.com\/mavikadin\/wp-json\/wp\/v2\/posts\/207374\/revisions"}],"predecessor-version":[{"id":207381,"href":"https:\/\/www.tgrthaber.com\/mavikadin\/wp-json\/wp\/v2\/posts\/207374\/revisions\/207381"}],"wp:featuredmedia":[{"embeddable":true,"href":"https:\/\/www.tgrthaber.com\/mavikadin\/wp-json\/wp\/v2\/media\/207378"}],"wp:attachment":[{"href":"https:\/\/www.tgrthaber.com\/mavikadin\/wp-json\/wp\/v2\/media?parent=207374"}],"wp:term":[{"taxonomy":"category","embeddable":true,"href":"https:\/\/www.tgrthaber.com\/mavikadin\/wp-json\/wp\/v2\/categories?post=207374"},{"taxonomy":"post_tag","embeddable":true,"href":"https:\/\/www.tgrthaber.com\/mavikadin\/wp-json\/wp\/v2\/tags?post=207374"}],"curies":[{"name":"wp","href":"https:\/\/api.w.org\/{rel}","templated":true}]}}