{"id":207421,"date":"2025-07-19T18:05:02","date_gmt":"2025-07-19T15:05:02","guid":{"rendered":"https:\/\/www.tgrthaber.com\/mavikadin\/?p=207421"},"modified":"2025-07-19T18:05:02","modified_gmt":"2025-07-19T15:05:02","slug":"aras-aydinin-duygusal-dogum-gunu-mesaji-esi-melis-birkani-sevindirdi-sosyal-medyayi-karistirdi-herkes-bunukonusuyor","status":"publish","type":"post","link":"https:\/\/www.tgrthaber.com\/mavikadin\/aras-aydinin-duygusal-dogum-gunu-mesaji-esi-melis-birkani-sevindirdi-sosyal-medyayi-karistirdi-herkes-bunukonusuyor\/","title":{"rendered":"Aras Ayd\u0131n\u2019\u0131n duygusal do\u011fum g\u00fcn\u00fc mesaj\u0131 e\u015fi Melis Birkan\u2019\u0131 sevindirdi sosyal medyay\u0131 kar\u0131\u015ft\u0131rd\u0131! Herkes bunukonu\u015fuyor"},"content":{"rendered":"<p class=\"p1\">\u00dcnl\u00fc oyuncu Aras Ayd\u0131n, son d\u00f6nemin en \u00e7ok konu\u015fulan isimleri aras\u0131nda yer al\u0131yor. \u00d6zellikle 2025 y\u0131l\u0131nda d\u00fcnyaca \u00fcnl\u00fc Nine Perfect Strangers dizisinin ikinci sezon kadrosuna dahil olmas\u0131yla ad\u0131n\u0131 uluslararas\u0131 alanda da duyuran isim \u00f6nemli bir \u00e7\u0131k\u0131\u015f yapt\u0131. Meslekta\u015f\u0131 Melis Birkan\u2019la uzun s\u00fcredir mutlu evliliklerine devam eden ikiliden Aras Ayd\u0131n\u2019\u0131n son payla\u015f\u0131m\u0131 dikkat \u00e7ekti. E\u015fine olan sevgisini her f\u0131rsatta dile getiren Aras Ayd\u0131n, e\u015fi Melis Birkan\u2019\u0131n do\u011fum g\u00fcn\u00fcn\u00fc sosyal medya hesab\u0131ndan payla\u015ft\u0131\u011f\u0131 duygusal mesajla kutlad\u0131. Ayd\u0131n\u2019\u0131n mesaj\u0131 e\u015fi Melis Birkan\u2019\u0131 sevindirirken, sosyal medya kullan\u0131c\u0131lar\u0131n\u0131 ikiye b\u00f6ld\u00fc.<\/p>\n<h3>ARAS AYDIN&#8217;IN DUYGUSAL DO\u011eUM G\u00dcN\u00dc MESAJI E\u015e\u0130 MEL\u0130S B\u0130RKAN&#8217;I SEV\u0130ND\u0130RD\u0130 SOSYAL MEDYAYI KARI\u015eTIRDI<\/h3>\n<p class=\"p1\">Son d\u00f6nemin en essiz ama en g\u00fc\u00e7l\u00fc a\u015flar\u0131ndan birini ya\u015fayan Aras Ayd\u0131n ve Melis Birkan \u00e7ifti ili\u015fkileriyle g\u00f6z doldurmaya devam ediyor. Aras Ayd\u0131n, 2025 y\u0131l\u0131nda d\u00fcnyaca \u00fcnl\u00fc Nine Perfect Strangers dizisinin ikinci sezon kadrosuna dahil olmas\u0131yla birlikte son d\u00f6nem de dikkat \u00e7eken isimler aras\u0131nda yer alm\u0131\u015ft\u0131.<\/p>\n<p><img loading=\"lazy\" decoding=\"async\" class=\"alignnone wp-image-207422 size-large\" src=\"https:\/\/www.tgrthaber.com\/mavikadin\/wp-content\/uploads\/Ekran-Resmi-2025-07-19-18.01.10-1024x664.png\" alt=\"\" width=\"1024\" height=\"664\" title=\"\" srcset=\"https:\/\/www.tgrthaber.com\/mavikadin\/wp-content\/uploads\/Ekran-Resmi-2025-07-19-18.01.10-1024x664.png 1024w, https:\/\/www.tgrthaber.com\/mavikadin\/wp-content\/uploads\/Ekran-Resmi-2025-07-19-18.01.10-300x194.png 300w, https:\/\/www.tgrthaber.com\/mavikadin\/wp-content\/uploads\/Ekran-Resmi-2025-07-19-18.01.10-768x498.png 768w, https:\/\/www.tgrthaber.com\/mavikadin\/wp-content\/uploads\/Ekran-Resmi-2025-07-19-18.01.10.png 1080w\" sizes=\"(max-width: 1024px) 100vw, 1024px\" \/><\/p>\n<hr \/>\n<p>Hem \u00f6zel hayat\u0131yla hem de ba\u015far\u0131l\u0131 oyunculuk performans\u0131yla ad\u0131ndan s\u00f6z ettiren \u00fcnl\u00fc oyuncu \u015fimdi e\u015fi Melis Birkan\u2019\u0131n do\u011fum g\u00fcn\u00fcnde sosyal medya hesab\u0131ndan yapt\u0131\u011f\u0131 payla\u015f\u0131mla dikkatleri \u00fczerine \u00e7ekti. E\u015fi Birkan\u2019a olan sevgisini her f\u0131rsatta dile getiren yak\u0131\u015f\u0131kl\u0131 oyuncu mesaj\u0131yla sosyal medyay\u0131 da ikiye b\u00f6ld\u00fc.<\/p>\n<p><img loading=\"lazy\" decoding=\"async\" class=\"alignnone wp-image-207425 \" src=\"https:\/\/www.tgrthaber.com\/mavikadin\/wp-content\/uploads\/Ekran-Resmi-2025-07-19-18.01.20.png\" alt=\"\" width=\"982\" height=\"683\" title=\"\" srcset=\"https:\/\/www.tgrthaber.com\/mavikadin\/wp-content\/uploads\/Ekran-Resmi-2025-07-19-18.01.20.png 932w, https:\/\/www.tgrthaber.com\/mavikadin\/wp-content\/uploads\/Ekran-Resmi-2025-07-19-18.01.20-300x209.png 300w, https:\/\/www.tgrthaber.com\/mavikadin\/wp-content\/uploads\/Ekran-Resmi-2025-07-19-18.01.20-768x534.png 768w\" sizes=\"(max-width: 982px) 100vw, 982px\" \/><\/p>\n<hr \/>\n<p class=\"p1\">E\u015finin foto\u011fraflar\u0131n\u0131 payla\u015fan Aras Ayd\u0131n, &#8220;Benim duru, sade g\u00fczeller g\u00fczeli, biricik kar\u0131c\u0131\u011f\u0131m&#8230; Senin olmad\u0131\u011f\u0131n bir hayat dilimi d\u00fc\u015f\u00fcnmek \u00e7ok zor. \u0130yi ki vars\u0131n, iyi ki birlikteyiz ve iyi ki benim p\u0131r\u0131l p\u0131r\u0131l, tertemiz kalpli, yetenekli, \u0131\u015f\u0131kl\u0131 kar\u0131ms\u0131n. Do\u011fum g\u00fcn\u00fcn kutlu olsun sevgilim. Her ko\u015fulda arkanday\u0131m ve seni \u00e7ok seviyorum. Bu a\u015fk i\u015finde tutsak olmak pek haval\u0131. Gece perdesi hafif aral\u0131, Bug\u00fcn de yar\u0131n da ellerinden konu\u015fal\u0131m&#8221; ifadelerini kulland\u0131.<\/p>\n<p><img loading=\"lazy\" decoding=\"async\" class=\"alignnone wp-image-207423 \" src=\"https:\/\/www.tgrthaber.com\/mavikadin\/wp-content\/uploads\/Ekran-Resmi-2025-07-19-18.01.15.png\" alt=\"\" width=\"984\" height=\"774\" title=\"\" srcset=\"https:\/\/www.tgrthaber.com\/mavikadin\/wp-content\/uploads\/Ekran-Resmi-2025-07-19-18.01.15.png 946w, https:\/\/www.tgrthaber.com\/mavikadin\/wp-content\/uploads\/Ekran-Resmi-2025-07-19-18.01.15-300x236.png 300w, https:\/\/www.tgrthaber.com\/mavikadin\/wp-content\/uploads\/Ekran-Resmi-2025-07-19-18.01.15-768x604.png 768w\" sizes=\"(max-width: 984px) 100vw, 984px\" \/><\/p>\n<hr \/>\n<h3 class=\"p1\">SOSYAL MEDYAYI \u0130K\u0130YE B\u00d6LD\u00dc<\/h3>\n<p class=\"p1\">Aras Ayd\u0131n\u2019\u0131n duygusal do\u011fum g\u00fcn\u00fc mesaj\u0131 sosyal medyay\u0131 ikiye b\u00f6ld\u00fc. Baz\u0131 kullan\u0131c\u0131lar, \u2018Adam evde de bu kadar \u00e7ok konu\u015fuyorsa k\u00f6t\u00fc ya.\u2019, &#8220;Mesela g\u00fczel \u015feyler yazm\u0131\u015f ama ileride kocam gelip bunu benimle payla\u015fmak yerine gidip orada burada payla\u015fsa sinir olurum. Kime ne bizim a\u015fk\u0131m\u0131zdan.<\/p>\n<p><img loading=\"lazy\" decoding=\"async\" class=\"alignnone wp-image-207424 \" src=\"https:\/\/www.tgrthaber.com\/mavikadin\/wp-content\/uploads\/Ekran-Resmi-2025-07-19-18.01.25.png\" alt=\"\" width=\"990\" height=\"759\" title=\"\" srcset=\"https:\/\/www.tgrthaber.com\/mavikadin\/wp-content\/uploads\/Ekran-Resmi-2025-07-19-18.01.25.png 944w, https:\/\/www.tgrthaber.com\/mavikadin\/wp-content\/uploads\/Ekran-Resmi-2025-07-19-18.01.25-300x230.png 300w, https:\/\/www.tgrthaber.com\/mavikadin\/wp-content\/uploads\/Ekran-Resmi-2025-07-19-18.01.25-768x589.png 768w\" sizes=\"(max-width: 990px) 100vw, 990px\" \/><\/p>\n<hr \/>\n<p class=\"p1\">Show gibi reklam geliyor. Samimi de\u011fil.&#8221; \u015feklinde ele\u015ftiri ya\u011fd\u0131r\u0131rken baz\u0131lar\u0131, &#8220;Herkese bir tane Aras Ayd\u0131n manifestliyorum.\u201d, &#8220;Duygular\u0131n\u0131 ifade etmekten \u00e7ekinmemek.&#8221; \u015feklinde destekleyici mesajlar yazd\u0131.<\/p>\n","protected":false},"excerpt":{"rendered":"<p>Son d\u00f6nemde hem yapt\u0131\u011f\u0131 i\u015flerle hem de e\u015fi Melis Birkan&#8217; olan \u00f6vg\u00fc dolu s\u00f6zleriyle dikkatleri \u00fczerine \u00e7eken Aras Ayd\u0131n, e\u015finin do\u011fum g\u00fcn\u00fcnde payla\u015ft\u0131\u011f\u0131 duygusal mesajla yine dikkatleri \u00fczerine \u00e7ekti. Aras Ayd\u0131n&#8217;\u0131n mesaj\u0131 sosyal medyay\u0131 ikiye b\u00f6ld\u00fc. <\/p>\n","protected":false},"author":16,"featured_media":207426,"comment_status":"closed","ping_status":"closed","sticky":false,"template":"","format":"standard","meta":{"rank_math_lock_modified_date":false,"footnotes":""},"categories":[76],"tags":[28753,28754,28752,133,2218],"class_list":["post-207421","post","type-post","status-publish","format-standard","has-post-thumbnail","hentry","category-magazin","tag-aras-aydin-esi-melis-birkan-dogum-gunu-mesaji","tag-aras-aydin-esi-melis-birkan-dogum-gunu-sosyal-medyayi-iki-boldu","tag-aras-aydin-melis-birkan-dogum-gunu-mesaji","tag-magazin","tag-magazin-haberleri"],"_links":{"self":[{"href":"https:\/\/www.tgrthaber.com\/mavikadin\/wp-json\/wp\/v2\/posts\/207421"}],"collection":[{"href":"https:\/\/www.tgrthaber.com\/mavikadin\/wp-json\/wp\/v2\/posts"}],"about":[{"href":"https:\/\/www.tgrthaber.com\/mavikadin\/wp-json\/wp\/v2\/types\/post"}],"author":[{"embeddable":true,"href":"https:\/\/www.tgrthaber.com\/mavikadin\/wp-json\/wp\/v2\/users\/16"}],"replies":[{"embeddable":true,"href":"https:\/\/www.tgrthaber.com\/mavikadin\/wp-json\/wp\/v2\/comments?post=207421"}],"version-history":[{"count":1,"href":"https:\/\/www.tgrthaber.com\/mavikadin\/wp-json\/wp\/v2\/posts\/207421\/revisions"}],"predecessor-version":[{"id":207427,"href":"https:\/\/www.tgrthaber.com\/mavikadin\/wp-json\/wp\/v2\/posts\/207421\/revisions\/207427"}],"wp:featuredmedia":[{"embeddable":true,"href":"https:\/\/www.tgrthaber.com\/mavikadin\/wp-json\/wp\/v2\/media\/207426"}],"wp:attachment":[{"href":"https:\/\/www.tgrthaber.com\/mavikadin\/wp-json\/wp\/v2\/media?parent=207421"}],"wp:term":[{"taxonomy":"category","embeddable":true,"href":"https:\/\/www.tgrthaber.com\/mavikadin\/wp-json\/wp\/v2\/categories?post=207421"},{"taxonomy":"post_tag","embeddable":true,"href":"https:\/\/www.tgrthaber.com\/mavikadin\/wp-json\/wp\/v2\/tags?post=207421"}],"curies":[{"name":"wp","href":"https:\/\/api.w.org\/{rel}","templated":true}]}}