{"id":207428,"date":"2025-07-19T18:39:38","date_gmt":"2025-07-19T15:39:38","guid":{"rendered":"https:\/\/www.tgrthaber.com\/mavikadin\/?p=207428"},"modified":"2025-07-19T18:42:27","modified_gmt":"2025-07-19T15:42:27","slug":"kadir-dogulunun-kardesi-asuman-dogulunun-dogum-gununde-neslihan-atagulden-dikkat-ceken-paylasim","status":"publish","type":"post","link":"https:\/\/www.tgrthaber.com\/mavikadin\/kadir-dogulunun-kardesi-asuman-dogulunun-dogum-gununde-neslihan-atagulden-dikkat-ceken-paylasim\/","title":{"rendered":"Kadir Do\u011fulu&#8217;nun karde\u015fi Asuman Do\u011fulu&#8217;nun do\u011fum g\u00fcn\u00fcnde Neslihan Atag\u00fcl&#8217;den dikkat \u00e7eken payla\u015f\u0131m!"},"content":{"rendered":"<p class=\"p2\">Kadir Do\u011fulu ile evli olan Neslihan Atag\u00fcl 5 ay \u00f6nce o\u011flu Aziz\u2019i kuca\u011f\u0131na alm\u0131\u015ft\u0131. Sosyal medya payla\u015f\u0131mlar\u0131yla dikkatleri \u00fczerine \u00e7eken g\u00fczel oyuncu bu sefer e\u015fi Kadir Do\u011fulu\u2019nun karde\u015fi Asuman Do\u011fulu i\u00e7in payla\u015ft\u0131\u011f\u0131 do\u011fum g\u00fcn\u00fc mesaj\u0131yla dikkatleri \u00fczerine \u00e7ekti. G\u00f6r\u00fcmcesi i\u00e7in payla\u015ft\u0131\u011f\u0131 mesaja sosyal medyadan be\u011feni ya\u011fd\u0131.<\/p>\n<h3 class=\"p2\">KAD\u0130R DO\u011eULU\u2019NUN KARDE\u015e\u0130 ASUMAN DO\u011eULU\u2019NUN DO\u011eUM G\u00dcN\u00dcNDE NESL\u0130HAN ATAG\u00dcL\u2019DEN D\u0130KKAT \u00c7EKEN PAYLA\u015eIM<\/h3>\n<p class=\"p2\">Kadir Do\u011fulu ile Neslihan Atag\u00fcl, Fatih Harbiye dizisinde tan\u0131\u015fm\u0131\u015ft\u0131. Dizideki arkada\u015fl\u0131klar\u0131 bir s\u00fcre sonra a\u015fka d\u00f6n\u00fc\u015fen \u00e7ift beraberliklerini evlilikle ta\u00e7land\u0131rm\u0131\u015ft\u0131. G\u00fczel oyuncu, &#8220;Bir s\u00fcre daha bu &#8216;mutlulu\u011fumuzu&#8217; mahrem tutmak isterdik. Hakk\u0131m\u0131z da buydu a\u00e7\u0131k\u00e7as\u0131&#8230; Velhas\u0131lkelam; Biz mutluyuz, memnunuz ve iyiyiz.&#8221; bu s\u00f6zlerle hamile oldu\u011funu duyurmu\u015ftu.<\/p>\n<p><img loading=\"lazy\" decoding=\"async\" class=\"alignnone wp-image-207436 size-large\" src=\"https:\/\/www.tgrthaber.com\/mavikadin\/wp-content\/uploads\/Ekran-Resmi-2025-07-19-18.33.09-1024x666.png\" alt=\"\" width=\"1024\" height=\"666\" title=\"\" srcset=\"https:\/\/www.tgrthaber.com\/mavikadin\/wp-content\/uploads\/Ekran-Resmi-2025-07-19-18.33.09-1024x666.png 1024w, https:\/\/www.tgrthaber.com\/mavikadin\/wp-content\/uploads\/Ekran-Resmi-2025-07-19-18.33.09-300x195.png 300w, https:\/\/www.tgrthaber.com\/mavikadin\/wp-content\/uploads\/Ekran-Resmi-2025-07-19-18.33.09-768x499.png 768w, https:\/\/www.tgrthaber.com\/mavikadin\/wp-content\/uploads\/Ekran-Resmi-2025-07-19-18.33.09.png 1366w\" sizes=\"(max-width: 1024px) 100vw, 1024px\" \/><\/p>\n<hr \/>\n<p class=\"p2\">\u00a0Magazin d\u00fcnyas\u0131n\u0131n g\u00f6zde \u00e7iftlerinden olan ikili k\u0131sa bir s\u00fcre \u00f6nce anne baba olman\u0131n heyecan\u0131n\u0131 ya\u015fad\u0131.\u00a0 \u0130lk \u00e7ocuklar\u0131na Aziz ismini veren ikili s\u0131k s\u0131k payla\u015f\u0131m yapmaya devam ediyor. Sosyal<span class=\"Apple-converted-space\">\u00a0 <\/span>medyay\u0131 aktif olarak kullanan isimlerden biri olan Neslihan Atag\u00fcl, son olarak g\u00f6r\u00fcmcesi Asuman Do\u011fulu\u2019nun do\u011fum g\u00fcn\u00fcnde yapt\u0131\u011f\u0131 payla\u015f\u0131mla dikkatleri \u00fczerine \u00e7ekti. Neslihan Atag\u00fcl g\u00f6r\u00fcmcesi Asuman Do\u011fulu ile hamilelik d\u00f6nemlerinde \u00e7ekildikleri<span class=\"Apple-converted-space\">\u00a0 <\/span>bir foto\u011fraf\u0131n\u0131 payla\u015farak,<span class=\"Apple-converted-space\">\u00a0 <\/span>&#8220;Do\u011fum g\u00fcn\u00fcn kutlu olsun can\u0131m benim. Sayende bir k\u0131z evlad\u0131m oldu&#8221; notunu d\u00fc\u015ft\u00fc.<\/p>\n<p><img loading=\"lazy\" decoding=\"async\" class=\"alignnone wp-image-207437 \" src=\"https:\/\/www.tgrthaber.com\/mavikadin\/wp-content\/uploads\/Ekran-Resmi-2025-07-19-18.33.41.png\" alt=\"\" width=\"994\" height=\"1127\" title=\"\" srcset=\"https:\/\/www.tgrthaber.com\/mavikadin\/wp-content\/uploads\/Ekran-Resmi-2025-07-19-18.33.41.png 778w, https:\/\/www.tgrthaber.com\/mavikadin\/wp-content\/uploads\/Ekran-Resmi-2025-07-19-18.33.41-265x300.png 265w, https:\/\/www.tgrthaber.com\/mavikadin\/wp-content\/uploads\/Ekran-Resmi-2025-07-19-18.33.41-768x871.png 768w\" sizes=\"(max-width: 994px) 100vw, 994px\" \/><\/p>\n<hr \/>\n<h3 class=\"p2\">NESL\u0130HAN ATAG\u00dcL\u2019\u00dcN PAYLA\u015eIMINA BE\u011eEN\u0130 YA\u011eDI<\/h3>\n<p class=\"p2\">Sosyal medya kullan\u0131c\u0131lar\u0131 Neslihan Atag\u00fcl\u2019\u00fcn bu samimi ve i\u00e7ten payla\u015f\u0131m\u0131na be\u011feni ya\u011fd\u0131rd\u0131. Kullan\u0131c\u0131lar, \u2018B\u00f6yle g\u00f6r\u00fcmce dostlar ba\u015f\u0131na\u2019, \u2018G\u00f6r\u00fcmcemle kendimi d\u00fc\u015f\u00fcnd\u00fcm bi\u2019, \u2018Hayallerimdeki g\u00f6r\u00fcmce\u2019 \u015feklinde yorumlar ya\u011fd\u0131rd\u0131.<\/p>\n<p><img loading=\"lazy\" decoding=\"async\" class=\"alignnone wp-image-207438 size-large\" src=\"https:\/\/www.tgrthaber.com\/mavikadin\/wp-content\/uploads\/Ekran-Resmi-2025-07-19-18.33.32-1024x623.png\" alt=\"\" width=\"1024\" height=\"623\" title=\"\" srcset=\"https:\/\/www.tgrthaber.com\/mavikadin\/wp-content\/uploads\/Ekran-Resmi-2025-07-19-18.33.32-1024x623.png 1024w, https:\/\/www.tgrthaber.com\/mavikadin\/wp-content\/uploads\/Ekran-Resmi-2025-07-19-18.33.32-300x182.png 300w, https:\/\/www.tgrthaber.com\/mavikadin\/wp-content\/uploads\/Ekran-Resmi-2025-07-19-18.33.32-768x467.png 768w, https:\/\/www.tgrthaber.com\/mavikadin\/wp-content\/uploads\/Ekran-Resmi-2025-07-19-18.33.32.png 1230w\" sizes=\"(max-width: 1024px) 100vw, 1024px\" \/><\/p>\n<hr \/>\n<h3>NESL\u0130HAN ATAG\u00dcL K\u0130MD\u0130R KA\u00c7 YA\u015eINDA?<\/h3>\n<p class=\"p1\">Neslihan Atag\u00fcl 1992 do\u011fumludur.<span class=\"Apple-converted-space\">\u00a0 <\/span>Annesi Beyaz Rus, babas\u0131 \u00c7erkes k\u00f6kenli olan oyuncu 2005 y\u0131l\u0131nda Erberk Ajansa kay\u0131t yapt\u0131rmas\u0131yla dikkatleri \u00fczerine \u00e7ekmi\u015ftir. 2 ay sonra bir reklam filminde oynayan oyuncu bu reklamla b\u00fcy\u00fck bir \u00e7\u0131k\u0131\u015f yakalam\u0131\u015f ad\u0131ndan s\u00f6z ettirmi\u015ftir.<\/p>\n<p><img loading=\"lazy\" decoding=\"async\" class=\"alignnone wp-image-207439 size-large\" src=\"https:\/\/www.tgrthaber.com\/mavikadin\/wp-content\/uploads\/Ekran-Resmi-2025-07-19-18.33.24-1024x744.png\" alt=\"\" width=\"1024\" height=\"744\" title=\"\" srcset=\"https:\/\/www.tgrthaber.com\/mavikadin\/wp-content\/uploads\/Ekran-Resmi-2025-07-19-18.33.24-1024x744.png 1024w, https:\/\/www.tgrthaber.com\/mavikadin\/wp-content\/uploads\/Ekran-Resmi-2025-07-19-18.33.24-300x218.png 300w, https:\/\/www.tgrthaber.com\/mavikadin\/wp-content\/uploads\/Ekran-Resmi-2025-07-19-18.33.24-768x558.png 768w, https:\/\/www.tgrthaber.com\/mavikadin\/wp-content\/uploads\/Ekran-Resmi-2025-07-19-18.33.24.png 1384w\" sizes=\"(max-width: 1024px) 100vw, 1024px\" \/><\/p>\n<hr \/>\n<p class=\"p1\">Yeditepe \u00dcniversitesi Tiyatro b\u00f6l\u00fcm\u00fcnde okuyan Neslihan Atag\u00fcl, as\u0131l \u00e7\u0131k\u0131\u015f\u0131n\u0131 Yaprak D\u00f6k\u00fcm\u00fc dizisinde Deniz karakteriyle yapm\u0131\u015ft\u0131r. Bu rolden sonra pek \u00e7ok farkl\u0131 yap\u0131mlarda yer alm\u0131\u015f, oyunculu\u011fu ile dikkatleri \u00fczerine \u00e7ekmi\u015ftir.<\/p>\n<p>&nbsp;<\/p>\n","protected":false},"excerpt":{"rendered":"<p>Kadir Do\u011fulu&#8217;nun karde\u015fi Asuman Do\u011fulu&#8217;nun do\u011fum g\u00fcn\u00fcnde, Neslihan Atag\u00fcl&#8217;\u00fcn, g\u00f6r\u00fcmcesi i\u00e7in yapt\u0131\u011f\u0131 payla\u015f\u0131m dikkat \u00e7ekti. Sosyal medya kullan\u0131c\u0131lar\u0131 Neslihan Atag\u00fcl&#8217;e yorum ya\u011fd\u0131rd\u0131. <\/p>\n","protected":false},"author":16,"featured_media":207440,"comment_status":"closed","ping_status":"closed","sticky":false,"template":"","format":"standard","meta":{"rank_math_lock_modified_date":false,"footnotes":""},"categories":[76],"tags":[28759,133,2218,28760,28758],"class_list":["post-207428","post","type-post","status-publish","format-standard","has-post-thumbnail","hentry","category-magazin","tag-kadir-dogulu-kardesi-asuman-dogulu-neslihan-atagul-dogum-gunu-mesaji","tag-magazin","tag-magazin-haberleri","tag-neslihan-atagul-asuman-dogulu-dogum-gunu","tag-neslihan-atagul-gorumcesi-asuman-dogulu-dogum-gunu"],"_links":{"self":[{"href":"https:\/\/www.tgrthaber.com\/mavikadin\/wp-json\/wp\/v2\/posts\/207428"}],"collection":[{"href":"https:\/\/www.tgrthaber.com\/mavikadin\/wp-json\/wp\/v2\/posts"}],"about":[{"href":"https:\/\/www.tgrthaber.com\/mavikadin\/wp-json\/wp\/v2\/types\/post"}],"author":[{"embeddable":true,"href":"https:\/\/www.tgrthaber.com\/mavikadin\/wp-json\/wp\/v2\/users\/16"}],"replies":[{"embeddable":true,"href":"https:\/\/www.tgrthaber.com\/mavikadin\/wp-json\/wp\/v2\/comments?post=207428"}],"version-history":[{"count":3,"href":"https:\/\/www.tgrthaber.com\/mavikadin\/wp-json\/wp\/v2\/posts\/207428\/revisions"}],"predecessor-version":[{"id":207443,"href":"https:\/\/www.tgrthaber.com\/mavikadin\/wp-json\/wp\/v2\/posts\/207428\/revisions\/207443"}],"wp:featuredmedia":[{"embeddable":true,"href":"https:\/\/www.tgrthaber.com\/mavikadin\/wp-json\/wp\/v2\/media\/207440"}],"wp:attachment":[{"href":"https:\/\/www.tgrthaber.com\/mavikadin\/wp-json\/wp\/v2\/media?parent=207428"}],"wp:term":[{"taxonomy":"category","embeddable":true,"href":"https:\/\/www.tgrthaber.com\/mavikadin\/wp-json\/wp\/v2\/categories?post=207428"},{"taxonomy":"post_tag","embeddable":true,"href":"https:\/\/www.tgrthaber.com\/mavikadin\/wp-json\/wp\/v2\/tags?post=207428"}],"curies":[{"name":"wp","href":"https:\/\/api.w.org\/{rel}","templated":true}]}}