{"id":207444,"date":"2025-07-19T19:13:16","date_gmt":"2025-07-19T16:13:16","guid":{"rendered":"https:\/\/www.tgrthaber.com\/mavikadin\/?p=207444"},"modified":"2025-07-19T23:52:38","modified_gmt":"2025-07-19T20:52:38","slug":"kadir-dogulunun-kardesi-asuman-dogulu-kimdir-kac-yasinda-asuman-dogulu-ne-is-yapiyor","status":"publish","type":"post","link":"https:\/\/www.tgrthaber.com\/mavikadin\/kadir-dogulunun-kardesi-asuman-dogulu-kimdir-kac-yasinda-asuman-dogulu-ne-is-yapiyor\/","title":{"rendered":"Kadir Do\u011fulu&#8217;nun karde\u015fi Asuman Do\u011fulu kimdir ka\u00e7 ya\u015f\u0131nda? Asuman Do\u011fulu ne i\u015f yap\u0131yor?"},"content":{"rendered":"<p>Kadir Do\u011fulu&#8217;nun e\u015fi Neslihan Atag\u00fcl, g\u00f6r\u00fcmcesi Asuman Do\u011fulu&#8217;nun do\u011fum g\u00fcn\u00fcnde yapt\u0131\u011f\u0131 payla\u015f\u0131m sonras\u0131 Asuman Do\u011fulu&#8217;nun hayat\u0131 merak edilmeye ba\u015fland\u0131. Sosyal medya kullanc\u0131lar\u0131 &#8216;Kadir Do\u011fulu&#8217;nun karde\u015fi Asuman Do\u011fulu kimdir, ka\u00e7 ya\u015f\u0131nda, ne i\u015f yap\u0131yor?&#8217; sorular\u0131n\u0131n cevaplar\u0131n\u0131 merak ediyor. \u0130\u015fte detaylar&#8230;<\/p>\n<h3>NESL\u0130HAN ATAG\u00dcL KAD\u0130R DO\u011eULU&#8217;NUN KARDE\u015e\u0130 ASUMAN DO\u011eULU&#8217;NUN DO\u011eUM G\u00dcN\u00dcNDE YAPTI\u011eI PAYLA\u015eIMLA D\u0130KKAT \u00c7EKM\u0130\u015e\u0130!<\/h3>\n<p class=\"p2\">Sosyal medya payla\u015f\u0131mlar\u0131yla dikkat \u00e7eken g\u00fczel oyuncu Neslihan Atag\u00fcl uzun s\u00fcredir ekrandan uzak bir ya\u015fam s\u00fcr\u00fcyor. E\u015fi Kadir Do\u011fulu ile Fatih Harbiye setinde ba\u015flayan ili\u015fkileri a\u015fka d\u00f6n\u00fc\u015fm\u00fc\u015f ve ikili beraberliklerini evlilikle ta\u00e7land\u0131rm\u0131\u015ft\u0131. Mutlu beraberliklerine devam eden \u00e7ift 5 ay \u00f6nce o\u011fullar\u0131 Aziz\u2019i kucaklar\u0131na alarak mutluluklar\u0131n\u0131 katlad\u0131.<\/p>\n<p><img loading=\"lazy\" decoding=\"async\" class=\"alignnone wp-image-207445 size-large\" src=\"https:\/\/www.tgrthaber.com\/mavikadin\/wp-content\/uploads\/Ekran-Resmi-2025-07-19-18.33.24-1-1024x744.png\" alt=\"\" width=\"1024\" height=\"744\" title=\"\" srcset=\"https:\/\/www.tgrthaber.com\/mavikadin\/wp-content\/uploads\/Ekran-Resmi-2025-07-19-18.33.24-1-1024x744.png 1024w, https:\/\/www.tgrthaber.com\/mavikadin\/wp-content\/uploads\/Ekran-Resmi-2025-07-19-18.33.24-1-300x218.png 300w, https:\/\/www.tgrthaber.com\/mavikadin\/wp-content\/uploads\/Ekran-Resmi-2025-07-19-18.33.24-1-768x558.png 768w, https:\/\/www.tgrthaber.com\/mavikadin\/wp-content\/uploads\/Ekran-Resmi-2025-07-19-18.33.24-1.png 1384w\" sizes=\"(max-width: 1024px) 100vw, 1024px\" \/><\/p>\n<hr \/>\n<p class=\"p2\">Aile ya\u015famlar\u0131na olan ba\u011fl\u0131l\u0131klar\u0131n\u0131 her f\u0131rsatta dile getiren ikiliden Neslihan Atag\u00fcl son payla\u015f\u0131m\u0131 ile dikkat \u00e7ekti. G\u00f6r\u00fcmcesi Asuman Do\u011fulu\u2019nun do\u011fum g\u00fcn\u00fcn de yapt\u0131\u011f\u0131 payla\u015f\u0131m sosyal medyada alk\u0131\u015f toplad\u0131. Neslihan Atag\u00fcl, g\u00f6r\u00fcmcesi ile hamilelik d\u00f6nemine ait bir foto\u011fraf\u0131 payla\u015farak,<span class=\"Apple-converted-space\">\u00a0 <\/span>\u201cDo\u011fum g\u00fcn\u00fcn kutlu olsun can\u0131m benim. Sayende bir k\u0131z evlad\u0131m oldu\u201d notunu d\u00fc\u015ft\u00fc.<\/p>\n<p><img loading=\"lazy\" decoding=\"async\" class=\"alignnone wp-image-207446 \" src=\"https:\/\/www.tgrthaber.com\/mavikadin\/wp-content\/uploads\/Ekran-Resmi-2025-07-19-18.33.41-1.png\" alt=\"\" width=\"985\" height=\"1117\" title=\"\" srcset=\"https:\/\/www.tgrthaber.com\/mavikadin\/wp-content\/uploads\/Ekran-Resmi-2025-07-19-18.33.41-1.png 778w, https:\/\/www.tgrthaber.com\/mavikadin\/wp-content\/uploads\/Ekran-Resmi-2025-07-19-18.33.41-1-265x300.png 265w, https:\/\/www.tgrthaber.com\/mavikadin\/wp-content\/uploads\/Ekran-Resmi-2025-07-19-18.33.41-1-768x871.png 768w\" sizes=\"(max-width: 985px) 100vw, 985px\" \/><\/p>\n<hr \/>\n<p class=\"p2\">Neslihan Atag\u00fcl\u2019\u00fcn bu payla\u015f\u0131m\u0131 sosyal medyada da be\u011feni ve yorum ya\u011fmuruna tutuldu. Atag\u00fcl\u2019\u00fcn payla\u015f\u0131m\u0131 sonras\u0131 Kadir Do\u011fulu\u2019nun karde\u015fi Asuman Do\u011fulu\u2019nun \u00f6zel hayat\u0131 da merak edildi.<\/p>\n<p><img loading=\"lazy\" decoding=\"async\" class=\"alignnone wp-image-207447 size-full\" src=\"https:\/\/www.tgrthaber.com\/mavikadin\/wp-content\/uploads\/Ekran-Resmi-2025-07-19-19.02.37.png\" alt=\"\" width=\"988\" height=\"752\" title=\"\" srcset=\"https:\/\/www.tgrthaber.com\/mavikadin\/wp-content\/uploads\/Ekran-Resmi-2025-07-19-19.02.37.png 988w, https:\/\/www.tgrthaber.com\/mavikadin\/wp-content\/uploads\/Ekran-Resmi-2025-07-19-19.02.37-300x228.png 300w, https:\/\/www.tgrthaber.com\/mavikadin\/wp-content\/uploads\/Ekran-Resmi-2025-07-19-19.02.37-768x585.png 768w\" sizes=\"(max-width: 988px) 100vw, 988px\" \/><\/p>\n<hr \/>\n<p class=\"p1\">Asuman Do\u011fulu Kadir ve Kemal Do\u011fulu\u2019nun k\u0131z karde\u015fidir. 2017 y\u0131l\u0131nda bir s\u00fcredir birlikte oldu\u011fu Serdar Turhan ile evlenmi\u015ftir. \u00c7ift, Ey\u00fcp Belediyesi nikah salonunda k\u0131y\u0131lan nikahla d\u00fcnyaevine girmi\u015ftir. D\u00fc\u011f\u00fcn sonras\u0131 t\u00f6ren i\u00e7in Taksim&#8217;deki Mr Cas Hotel&#8217; ge\u00e7ilmi\u015ftir. Kadir Do\u011fulu t\u00f6rende karde\u015fine 5&#8217;i 1 yer de takm\u0131\u015ft\u0131.<\/p>\n<p><img loading=\"lazy\" decoding=\"async\" class=\"alignnone wp-image-207448 size-full\" src=\"https:\/\/www.tgrthaber.com\/mavikadin\/wp-content\/uploads\/Ekran-Resmi-2025-07-19-19.02.14.png\" alt=\"\" width=\"1000\" height=\"722\" title=\"\" srcset=\"https:\/\/www.tgrthaber.com\/mavikadin\/wp-content\/uploads\/Ekran-Resmi-2025-07-19-19.02.14.png 1000w, https:\/\/www.tgrthaber.com\/mavikadin\/wp-content\/uploads\/Ekran-Resmi-2025-07-19-19.02.14-300x217.png 300w, https:\/\/www.tgrthaber.com\/mavikadin\/wp-content\/uploads\/Ekran-Resmi-2025-07-19-19.02.14-768x554.png 768w\" sizes=\"(max-width: 1000px) 100vw, 1000px\" \/><\/p>\n<hr \/>\n<p class=\"p1\">\u00c7iftin nikah t\u00f6renine yak\u0131n \u00e7evresi ve dostlar\u0131 kat\u0131lm\u0131\u015ft\u0131. Neslihan Atag\u00fcl ve Kadir Do\u011fulu, Asuman Do\u011fulu\u2019nun evlendi\u011fi g\u00fcn pistten bir saniye olsun inmemi\u015f ve \u00e7iftin her an yan\u0131nda olmu\u015ftu. Sosyal medyadan uzakta bir ya\u015fam s\u00fcren Asuman Do\u011fulu\u2019nun ya\u015f\u0131 ve kariyerine dair bilgi bulunmamaktad\u0131r.<\/p>\n","protected":false},"excerpt":{"rendered":"<p>Neslihan Atag\u00fcl&#8217;\u00fcn g\u00f6r\u00fcmcesi Asuman Do\u011fulu&#8217;nun do\u011fum g\u00fcn\u00fcnde yapt\u0131\u011f\u0131 payla\u015f\u0131m sonras\u0131, Kadir Do\u011fulu&#8217;nun karde\u015fi Asuman Do\u011fulu&#8217;nun hayat\u0131 merak edildi. Peki Asuman Do\u011fulu kimdir, ka\u00e7 ya\u015f\u0131nda, ne i\u015f yap\u0131yor? \u0130\u015fte t\u00fcm detaylar&#8230; <\/p>\n","protected":false},"author":16,"featured_media":207449,"comment_status":"closed","ping_status":"closed","sticky":false,"template":"","format":"standard","meta":{"rank_math_lock_modified_date":false,"footnotes":""},"categories":[491],"tags":[28762,28761,28763,133,2218],"class_list":["post-207444","post","type-post","status-publish","format-standard","has-post-thumbnail","hentry","category-biyografi","tag-kadir-dogulunun-kardesi-asuman-dogulu-kac-yasinda","tag-kadir-dogulunun-kardesi-asuman-dogulu-kimdir","tag-kadir-dogulunun-kardesi-asuman-dogulu-ne-is-yapiyor","tag-magazin","tag-magazin-haberleri"],"_links":{"self":[{"href":"https:\/\/www.tgrthaber.com\/mavikadin\/wp-json\/wp\/v2\/posts\/207444"}],"collection":[{"href":"https:\/\/www.tgrthaber.com\/mavikadin\/wp-json\/wp\/v2\/posts"}],"about":[{"href":"https:\/\/www.tgrthaber.com\/mavikadin\/wp-json\/wp\/v2\/types\/post"}],"author":[{"embeddable":true,"href":"https:\/\/www.tgrthaber.com\/mavikadin\/wp-json\/wp\/v2\/users\/16"}],"replies":[{"embeddable":true,"href":"https:\/\/www.tgrthaber.com\/mavikadin\/wp-json\/wp\/v2\/comments?post=207444"}],"version-history":[{"count":1,"href":"https:\/\/www.tgrthaber.com\/mavikadin\/wp-json\/wp\/v2\/posts\/207444\/revisions"}],"predecessor-version":[{"id":207450,"href":"https:\/\/www.tgrthaber.com\/mavikadin\/wp-json\/wp\/v2\/posts\/207444\/revisions\/207450"}],"wp:featuredmedia":[{"embeddable":true,"href":"https:\/\/www.tgrthaber.com\/mavikadin\/wp-json\/wp\/v2\/media\/207449"}],"wp:attachment":[{"href":"https:\/\/www.tgrthaber.com\/mavikadin\/wp-json\/wp\/v2\/media?parent=207444"}],"wp:term":[{"taxonomy":"category","embeddable":true,"href":"https:\/\/www.tgrthaber.com\/mavikadin\/wp-json\/wp\/v2\/categories?post=207444"},{"taxonomy":"post_tag","embeddable":true,"href":"https:\/\/www.tgrthaber.com\/mavikadin\/wp-json\/wp\/v2\/tags?post=207444"}],"curies":[{"name":"wp","href":"https:\/\/api.w.org\/{rel}","templated":true}]}}