{"id":207451,"date":"2025-07-19T20:00:09","date_gmt":"2025-07-19T17:00:09","guid":{"rendered":"https:\/\/www.tgrthaber.com\/mavikadin\/?p=207451"},"modified":"2025-07-19T20:02:40","modified_gmt":"2025-07-19T17:02:40","slug":"nicole-kidman-sandra-bullockun-oynadigi-askin-buyusu-2nin-cekimleri-basladi-cadilar-donuyor","status":"publish","type":"post","link":"https:\/\/www.tgrthaber.com\/mavikadin\/nicole-kidman-sandra-bullockun-oynadigi-askin-buyusu-2nin-cekimleri-basladi-cadilar-donuyor\/","title":{"rendered":"Nicole Kidman Sandra Bullock&#8217;un oynad\u0131\u011f\u0131 A\u015fk\u0131n B\u00fcy\u00fcs\u00fc 2&#8217;nin \u00e7ekimleri ba\u015flad\u0131! Cad\u0131lar d\u00f6n\u00fcyor"},"content":{"rendered":"<p class=\"p1\">D\u00fcnyaca \u00fcnl\u00fc oyuncular Nicole Kidman ve Sandra Bullock&#8217;un<span class=\"Apple-converted-space\">\u00a0 <\/span>ba\u015frol\u00fcnde yer ald\u0131\u011f\u0131 A\u015fk\u0131n B\u00fcy\u00fcs\u00fc filminin devam\u0131 geliyor. Filmin devam projesi i\u00e7in haz\u0131rl\u0131klar\u0131n ba\u015flad\u0131\u011f\u0131 m\u00fcjdesi duyuruldu. 27 y\u0131l sonra yeniden \u00e7ekilen A\u015fk\u0131n B\u00fcy\u00fcs\u00fc 2 filminin oyuncu kadrosu da dikkat \u00e7ekti. \u0130\u015fte detaylar\u2026<\/p>\n<h3>N\u0130COLE K\u0130DMAN SANDRA BULLOCK&#8217;UN OYNADI\u011eI A\u015eKIN B\u00dcY\u00dcS\u00dc 2 \u00c7EK\u0130MLER\u0130 BA\u015eLADI! CADILAR D\u00d6N\u00dcYOR<\/h3>\n<p class=\"p1\">1998 yap\u0131m\u0131\u00a0A\u015fk\u0131n B\u00fcy\u00fcs\u00fc (Practical Magic) filmi y\u0131llar sonra geri d\u00f6n\u00fcyor. Merakla beklenen filmin devam \u00e7ekimlerinin ba\u015flad\u0131\u011f\u0131 duyuruldu. Sandra Bullock ve Nicole Kidman&#8217;\u0131n ba\u015frolleri payla\u015ft\u0131\u011f\u0131 film iki oyuncu daha geri d\u00f6nd\u00fc. Serinin ba\u015frollerinin ve yan karakterlerinin eksiksiz bir \u015fekilde filmde yeniden yer alacak olmas\u0131 filmin seyircisini heyecanland\u0131rd\u0131.<\/p>\n<p><img loading=\"lazy\" decoding=\"async\" class=\"alignnone wp-image-207452 size-large\" src=\"https:\/\/www.tgrthaber.com\/mavikadin\/wp-content\/uploads\/Ekran-Resmi-2025-07-19-19.45.50-1024x687.png\" alt=\"\" width=\"1024\" height=\"687\" title=\"\" srcset=\"https:\/\/www.tgrthaber.com\/mavikadin\/wp-content\/uploads\/Ekran-Resmi-2025-07-19-19.45.50-1024x687.png 1024w, https:\/\/www.tgrthaber.com\/mavikadin\/wp-content\/uploads\/Ekran-Resmi-2025-07-19-19.45.50-300x201.png 300w, https:\/\/www.tgrthaber.com\/mavikadin\/wp-content\/uploads\/Ekran-Resmi-2025-07-19-19.45.50-768x516.png 768w, https:\/\/www.tgrthaber.com\/mavikadin\/wp-content\/uploads\/Ekran-Resmi-2025-07-19-19.45.50.png 1290w\" sizes=\"(max-width: 1024px) 100vw, 1024px\" \/><\/p>\n<hr \/>\n<h3 class=\"p1\">\u2018OWENS KARDE\u015eLER\u0130N SETTEK\u0130 \u0130LK G\u00dcN\u00dc\u2019 SOSYAL MEDYADA G\u00dcNDEM OLDU<\/h3>\n<p class=\"p1\">\u0130lk filmde olduk\u00e7a be\u011fenilen Owens karde\u015flerin teyzelerini oynayan Dianne Wiest ve Stockard Channing de ayn\u0131 rollerle devam filminde de yer alacak. Bunun yan\u0131 s\u0131ra devam filmine kat\u0131lan oyuncular aras\u0131nda <span class=\"Apple-converted-space\">\u00a0 <\/span>Joey King, Lee Pace, Maisie Williams, Xolo Mariduena ve Solly McLeod yer al\u0131yor.<\/p>\n<p><img loading=\"lazy\" decoding=\"async\" class=\"alignnone wp-image-207454 size-full\" src=\"https:\/\/www.tgrthaber.com\/mavikadin\/wp-content\/uploads\/Ekran-Resmi-2025-07-19-19.47.40.png\" alt=\"\" width=\"988\" height=\"596\" title=\"\" srcset=\"https:\/\/www.tgrthaber.com\/mavikadin\/wp-content\/uploads\/Ekran-Resmi-2025-07-19-19.47.40.png 988w, https:\/\/www.tgrthaber.com\/mavikadin\/wp-content\/uploads\/Ekran-Resmi-2025-07-19-19.47.40-300x181.png 300w, https:\/\/www.tgrthaber.com\/mavikadin\/wp-content\/uploads\/Ekran-Resmi-2025-07-19-19.47.40-768x463.png 768w\" sizes=\"(max-width: 988px) 100vw, 988px\" \/><\/p>\n<hr \/>\n<p>&nbsp;<\/p>\n<p class=\"p1\">Filmin senaryosunu \u00a0Akiva Goldsman ve Georgia Pritchett&#8217;in kaleme al\u0131yor. Y\u00f6netmenli\u011fini ise Susanne Bier \u00fcstleniyor. Devam filminin 18 Eyl\u00fcl 2026\u2019da vizyona girece\u011fi duyuruldu.<\/p>\n<p><img loading=\"lazy\" decoding=\"async\" class=\"alignnone wp-image-207455 size-large\" src=\"https:\/\/www.tgrthaber.com\/mavikadin\/wp-content\/uploads\/Ekran-Resmi-2025-07-19-19.46.10-1024x683.png\" alt=\"\" width=\"1024\" height=\"683\" title=\"\" srcset=\"https:\/\/www.tgrthaber.com\/mavikadin\/wp-content\/uploads\/Ekran-Resmi-2025-07-19-19.46.10-1024x683.png 1024w, https:\/\/www.tgrthaber.com\/mavikadin\/wp-content\/uploads\/Ekran-Resmi-2025-07-19-19.46.10-300x200.png 300w, https:\/\/www.tgrthaber.com\/mavikadin\/wp-content\/uploads\/Ekran-Resmi-2025-07-19-19.46.10-768x512.png 768w, https:\/\/www.tgrthaber.com\/mavikadin\/wp-content\/uploads\/Ekran-Resmi-2025-07-19-19.46.10.png 1322w\" sizes=\"(max-width: 1024px) 100vw, 1024px\" \/><\/p>\n<hr \/>\n<p class=\"p1\">A\u015fk\u0131n B\u00fcy\u00fcs\u00fc 2 filminin set \u00e7ekimlerinin ba\u015flad\u0131\u011f\u0131n\u0131 Nicole Kidman yapt\u0131\u011f\u0131 payla\u015f\u0131mla duyurdu.<span class=\"Apple-converted-space\">\u00a0 <\/span>Bu anlar\u0131 sosyal medya hesab\u0131ndan payla\u015fan Kidman, &#8220;Cad\u0131lar geri d\u00f6nd\u00fc!\u00a0Owens karde\u015flerin setteki ilk g\u00fcn\u00fc&#8221; ifadelerini kulland\u0131.<\/p>\n<p><img loading=\"lazy\" decoding=\"async\" class=\"alignnone wp-image-207456 size-full\" src=\"https:\/\/www.tgrthaber.com\/mavikadin\/wp-content\/uploads\/Ekran-Resmi-2025-07-19-19.54.35.png\" alt=\"\" width=\"1022\" height=\"580\" title=\"\" srcset=\"https:\/\/www.tgrthaber.com\/mavikadin\/wp-content\/uploads\/Ekran-Resmi-2025-07-19-19.54.35.png 1022w, https:\/\/www.tgrthaber.com\/mavikadin\/wp-content\/uploads\/Ekran-Resmi-2025-07-19-19.54.35-300x170.png 300w, https:\/\/www.tgrthaber.com\/mavikadin\/wp-content\/uploads\/Ekran-Resmi-2025-07-19-19.54.35-768x436.png 768w\" sizes=\"(max-width: 1022px) 100vw, 1022px\" \/><\/p>\n<hr \/>\n<h3>A\u015eKIN B\u00dcY\u00dcS\u00dc F\u0130LM\u0130N\u0130N KONUSU NED\u0130R?<\/h3>\n<p class=\"p2\">Filmde yer alan ba\u015far\u0131l\u0131 oyuncu Nicole Kidman hikayenin ana karakteri olan<span class=\"Apple-converted-space\">\u00a0 <\/span>Gillian Owens&#8217;\u0131<span class=\"Apple-converted-space\">\u00a0 <\/span>oynuyor. Filmde Owens ailesinin y\u0131llard\u0131r s\u00fcregelen bir laneti konu al\u0131n\u0131yor. Bu lanet, kad\u0131nlar\u0131n sevdikleri adamlar\u0131n \u00f6l\u00fcmleriyle sonu\u00e7lan\u0131yor. \u00a0Sally ve Gillian, bu laneti k\u0131rmak ve ger\u00e7ek a\u015fk\u0131 bulmak i\u00e7in ellerinden geleni yap\u0131yor. \u0130ki k\u0131z karde\u015f \u00e7ocukluktan itibaren teyzeler, taraf\u0131ndan yeti\u015ftiriliyor ve cad\u0131l\u0131k ve b\u00fcy\u00fcl\u00fc yeteneklere sahip olsalar da bunlar\u0131 kullanmak yerine farkl\u0131 yollar\u0131 se\u00e7iyorlar. \u0130ki k\u0131z karde\u015fin maceralar\u0131 ve a\u015fka olan inan\u00e7lar\u0131 olduk\u00e7a etkileyici bir yap\u0131m olarak kar\u015f\u0131m\u0131za \u00e7\u0131k\u0131yor.<\/p>\n","protected":false},"excerpt":{"rendered":"<p>D\u00fcnyaca \u00fcnl\u00fc oyuncular Nicole Kidman ve Sandra Bullock&#8217;un\u00a0 ba\u015frol\u00fcnde yer ald\u0131\u011f\u0131 A\u015fk\u0131n B\u00fcy\u00fcs\u00fc 2 filmi geliyor. \u0130lk filmin devam niteli\u011finde olan filmin \u00e7ekimleri ba\u015flad\u0131. Vizyon tarihi de a\u00e7\u0131klanan film hakk\u0131ndaki detaylar ara\u015ft\u0131r\u0131lmaya ba\u015fland\u0131. \u0130\u015fte merak edilenler&#8230; <\/p>\n","protected":false},"author":16,"featured_media":207457,"comment_status":"closed","ping_status":"closed","sticky":false,"template":"","format":"standard","meta":{"rank_math_lock_modified_date":false,"footnotes":""},"categories":[602],"tags":[28764,28765,2628,28766],"class_list":["post-207451","post","type-post","status-publish","format-standard","has-post-thumbnail","hentry","category-diziler","tag-askin-buyusu-2-filminin-cekimleri-basladi","tag-askin-buyusu-2-filminin-vizyon-tarihi-belli-oldu","tag-dizi-haberleri","tag-nicole-kidman-sandra-bullock-askin-buyusu-2"],"_links":{"self":[{"href":"https:\/\/www.tgrthaber.com\/mavikadin\/wp-json\/wp\/v2\/posts\/207451"}],"collection":[{"href":"https:\/\/www.tgrthaber.com\/mavikadin\/wp-json\/wp\/v2\/posts"}],"about":[{"href":"https:\/\/www.tgrthaber.com\/mavikadin\/wp-json\/wp\/v2\/types\/post"}],"author":[{"embeddable":true,"href":"https:\/\/www.tgrthaber.com\/mavikadin\/wp-json\/wp\/v2\/users\/16"}],"replies":[{"embeddable":true,"href":"https:\/\/www.tgrthaber.com\/mavikadin\/wp-json\/wp\/v2\/comments?post=207451"}],"version-history":[{"count":3,"href":"https:\/\/www.tgrthaber.com\/mavikadin\/wp-json\/wp\/v2\/posts\/207451\/revisions"}],"predecessor-version":[{"id":207460,"href":"https:\/\/www.tgrthaber.com\/mavikadin\/wp-json\/wp\/v2\/posts\/207451\/revisions\/207460"}],"wp:featuredmedia":[{"embeddable":true,"href":"https:\/\/www.tgrthaber.com\/mavikadin\/wp-json\/wp\/v2\/media\/207457"}],"wp:attachment":[{"href":"https:\/\/www.tgrthaber.com\/mavikadin\/wp-json\/wp\/v2\/media?parent=207451"}],"wp:term":[{"taxonomy":"category","embeddable":true,"href":"https:\/\/www.tgrthaber.com\/mavikadin\/wp-json\/wp\/v2\/categories?post=207451"},{"taxonomy":"post_tag","embeddable":true,"href":"https:\/\/www.tgrthaber.com\/mavikadin\/wp-json\/wp\/v2\/tags?post=207451"}],"curies":[{"name":"wp","href":"https:\/\/api.w.org\/{rel}","templated":true}]}}