{"id":207461,"date":"2025-07-19T20:28:27","date_gmt":"2025-07-19T17:28:27","guid":{"rendered":"https:\/\/www.tgrthaber.com\/mavikadin\/?p=207461"},"modified":"2025-07-20T00:32:38","modified_gmt":"2025-07-19T21:32:38","slug":"masterchef-19-temmuz-2025-ana-kadroya-giren-8-yarismaci-kim-oldu","status":"publish","type":"post","link":"https:\/\/www.tgrthaber.com\/mavikadin\/masterchef-19-temmuz-2025-ana-kadroya-giren-8-yarismaci-kim-oldu\/","title":{"rendered":"MasterChef 19 Temmuz 2025 ana kadroya giren 8. yar\u0131\u015fmac\u0131 kim oldu?"},"content":{"rendered":"<p class=\"p1\">MasterChef T\u00fcrkiye\u2019de yeni sezon heyecan\u0131 h\u0131z kesmeden devam ediyor. \u00dc\u00e7l\u00fc d\u00fcellolar\u0131n sona erdi\u011fi yar\u0131\u015fmada \u015fimdi birbirinden yetenekli isimler ana kadroya girebilmek i\u00e7in m\u00fccadele ediyor. \u00dcnl\u00fc \u015fefler, Somer Sivrio\u011flu, Danilo Zanna ve Mehmet Yal\u00e7\u0131nkaya taraf\u0131ndan yap\u0131lan de\u011ferlendirmeler sonucunda, en ba\u015far\u0131l\u0131 taba\u011f\u0131 yapan yar\u0131\u015fmac\u0131 bug\u00fcn ana kadroya ismini yazd\u0131ran 8. ki\u015fi olacak. Peki MasterChef 19 Temmuz 2025 ana kadroya giren 8. yar\u0131\u015fmac\u0131 kim oldu? MasterChef kim kazand\u0131? \u0130\u015fte merak edilen sorular\u0131n cevaplar\u0131\u2026<\/p>\n<h3>MASTERCHEF ANA KADRO HEYECANI HIZ KESMEDEN DEVAM ED\u0130YOR<\/h3>\n<p>Ekranlar\u0131n sevilen yar\u0131\u015fma program\u0131 MasterChef T\u00fcrkiye&#8217;de ana kadro heyecan\u0131 h\u0131z kesmeden devam ediyor. Birbirinden yetenekli yar\u0131\u015fmac\u0131lar ana kadroda yer alabilmek i\u00e7in \u015feflerin kendilerine verdikleri yeme\u011fi en iyi \u015fekilde haz\u0131rlamak i\u00e7in adeta ter d\u00f6k\u00fcyor. MasterChef T\u00fcrkiye&#8217;de sadece lezzetli yemek yapan yar\u0131\u015fmac\u0131 bir \u00fcst tura \u00e7\u0131kam\u0131yor.<\/p>\n<p><img loading=\"lazy\" decoding=\"async\" class=\"alignnone wp-image-207468 size-large\" src=\"https:\/\/www.tgrthaber.com\/mavikadin\/wp-content\/uploads\/Ekran-Resmi-2025-07-19-20.22.31-1024x534.png\" alt=\"\" width=\"1024\" height=\"534\" title=\"\" srcset=\"https:\/\/www.tgrthaber.com\/mavikadin\/wp-content\/uploads\/Ekran-Resmi-2025-07-19-20.22.31-1024x534.png 1024w, https:\/\/www.tgrthaber.com\/mavikadin\/wp-content\/uploads\/Ekran-Resmi-2025-07-19-20.22.31-300x156.png 300w, https:\/\/www.tgrthaber.com\/mavikadin\/wp-content\/uploads\/Ekran-Resmi-2025-07-19-20.22.31-768x400.png 768w, https:\/\/www.tgrthaber.com\/mavikadin\/wp-content\/uploads\/Ekran-Resmi-2025-07-19-20.22.31.png 1044w\" sizes=\"(max-width: 1024px) 100vw, 1024px\" \/><\/p>\n<hr \/>\n<p>Bask\u0131 alt\u0131nda yemek yapabilme, verilen s\u00fcreyi uygun bir \u015fekilde kullanma gibi fakt\u00f6rlerin de \u00f6nem ta\u015f\u0131d\u0131\u011f\u0131 programda yar\u0131\u015fmac\u0131lar t\u00fcm h\u00fcnerlerini sergiliyor. Son olarak en ba\u015far\u0131l\u0131 taba\u011f\u0131 yaparak MasterChef&#8217;te 7. ki\u015fi olan ve ana kadroya isimini yazd\u0131ran ki\u015fi Ayla olmu\u015ftu. Ayla, \u0130svi\u00e7re&#8217;de kat\u0131ld\u0131\u011f\u0131 MasterChef yar\u0131\u015fmas\u0131nda da ikincilik \u00fcnvan\u0131n\u0131 kazanm\u0131\u015f bir yar\u0131\u015fmac\u0131 olarak t\u00fcm dikkatleri \u00fczerine \u00e7ekmi\u015fti. \u0130kinci grubun ikinci g\u00fcn\u00fcnde \u00f6nl\u00fck alarak ana kadroya ismini yazd\u0131ran Ayla, seyircinin de dikkatini \u00e7ekmi\u015fti. Bug\u00fcn ise g\u00f6zler 8. yar\u0131\u015fmac\u0131ya \u00e7evrildi.<\/p>\n<p><img loading=\"lazy\" decoding=\"async\" class=\"alignnone wp-image-207469 size-full\" src=\"https:\/\/www.tgrthaber.com\/mavikadin\/wp-content\/uploads\/Ekran-Resmi-2025-07-19-20.22.41.png\" alt=\"\" width=\"996\" height=\"552\" title=\"\" srcset=\"https:\/\/www.tgrthaber.com\/mavikadin\/wp-content\/uploads\/Ekran-Resmi-2025-07-19-20.22.41.png 996w, https:\/\/www.tgrthaber.com\/mavikadin\/wp-content\/uploads\/Ekran-Resmi-2025-07-19-20.22.41-300x166.png 300w, https:\/\/www.tgrthaber.com\/mavikadin\/wp-content\/uploads\/Ekran-Resmi-2025-07-19-20.22.41-768x426.png 768w\" sizes=\"(max-width: 996px) 100vw, 996px\" \/><\/p>\n<hr \/>\n<h3>MASTERCHEF 19 TEMMUZ 2025\u00a0 ANA KADROYA G\u0130REN 8. YARI\u015eMACI K\u0130M OLDU?<\/h3>\n<p>MasterChef 19 Temmuz 2025 ana kadroya giren isim \u0130hsan Yi\u011fit U\u00e7ak oldu.<\/p>\n<p><img loading=\"lazy\" decoding=\"async\" class=\"alignnone wp-image-207550 size-large\" src=\"https:\/\/www.tgrthaber.com\/mavikadin\/wp-content\/uploads\/Ekran-Resmi-2025-07-20-00.14.46-1024x647.png\" alt=\"\" width=\"1024\" height=\"647\" title=\"\" srcset=\"https:\/\/www.tgrthaber.com\/mavikadin\/wp-content\/uploads\/Ekran-Resmi-2025-07-20-00.14.46-1024x647.png 1024w, https:\/\/www.tgrthaber.com\/mavikadin\/wp-content\/uploads\/Ekran-Resmi-2025-07-20-00.14.46-300x189.png 300w, https:\/\/www.tgrthaber.com\/mavikadin\/wp-content\/uploads\/Ekran-Resmi-2025-07-20-00.14.46-768x485.png 768w, https:\/\/www.tgrthaber.com\/mavikadin\/wp-content\/uploads\/Ekran-Resmi-2025-07-20-00.14.46.png 1194w\" sizes=\"(max-width: 1024px) 100vw, 1024px\" \/><\/p>\n<hr \/>\n<h3 class=\"p1\">MASTERCHEF ANA KADROYA 7. K\u0130M G\u0130RD\u0130?<\/h3>\n<p class=\"p1\">MasterChef&#8217;te ana kadroya giren 7. yar\u0131\u015fmac\u0131 Ayla Canpunar oldu.<\/p>\n<p><img loading=\"lazy\" decoding=\"async\" class=\"alignnone wp-image-207471 size-full\" src=\"https:\/\/www.tgrthaber.com\/mavikadin\/wp-content\/uploads\/Ekran-Resmi-2025-07-19-20.24.20.png\" alt=\"\" width=\"1000\" height=\"592\" title=\"\" srcset=\"https:\/\/www.tgrthaber.com\/mavikadin\/wp-content\/uploads\/Ekran-Resmi-2025-07-19-20.24.20.png 1000w, https:\/\/www.tgrthaber.com\/mavikadin\/wp-content\/uploads\/Ekran-Resmi-2025-07-19-20.24.20-300x178.png 300w, https:\/\/www.tgrthaber.com\/mavikadin\/wp-content\/uploads\/Ekran-Resmi-2025-07-19-20.24.20-768x455.png 768w\" sizes=\"(max-width: 1000px) 100vw, 1000px\" \/><\/p>\n<hr \/>\n<h3 class=\"p1\">ANA KADROYA G\u0130REN 6. \u0130S\u0130M K\u0130M OLDU?<\/h3>\n<p class=\"p1\">MasterChef&#8217;te ana kadroya giren alt\u0131nc\u0131 isim Sercan oldu.<\/p>\n<p><img loading=\"lazy\" decoding=\"async\" class=\"alignnone wp-image-207472 size-full\" src=\"https:\/\/www.tgrthaber.com\/mavikadin\/wp-content\/uploads\/Ekran-Resmi-2025-07-19-20.22.59.png\" alt=\"\" width=\"1006\" height=\"584\" title=\"\" srcset=\"https:\/\/www.tgrthaber.com\/mavikadin\/wp-content\/uploads\/Ekran-Resmi-2025-07-19-20.22.59.png 1006w, https:\/\/www.tgrthaber.com\/mavikadin\/wp-content\/uploads\/Ekran-Resmi-2025-07-19-20.22.59-300x174.png 300w, https:\/\/www.tgrthaber.com\/mavikadin\/wp-content\/uploads\/Ekran-Resmi-2025-07-19-20.22.59-768x446.png 768w\" sizes=\"(max-width: 1006px) 100vw, 1006px\" \/><\/p>\n<hr \/>\n<h3 class=\"p1\">MASTERCHEF K\u0130M KAZANDI?<\/h3>\n<p class=\"p1\">MasterChef&#8217;te ana kadroya giren ilk 6 yar\u0131\u015fmac\u0131 belli oldu. \u0130\u015fte ana kadroya giren yar\u0131\u015fmac\u0131lar:<\/p>\n<p class=\"p1\">Ana Kadroya Giren 1. Yar\u0131\u015fmac\u0131: Furkan<\/p>\n<p class=\"p1\">Ana Kadroya Giren 2. Yar\u0131\u015fmac\u0131: Eyl\u00fcl<\/p>\n<p class=\"p1\">Ana Kadroya Giren 3. Yar\u0131\u015fmac\u0131: \u00c7a\u011fatay<\/p>\n<p class=\"p1\">Ana Kadroya Giren 4. Yar\u0131\u015fmac\u0131: Onur<\/p>\n<p class=\"p1\">Ana kadroya giren 5. Yar\u0131\u015fmac\u0131: Hilal<\/p>\n","protected":false},"excerpt":{"rendered":"<p>MasterChef T\u00fcrkiye&#8217;de heyecan dorukta! Bu ak\u015fam ana kadroya giren 8. yar\u0131\u015fmac\u0131 belli oluyor. \u0130zleyiciler &#8216;Ana kadroya giren 8. yar\u0131\u015fmac\u0131 kim oldu?&#8217; sorusunun cevab\u0131n\u0131 ara\u015ft\u0131r\u0131yor. \u0130\u015fte MasterChef&#8217;te bu ak\u015fam ya\u015fananlar&#8230; <\/p>\n","protected":false},"author":16,"featured_media":207473,"comment_status":"closed","ping_status":"closed","sticky":false,"template":"","format":"standard","meta":{"rank_math_lock_modified_date":false,"footnotes":""},"categories":[76],"tags":[133,2218,28772,28774,28773],"class_list":["post-207461","post","type-post","status-publish","format-standard","has-post-thumbnail","hentry","category-magazin","tag-magazin","tag-magazin-haberleri","tag-masterchef-19-temmuz-2025-ana-kadroya-giren-8-yarismaci-kim-oldu","tag-masterchef-ana-kadroya-giren-8-isim","tag-masterchef-ana-kadroya-giren-8-yarismaci"],"_links":{"self":[{"href":"https:\/\/www.tgrthaber.com\/mavikadin\/wp-json\/wp\/v2\/posts\/207461"}],"collection":[{"href":"https:\/\/www.tgrthaber.com\/mavikadin\/wp-json\/wp\/v2\/posts"}],"about":[{"href":"https:\/\/www.tgrthaber.com\/mavikadin\/wp-json\/wp\/v2\/types\/post"}],"author":[{"embeddable":true,"href":"https:\/\/www.tgrthaber.com\/mavikadin\/wp-json\/wp\/v2\/users\/16"}],"replies":[{"embeddable":true,"href":"https:\/\/www.tgrthaber.com\/mavikadin\/wp-json\/wp\/v2\/comments?post=207461"}],"version-history":[{"count":5,"href":"https:\/\/www.tgrthaber.com\/mavikadin\/wp-json\/wp\/v2\/posts\/207461\/revisions"}],"predecessor-version":[{"id":207556,"href":"https:\/\/www.tgrthaber.com\/mavikadin\/wp-json\/wp\/v2\/posts\/207461\/revisions\/207556"}],"wp:featuredmedia":[{"embeddable":true,"href":"https:\/\/www.tgrthaber.com\/mavikadin\/wp-json\/wp\/v2\/media\/207473"}],"wp:attachment":[{"href":"https:\/\/www.tgrthaber.com\/mavikadin\/wp-json\/wp\/v2\/media?parent=207461"}],"wp:term":[{"taxonomy":"category","embeddable":true,"href":"https:\/\/www.tgrthaber.com\/mavikadin\/wp-json\/wp\/v2\/categories?post=207461"},{"taxonomy":"post_tag","embeddable":true,"href":"https:\/\/www.tgrthaber.com\/mavikadin\/wp-json\/wp\/v2\/tags?post=207461"}],"curies":[{"name":"wp","href":"https:\/\/api.w.org\/{rel}","templated":true}]}}