{"id":207478,"date":"2025-07-19T21:04:49","date_gmt":"2025-07-19T18:04:49","guid":{"rendered":"https:\/\/www.tgrthaber.com\/mavikadin\/?p=207478"},"modified":"2025-07-19T21:32:30","modified_gmt":"2025-07-19T18:32:30","slug":"esen-gok-kimdir-kac-yasinda-esen-gok-neden-oldu","status":"publish","type":"post","link":"https:\/\/www.tgrthaber.com\/mavikadin\/esen-gok-kimdir-kac-yasinda-esen-gok-neden-oldu\/","title":{"rendered":"Esen G\u00f6k kimdir ka\u00e7 ya\u015f\u0131nda? Esen G\u00f6k neden \u00f6ld\u00fc?"},"content":{"rendered":"<p class=\"p1\">T\u00fcrkiye\u2019nin ilk kad\u0131n yar\u0131\u015f spikeri Esen G\u00f6k evinde \u00f6l\u00fc bulundu. Kendisinden haber alamayan ailesi ve arkada\u015flar\u0131 polise haber verince ac\u0131 ger\u00e7ek ortaya \u00e7\u0131kt\u0131. Evine giden polis ekipleri Esen G\u00f6k\u2019\u00fcn cans\u0131z bedeniyle kar\u015f\u0131la\u015ft\u0131. Esen G\u00f6k\u2019\u00fcn \u00f6l\u00fcm haberi sonras\u0131 sosyal medya kullan\u0131c\u0131lar\u0131 hayat\u0131n\u0131 ara\u015ft\u0131rmaya ba\u015flad\u0131. Peki Esen G\u00f6k kimdir, ka\u00e7 ya\u015f\u0131nda? Neden \u00f6ld\u00fc? \u0130\u015fte detaylar\u2026<\/p>\n<h3>ESEN G\u00d6K K\u0130MD\u0130R?<\/h3>\n<p class=\"p2\">Esen G\u00f6k, T\u00fcrkiye\u2019nin ilk kad\u0131n at yar\u0131\u015f\u0131 spikeridir.<span class=\"Apple-converted-space\">\u00a0 <\/span>T\u00fcrkiye\u2019de \u00f6nemli bir televizyon sunucusu ve moderat\u00f6r olan Esen G\u00f6k \u00f6nemli bir ilke imza atm\u0131\u015f ve 30 Haziran 2019 tarihinde Veliefendi Hipodromu\u2019nda d\u00fczenlenen Kad\u0131n Binici Dostluk Kupas\u0131\u2019nda yar\u0131\u015f anlat\u0131m\u0131 yapm\u0131\u015ft\u0131r.<\/p>\n<p><img loading=\"lazy\" decoding=\"async\" class=\"alignnone wp-image-207479 size-large\" src=\"https:\/\/www.tgrthaber.com\/mavikadin\/wp-content\/uploads\/Ekran-Resmi-2025-07-19-20.59.29-1024x614.png\" alt=\"\" width=\"1024\" height=\"614\" title=\"\" srcset=\"https:\/\/www.tgrthaber.com\/mavikadin\/wp-content\/uploads\/Ekran-Resmi-2025-07-19-20.59.29-1024x614.png 1024w, https:\/\/www.tgrthaber.com\/mavikadin\/wp-content\/uploads\/Ekran-Resmi-2025-07-19-20.59.29-300x180.png 300w, https:\/\/www.tgrthaber.com\/mavikadin\/wp-content\/uploads\/Ekran-Resmi-2025-07-19-20.59.29-768x461.png 768w, https:\/\/www.tgrthaber.com\/mavikadin\/wp-content\/uploads\/Ekran-Resmi-2025-07-19-20.59.29.png 1310w\" sizes=\"(max-width: 1024px) 100vw, 1024px\" \/><\/p>\n<hr \/>\n<p class=\"p2\">Bu alanda \u00f6nc\u00fc olan isim ba\u015far\u0131l\u0131 sunuculu\u011fu ile dikkatleri \u00fczerine \u00e7ekmi\u015ftir. Yar\u0131\u015flar\u0131n enerjisini ekrana ta\u015f\u0131yan \u00fcnl\u00fc isim yar\u0131\u015f yorumculu\u011fu konusunda da kendisini geli\u015ftirmi\u015f ve ad\u0131ndan s\u00f6z ettirmi\u015ftir.<\/p>\n<p><img loading=\"lazy\" decoding=\"async\" class=\"alignnone wp-image-207481 size-full\" src=\"https:\/\/www.tgrthaber.com\/mavikadin\/wp-content\/uploads\/Ekran-Resmi-2025-07-19-20.59.48.png\" alt=\"\" width=\"1016\" height=\"570\" title=\"\" srcset=\"https:\/\/www.tgrthaber.com\/mavikadin\/wp-content\/uploads\/Ekran-Resmi-2025-07-19-20.59.48.png 1016w, https:\/\/www.tgrthaber.com\/mavikadin\/wp-content\/uploads\/Ekran-Resmi-2025-07-19-20.59.48-300x168.png 300w, https:\/\/www.tgrthaber.com\/mavikadin\/wp-content\/uploads\/Ekran-Resmi-2025-07-19-20.59.48-768x431.png 768w\" sizes=\"(max-width: 1016px) 100vw, 1016px\" \/><\/p>\n<hr \/>\n<p class=\"p2\">Esen G\u00f6k daha \u00fcniversite y\u0131llar\u0131nda Ege TV\u2019de muhabirlik yaparak medya sekt\u00f6r\u00fcne ad\u0131m atm\u0131\u015ft\u0131r. Kanal\u0131n kapanmas\u0131n\u0131n ard\u0131ndan TJK TV\u2019ye transfer olan isim burada at yar\u0131\u015flar\u0131 ve at d\u00fcnyas\u0131yla ilgili i\u00e7eriklere odakland\u0131 ve yar\u0131\u015f sunuculu\u011fu ve yorumculu\u011fu gibi \u00f6nemli g\u00f6revler \u00fcstlendi.<\/p>\n<p><img loading=\"lazy\" decoding=\"async\" class=\"alignnone wp-image-207482 \" src=\"https:\/\/www.tgrthaber.com\/mavikadin\/wp-content\/uploads\/Ekran-Resmi-2025-07-19-21.00.00.png\" alt=\"\" width=\"994\" height=\"620\" title=\"\" srcset=\"https:\/\/www.tgrthaber.com\/mavikadin\/wp-content\/uploads\/Ekran-Resmi-2025-07-19-21.00.00.png 956w, https:\/\/www.tgrthaber.com\/mavikadin\/wp-content\/uploads\/Ekran-Resmi-2025-07-19-21.00.00-300x187.png 300w, https:\/\/www.tgrthaber.com\/mavikadin\/wp-content\/uploads\/Ekran-Resmi-2025-07-19-21.00.00-768x479.png 768w\" sizes=\"(max-width: 994px) 100vw, 994px\" \/><\/p>\n<hr \/>\n<p class=\"p2\">Kad\u0131n sesiyle anlat\u0131m yapman\u0131n \u00f6n yarg\u0131lar\u0131n\u0131 k\u0131ran Esen G\u00f6k, Hipodroma da farkl\u0131 bir renk katm\u0131\u015ft\u0131r. Veliefendi Hipodromu ba\u015fta olmak \u00fczere bir\u00e7ok \u00f6nemli yar\u0131\u015f organizasyonunda g\u00f6rev alan Esen G\u00f6k,<span class=\"Apple-converted-space\">\u00a0 <\/span>yakla\u015f\u0131k 6 y\u0131ld\u0131r sekt\u00f6r\u00fcn en sevilen isimlerinden biri olarak dikkatleri \u00fczerine \u00e7ekmi\u015f bir isimdir.<\/p>\n<h3>ESEN G\u00d6K KA\u00c7 YA\u015eINDA?<\/h3>\n<p>15 y\u0131l\u0131 a\u015fk\u0131n bir s\u00fcredir sekt\u00f6rde oldu\u011fu g\u00f6z \u00f6n\u00fcnde bulundurularak \u00fcnl\u00fc spikerin 35- 40 ya\u015flar\u0131 aras\u0131nda oldu\u011fu tahmin ediliyor.<\/p>\n<p><img loading=\"lazy\" decoding=\"async\" class=\"alignnone wp-image-207489 size-large\" src=\"https:\/\/www.tgrthaber.com\/mavikadin\/wp-content\/uploads\/Ekran-Resmi-2025-07-19-20.59.37-1-1024x671.png\" alt=\"\" width=\"1024\" height=\"671\" title=\"\" srcset=\"https:\/\/www.tgrthaber.com\/mavikadin\/wp-content\/uploads\/Ekran-Resmi-2025-07-19-20.59.37-1-1024x671.png 1024w, https:\/\/www.tgrthaber.com\/mavikadin\/wp-content\/uploads\/Ekran-Resmi-2025-07-19-20.59.37-1-300x197.png 300w, https:\/\/www.tgrthaber.com\/mavikadin\/wp-content\/uploads\/Ekran-Resmi-2025-07-19-20.59.37-1-768x503.png 768w, https:\/\/www.tgrthaber.com\/mavikadin\/wp-content\/uploads\/Ekran-Resmi-2025-07-19-20.59.37-1.png 1132w\" sizes=\"(max-width: 1024px) 100vw, 1024px\" \/><\/p>\n<hr \/>\n<h3>ESEN G\u00d6K NEDEN \u00d6LD\u00dc?<\/h3>\n<p class=\"p2\">T\u00fcrkiye\u2019nin ilk kad\u0131n at yar\u0131\u015f\u0131 spikeri olan Esen G\u00f6k evinde \u00f6l\u00fc bulundu. 36 saattir kendisine ula\u015f\u0131lamayan spiker yak\u0131nlar\u0131n\u0131n aramalar\u0131na cevap vermeyince polis ekipleri devreye girdi. Telefonu kapal\u0131 olan G\u00f6k\u2019\u00fcn evine \u00e7ilingir yard\u0131m\u0131 ile girildi. \u0130\u00e7eriye giren polis ekipleri kad\u0131n\u0131n cans\u0131z bedeni ile kar\u015f\u0131la\u015ft\u0131. \u00d6l\u00fcm sebebi merak edilen Esen G\u00f6k\u2019\u00fcn intihar etmi\u015f olabilece\u011fi de ihtimaller aras\u0131nda yer al\u0131yor.<\/p>\n<p>&nbsp;<\/p>\n","protected":false},"excerpt":{"rendered":"<p>T\u00fcrkiye&#8217;nin ilk kad\u0131n at yar\u0131\u015f\u0131 spikeri olan Esen G\u00f6k evinde \u00f6l\u00fc bulundu. Ailesi ve arkada\u015flar\u0131 36 saat boyunca G\u00f6k&#8217;e ula\u015famay\u0131nca polisten yard\u0131m istedi. Eve gelen polis ekipleri G\u00f6k&#8217;\u00fcn cans\u0131z bedeniyle kar\u015f\u0131la\u015ft\u0131. G\u00f6k&#8217;\u00fcn \u00f6l\u00fcm haberi sonras\u0131 hayat\u0131 merak edildi. Peki Esen G\u00f6k kimdir, ka\u00e7 ya\u015f\u0131nda, neden \u00f6ld\u00fc? \u0130\u015fte detaylar&#8230; <\/p>\n","protected":false},"author":16,"featured_media":207483,"comment_status":"closed","ping_status":"closed","sticky":false,"template":"","format":"standard","meta":{"rank_math_lock_modified_date":false,"footnotes":""},"categories":[491],"tags":[28776,28775,28777],"class_list":["post-207478","post","type-post","status-publish","format-standard","has-post-thumbnail","hentry","category-biyografi","tag-esen-gok-kac-yasinda","tag-esen-gok-kimdir","tag-esen-gok-neden-oldu"],"_links":{"self":[{"href":"https:\/\/www.tgrthaber.com\/mavikadin\/wp-json\/wp\/v2\/posts\/207478"}],"collection":[{"href":"https:\/\/www.tgrthaber.com\/mavikadin\/wp-json\/wp\/v2\/posts"}],"about":[{"href":"https:\/\/www.tgrthaber.com\/mavikadin\/wp-json\/wp\/v2\/types\/post"}],"author":[{"embeddable":true,"href":"https:\/\/www.tgrthaber.com\/mavikadin\/wp-json\/wp\/v2\/users\/16"}],"replies":[{"embeddable":true,"href":"https:\/\/www.tgrthaber.com\/mavikadin\/wp-json\/wp\/v2\/comments?post=207478"}],"version-history":[{"count":4,"href":"https:\/\/www.tgrthaber.com\/mavikadin\/wp-json\/wp\/v2\/posts\/207478\/revisions"}],"predecessor-version":[{"id":207490,"href":"https:\/\/www.tgrthaber.com\/mavikadin\/wp-json\/wp\/v2\/posts\/207478\/revisions\/207490"}],"wp:featuredmedia":[{"embeddable":true,"href":"https:\/\/www.tgrthaber.com\/mavikadin\/wp-json\/wp\/v2\/media\/207483"}],"wp:attachment":[{"href":"https:\/\/www.tgrthaber.com\/mavikadin\/wp-json\/wp\/v2\/media?parent=207478"}],"wp:term":[{"taxonomy":"category","embeddable":true,"href":"https:\/\/www.tgrthaber.com\/mavikadin\/wp-json\/wp\/v2\/categories?post=207478"},{"taxonomy":"post_tag","embeddable":true,"href":"https:\/\/www.tgrthaber.com\/mavikadin\/wp-json\/wp\/v2\/tags?post=207478"}],"curies":[{"name":"wp","href":"https:\/\/api.w.org\/{rel}","templated":true}]}}