{"id":207488,"date":"2025-07-19T21:51:08","date_gmt":"2025-07-19T18:51:08","guid":{"rendered":"https:\/\/www.tgrthaber.com\/mavikadin\/?p=207488"},"modified":"2025-07-19T21:54:26","modified_gmt":"2025-07-19T18:54:26","slug":"esen-gok-evli-mi-esen-gokun-esi-kimdir","status":"publish","type":"post","link":"https:\/\/www.tgrthaber.com\/mavikadin\/esen-gok-evli-mi-esen-gokun-esi-kimdir\/","title":{"rendered":"Esen G\u00f6k evli mi? Esen G\u00f6k&#8217;\u00fcn e\u015fi kimdir?"},"content":{"rendered":"<p class=\"p2\">T\u00fcrkiye\u2019nin ilk kad\u0131n yar\u0131\u015f spikeri Esen G\u00f6k evinde \u00f6l\u00fc bulundu. 36 saattir G\u00f6k\u2019e ula\u015famayan yak\u0131nlar\u0131 polise haber verince ac\u0131 manzarayla kar\u015f\u0131la\u015f\u0131ld\u0131. \u00c7ilingirle, G\u00f6k\u2019\u00fcn Bak\u0131rk\u00f6y\u2019deki evine giren polis ekipleri Esen G\u00f6k\u2019\u00fcn cans\u0131z bedeniyle kar\u015f\u0131la\u015ft\u0131.\u00dcnl\u00fc spikerin \u00f6l\u00fcm haberi sonras\u0131 \u00f6zel hayat\u0131 da merak edildi. Peki Esen G\u00f6k evli mi? Esen G\u00f6k\u2019\u00fcn e\u015fi kimdir? \u0130\u015fte detaylar&#8230;<\/p>\n<h3>T\u00dcRK\u0130YE&#8217;N\u0130N \u0130LK KADIN YARI\u015e SP\u0130KER\u0130 ESEN G\u00d6K EV\u0130NDE \u00d6L\u00dc BULUNDU<\/h3>\n<p class=\"p1\">T\u00fcrkiye\u2019nin ilk kad\u0131n at yar\u0131\u015f\u0131 spikerlerinden biri olan Esen G\u00f6k Bak\u0131rk\u00f6y\u2019deki evinde \u00f6l\u00fc bulundu. Kendisine 36 saat boyunca ula\u015famayan yak\u0131nlar\u0131 endi\u015felenip polis ekiplerine haber verdi. Olay yerine gelen polis ekipleri \u00e7ilingirle Esen G\u00f6k\u2019\u00fcn evine girdi. Yerde yatan cans\u0131z bedeni ile kar\u015f\u0131la\u015fan polis intihar \u015f\u00fcphesi \u00fczerinde duruyor. \u00dcnl\u00fc spikerin \u00f6l\u00fcm nedeni adli t\u0131p kurumundan gelecek raporla netle\u015fecek.<\/p>\n<p><img loading=\"lazy\" decoding=\"async\" class=\"alignnone wp-image-207497 \" src=\"https:\/\/www.tgrthaber.com\/mavikadin\/wp-content\/uploads\/Ekran-Resmi-2025-07-19-21.02.10.png\" alt=\"\" width=\"995\" height=\"608\" title=\"\" srcset=\"https:\/\/www.tgrthaber.com\/mavikadin\/wp-content\/uploads\/Ekran-Resmi-2025-07-19-21.02.10.png 926w, https:\/\/www.tgrthaber.com\/mavikadin\/wp-content\/uploads\/Ekran-Resmi-2025-07-19-21.02.10-300x183.png 300w, https:\/\/www.tgrthaber.com\/mavikadin\/wp-content\/uploads\/Ekran-Resmi-2025-07-19-21.02.10-768x469.png 768w\" sizes=\"(max-width: 995px) 100vw, 995px\" \/><\/p>\n<hr \/>\n<p class=\"p1\">Esen G\u00f6k\u2019\u00fcn vefat haberi sonras\u0131 bir\u00e7ok gazeteci,<span class=\"Apple-converted-space\">\u00a0 <\/span>yar\u0131\u015f sever, medya mensubu ve sporsever sosyal medyada taziye mesajlar\u0131 payla\u015ft\u0131. G\u00f6k\u2019\u00fcn \u00f6l\u00fcm haberi sonras\u0131 \u00f6zel hayat\u0131 da ara\u015ft\u0131r\u0131lmaya ba\u015fland\u0131. &#8216;Evli mi, e\u015fi kim?&#8217; merak edilen sorular aras\u0131nda yer al\u0131yor.<\/p>\n<p><img loading=\"lazy\" decoding=\"async\" class=\"alignnone wp-image-207498 \" src=\"https:\/\/www.tgrthaber.com\/mavikadin\/wp-content\/uploads\/Ekran-Resmi-2025-07-19-21.00.00-1.png\" alt=\"\" width=\"991\" height=\"618\" title=\"\" srcset=\"https:\/\/www.tgrthaber.com\/mavikadin\/wp-content\/uploads\/Ekran-Resmi-2025-07-19-21.00.00-1.png 956w, https:\/\/www.tgrthaber.com\/mavikadin\/wp-content\/uploads\/Ekran-Resmi-2025-07-19-21.00.00-1-300x187.png 300w, https:\/\/www.tgrthaber.com\/mavikadin\/wp-content\/uploads\/Ekran-Resmi-2025-07-19-21.00.00-1-768x479.png 768w\" sizes=\"(max-width: 991px) 100vw, 991px\" \/><\/p>\n<hr \/>\n<h3>ESEN G\u00d6K EVL\u0130 M\u0130?<\/h3>\n<p class=\"p1\">\u00dcnl\u00fc spiker Esen G\u00f6k\u2019\u00fcn evli olmad\u0131\u011f\u0131 biliniyor. \u00d6zel hayat\u0131na dair pek fazla bilgi bulunmayan G\u00f6k\u2019\u00fcn kamuoyunda bilinen bir ili\u015fkisi yok. Sosyal medyada da payla\u015ft\u0131\u011f\u0131 i\u00e7eriklerinde \u00f6zel hayat\u0131na dair bilgi payla\u015fmayan G\u00f6k\u2019\u00fcn sevgilisi olup olmad\u0131\u011f\u0131na dair bir detayda bulunmuyor.<\/p>\n<p><img loading=\"lazy\" decoding=\"async\" class=\"alignnone wp-image-207499 size-full\" src=\"https:\/\/www.tgrthaber.com\/mavikadin\/wp-content\/uploads\/Ekran-Resmi-2025-07-19-20.59.48-1.png\" alt=\"\" width=\"1016\" height=\"570\" title=\"\" srcset=\"https:\/\/www.tgrthaber.com\/mavikadin\/wp-content\/uploads\/Ekran-Resmi-2025-07-19-20.59.48-1.png 1016w, https:\/\/www.tgrthaber.com\/mavikadin\/wp-content\/uploads\/Ekran-Resmi-2025-07-19-20.59.48-1-300x168.png 300w, https:\/\/www.tgrthaber.com\/mavikadin\/wp-content\/uploads\/Ekran-Resmi-2025-07-19-20.59.48-1-768x431.png 768w\" sizes=\"(max-width: 1016px) 100vw, 1016px\" \/><\/p>\n<hr \/>\n<h3>ESEN G\u00d6K&#8217;\u00dcN E\u015e\u0130 K\u0130MD\u0130R?<\/h3>\n<p class=\"p2\">Esen G\u00f6k\u2019\u00fcn \u00f6zel hayat\u0131na dair pek fazla bilgi bulunmuyor. Genellikle kariyerinde g\u00f6sterdi\u011fi ba\u015far\u0131l\u0131 performans\u0131yla dikkat \u00e7eken isim ilk at yar\u0131\u015f\u0131 kad\u0131n spikeri olmas\u0131 nedeniyle \u00f6nemli bir fig\u00fcr olarak tan\u0131n\u0131yor.<\/p>\n<p><img loading=\"lazy\" decoding=\"async\" class=\"alignnone wp-image-207500 size-large\" src=\"https:\/\/www.tgrthaber.com\/mavikadin\/wp-content\/uploads\/Ekran-Resmi-2025-07-19-20.59.37-2-1024x671.png\" alt=\"\" width=\"1024\" height=\"671\" title=\"\" srcset=\"https:\/\/www.tgrthaber.com\/mavikadin\/wp-content\/uploads\/Ekran-Resmi-2025-07-19-20.59.37-2-1024x671.png 1024w, https:\/\/www.tgrthaber.com\/mavikadin\/wp-content\/uploads\/Ekran-Resmi-2025-07-19-20.59.37-2-300x197.png 300w, https:\/\/www.tgrthaber.com\/mavikadin\/wp-content\/uploads\/Ekran-Resmi-2025-07-19-20.59.37-2-768x503.png 768w, https:\/\/www.tgrthaber.com\/mavikadin\/wp-content\/uploads\/Ekran-Resmi-2025-07-19-20.59.37-2.png 1132w\" sizes=\"(max-width: 1024px) 100vw, 1024px\" \/><\/p>\n<hr \/>\n<p class=\"p2\">\u00c7al\u0131\u015fkanl\u0131\u011f\u0131, profesyonelli\u011fi ve i\u00e7ten tav\u0131rlar\u0131yla dikkat \u00e7eken \u00fcnl\u00fc isim, sekt\u00f6rdeki kad\u0131nlara ilham olmaya devam edecek ve uzun y\u0131llar ba\u015far\u0131lar\u0131yla an\u0131lacak bir isim olarak haf\u0131zalarda kalacak.<\/p>\n","protected":false},"excerpt":{"rendered":"<p>T\u00fcrkiye&#8217;nin ilk kad\u0131n at yar\u0131\u015f\u0131 spikeri olan Esen G\u00f6k evinde \u00f6l\u00fc bulundu. \u00dcnl\u00fc spikerin \u00f6l\u00fcm haberinin yay\u0131lmas\u0131yla birlikte \u00f6zel hayat\u0131 merak edildi. Peki Esen G\u00f6k evli mi? Esen G\u00f6k&#8217;\u00fcn e\u015fi kimdir? \u0130\u015fte merak edilen sorular\u0131n cevaplar\u0131&#8230; <\/p>\n","protected":false},"author":16,"featured_media":207501,"comment_status":"closed","ping_status":"closed","sticky":false,"template":"","format":"standard","meta":{"rank_math_lock_modified_date":false,"footnotes":""},"categories":[491],"tags":[3374,16521,28780,28779,28777],"class_list":["post-207488","post","type-post","status-publish","format-standard","has-post-thumbnail","hentry","category-biyografi","tag-biyografi","tag-biyografi-haberleri","tag-esen-gok-esi-kim","tag-esen-gok-evli-mi","tag-esen-gok-neden-oldu"],"_links":{"self":[{"href":"https:\/\/www.tgrthaber.com\/mavikadin\/wp-json\/wp\/v2\/posts\/207488"}],"collection":[{"href":"https:\/\/www.tgrthaber.com\/mavikadin\/wp-json\/wp\/v2\/posts"}],"about":[{"href":"https:\/\/www.tgrthaber.com\/mavikadin\/wp-json\/wp\/v2\/types\/post"}],"author":[{"embeddable":true,"href":"https:\/\/www.tgrthaber.com\/mavikadin\/wp-json\/wp\/v2\/users\/16"}],"replies":[{"embeddable":true,"href":"https:\/\/www.tgrthaber.com\/mavikadin\/wp-json\/wp\/v2\/comments?post=207488"}],"version-history":[{"count":1,"href":"https:\/\/www.tgrthaber.com\/mavikadin\/wp-json\/wp\/v2\/posts\/207488\/revisions"}],"predecessor-version":[{"id":207502,"href":"https:\/\/www.tgrthaber.com\/mavikadin\/wp-json\/wp\/v2\/posts\/207488\/revisions\/207502"}],"wp:featuredmedia":[{"embeddable":true,"href":"https:\/\/www.tgrthaber.com\/mavikadin\/wp-json\/wp\/v2\/media\/207501"}],"wp:attachment":[{"href":"https:\/\/www.tgrthaber.com\/mavikadin\/wp-json\/wp\/v2\/media?parent=207488"}],"wp:term":[{"taxonomy":"category","embeddable":true,"href":"https:\/\/www.tgrthaber.com\/mavikadin\/wp-json\/wp\/v2\/categories?post=207488"},{"taxonomy":"post_tag","embeddable":true,"href":"https:\/\/www.tgrthaber.com\/mavikadin\/wp-json\/wp\/v2\/tags?post=207488"}],"curies":[{"name":"wp","href":"https:\/\/api.w.org\/{rel}","templated":true}]}}