{"id":207503,"date":"2025-07-19T22:34:44","date_gmt":"2025-07-19T19:34:44","guid":{"rendered":"https:\/\/www.tgrthaber.com\/mavikadin\/?p=207503"},"modified":"2025-07-19T22:34:44","modified_gmt":"2025-07-19T19:34:44","slug":"kaan-ayhan-kimdir-kac-yasinda-kaan-ayhan-kiminle-evli-kac-cocugu-var","status":"publish","type":"post","link":"https:\/\/www.tgrthaber.com\/mavikadin\/kaan-ayhan-kimdir-kac-yasinda-kaan-ayhan-kiminle-evli-kac-cocugu-var\/","title":{"rendered":"Kaan Ayhan kimdir ka\u00e7 ya\u015f\u0131nda? Kaan Ayhan kiminle evli ka\u00e7 \u00e7ocu\u011fu var?"},"content":{"rendered":"<p>Sar\u0131 k\u0131rm\u0131z\u0131l\u0131 tak\u0131m\u0131n\u0131n devans oyuncu Kaan Ayhan, futbol kariyerinde g\u00f6sterdi\u011fi performansla spor camias\u0131nda takdir toplayan bir futbolcudur. Futbol kariyerinde att\u0131\u011f\u0131 ad\u0131mlarla ad\u0131ndan s\u00f6z ettiren Galatasaray\u2019\u0131n devans oyuncusu Kaan Ayhan kimdir ka\u00e7 ya\u015f\u0131nda? Kaan Ayhan kiminle evli ka\u00e7\u00a0\u00e7ocu\u011fu\u00a0var?<\/p>\n<h3>KAAN AYKAN K\u0130MD\u0130R KA\u00c7 YA\u015eINDA?<\/h3>\n<p>10 Kas\u0131m 1994 y\u0131l\u0131nda do\u011fan Kaan Ayhan, Almanya\u2019n\u0131n Gelsenkirchen \u015fehrinde d\u00fcnyaya geldi. 30 ya\u015f\u0131nda olan milli futbolcu Kaan Ayhan, futbola olan tutkusu \u00e7ocuklu\u011fundan gelmektedir. Okul hayat\u0131nda oynad\u0131\u011f\u0131 ma\u00e7larla kendisini geli\u015ftiren ve kan\u0131tlayan Kaan Ayhan, 1,84 boyundad\u0131r.<\/p>\n<p><img loading=\"lazy\" decoding=\"async\" class=\"alignnone wp-image-207504 size-full\" src=\"https:\/\/www.tgrthaber.com\/mavikadin\/wp-content\/uploads\/kaan-ayhan-kimdir.jpg\" alt=\"\" width=\"1208\" height=\"680\" title=\"\" srcset=\"https:\/\/www.tgrthaber.com\/mavikadin\/wp-content\/uploads\/kaan-ayhan-kimdir.jpg 1208w, https:\/\/www.tgrthaber.com\/mavikadin\/wp-content\/uploads\/kaan-ayhan-kimdir-300x169.jpg 300w, https:\/\/www.tgrthaber.com\/mavikadin\/wp-content\/uploads\/kaan-ayhan-kimdir-1024x576.jpg 1024w, https:\/\/www.tgrthaber.com\/mavikadin\/wp-content\/uploads\/kaan-ayhan-kimdir-768x432.jpg 768w\" sizes=\"(max-width: 1208px) 100vw, 1208px\" \/><\/p>\n<hr \/>\n<h3>KAAN AYHAN K\u0130M\u0130NLE EVL\u0130 KA\u00c7 \u00c7OCU\u011eU VAR?<\/h3>\n<p>Galatasaray\u2019\u0131n devans oyuncusu Kaan Ayhan, 26 Kas\u0131m 2018 tarihinde Aylin Bet\u00fcl Ayhan ile hayat\u0131n\u0131 birle\u015ftirdi. E\u015fi ve aras\u0131nda 1 ya\u015f fark olan Kaan Ayhan, okul hayat\u0131nda e\u015fini tan\u0131d\u0131\u011f\u0131n\u0131 ve uzun zamand\u0131r birlikte olduklar\u0131n\u0131 s\u00f6ylemi\u015fti. \u00c7iftin mutlu evlili\u011finden 2 tane \u00e7ocu\u011fu d\u00fcnyaya geldi.<\/p>\n<p><img loading=\"lazy\" decoding=\"async\" class=\"alignnone wp-image-207505 size-full\" src=\"https:\/\/www.tgrthaber.com\/mavikadin\/wp-content\/uploads\/kaan-ayhan-evli-mi-cocugu-var-mi.jpg\" alt=\"\" width=\"1208\" height=\"680\" title=\"\" srcset=\"https:\/\/www.tgrthaber.com\/mavikadin\/wp-content\/uploads\/kaan-ayhan-evli-mi-cocugu-var-mi.jpg 1208w, https:\/\/www.tgrthaber.com\/mavikadin\/wp-content\/uploads\/kaan-ayhan-evli-mi-cocugu-var-mi-300x169.jpg 300w, https:\/\/www.tgrthaber.com\/mavikadin\/wp-content\/uploads\/kaan-ayhan-evli-mi-cocugu-var-mi-1024x576.jpg 1024w, https:\/\/www.tgrthaber.com\/mavikadin\/wp-content\/uploads\/kaan-ayhan-evli-mi-cocugu-var-mi-768x432.jpg 768w\" sizes=\"(max-width: 1208px) 100vw, 1208px\" \/><\/p>\n<hr \/>\n<p>2022 y\u0131l\u0131nda Kaan Ayhan ve Aylin Bet\u00fcl Ayhan ilk \u00e7ocuklar\u0131 Karan Ayhan\u2019\u0131 kucaklar\u0131na ald\u0131lar. 2 sene sonra ikinci kez anne ve babal\u0131k duygusunu ya\u015fayan \u00e7ift, 2024 y\u0131l\u0131nda Kayla Ayhan ad\u0131nda ikinci \u00e7ocu\u011funu d\u00fcnyaya getirdi. Ayhan ailesi 4 ki\u015filik \u00e7ekirdek aileden olu\u015fmaktad\u0131r.<\/p>\n<h3>KAAN AYHAN\u2019IN FUTBOLCULUK KAR\u0130YER\u0130<\/h3>\n<p>2013- 2014 y\u0131l\u0131nda Almanya\u2019da ba\u015flad\u0131\u011f\u0131 futbolculuk kariyerine Schalke 04 kul\u00fcb\u00fcnde 3 sene top ko\u015fturdu. Ma\u00e7larda g\u00f6sterdi\u011fi performansla Almanya\u2019n\u0131n Eintracht Frankfurt kul\u00fcb\u00fcnde 1 senelik \u00a0kiral\u0131k futbolcu olarak sahalarda yer ald\u0131. 5 y\u0131l boyunca da (2016-2020) Fortuna D\u00fcsseldorf unutulmaz anlar ya\u015fatt\u0131.<\/p>\n<p><img loading=\"lazy\" decoding=\"async\" class=\"alignnone wp-image-207507 size-full\" src=\"https:\/\/www.tgrthaber.com\/mavikadin\/wp-content\/uploads\/kaan-ayhan.jpg\" alt=\"\" width=\"1208\" height=\"680\" title=\"\" srcset=\"https:\/\/www.tgrthaber.com\/mavikadin\/wp-content\/uploads\/kaan-ayhan.jpg 1208w, https:\/\/www.tgrthaber.com\/mavikadin\/wp-content\/uploads\/kaan-ayhan-300x169.jpg 300w, https:\/\/www.tgrthaber.com\/mavikadin\/wp-content\/uploads\/kaan-ayhan-1024x576.jpg 1024w, https:\/\/www.tgrthaber.com\/mavikadin\/wp-content\/uploads\/kaan-ayhan-768x432.jpg 768w\" sizes=\"(max-width: 1208px) 100vw, 1208px\" \/><\/p>\n<hr \/>\n<p>\u0130talya\u2019n\u0131n Sassuolo tak\u0131m\u0131na 2020 y\u0131l\u0131nda transfer olan Kaan Ayhan 2023 sezonuna kadar yer ald\u0131. Yurt d\u0131\u015f\u0131ndaki g\u00f6sterdi\u011fi performanslarla dikkatleri \u00fczerine \u00e7eken Kaan Ayhan 2023 y\u0131l\u0131nda T\u00fcrkiye\u2019ye geldi. 2023 \u2013 2025 y\u0131l\u0131ndan beri Galatasaray\u2019\u0131n devans oyuncusu olarak futbolculuk kariyerine devam etmektedir.<\/p>\n<p><img loading=\"lazy\" decoding=\"async\" class=\"alignnone wp-image-207508 size-full\" src=\"https:\/\/www.tgrthaber.com\/mavikadin\/wp-content\/uploads\/kaan-ayhanin-futbolculuk-kariyeri.jpg\" alt=\"\" width=\"1208\" height=\"680\" title=\"\" srcset=\"https:\/\/www.tgrthaber.com\/mavikadin\/wp-content\/uploads\/kaan-ayhanin-futbolculuk-kariyeri.jpg 1208w, https:\/\/www.tgrthaber.com\/mavikadin\/wp-content\/uploads\/kaan-ayhanin-futbolculuk-kariyeri-300x169.jpg 300w, https:\/\/www.tgrthaber.com\/mavikadin\/wp-content\/uploads\/kaan-ayhanin-futbolculuk-kariyeri-1024x576.jpg 1024w, https:\/\/www.tgrthaber.com\/mavikadin\/wp-content\/uploads\/kaan-ayhanin-futbolculuk-kariyeri-768x432.jpg 768w\" sizes=\"(max-width: 1208px) 100vw, 1208px\" \/><\/p>\n<hr \/>\n<p>Kaan Ayhan 2 kez Milli Tak\u0131m formas\u0131 giyindi. 31 A\u011fustos 2016&#8217;da Rusya&#8217;ya kar\u015f\u0131 oynana dostluk ma\u00e7\u0131 ve H\u0131rvatistan&#8217;a kar\u015f\u0131 2018 D\u00fcnya Kupas\u0131 elemeleri kadrosuna \u00e7a\u011fr\u0131ld\u0131.<\/p>\n","protected":false},"excerpt":{"rendered":"<p>Galatasaray\u2019\u0131n devans oyuncusu Kaan Ayhan, 2023 y\u0131l\u0131ndan beri sar\u0131 k\u0131rm\u0131z\u0131l\u0131 tak\u0131mda g\u00f6rev almaktad\u0131r. Ayn\u0131 zamanda Milli tak\u0131mda da oynayan futbolcu Kaan Ayhan\u2019\u0131n hayat\u0131 ve futbolculuk kariyeri merak ediliyor. Peki, Kaan Ayhan kimdir ka\u00e7 ya\u015f\u0131nda? Kaan Ayhan kiminle evli ka\u00e7 \u00e7ocu\u011fu var?<\/p>\n","protected":false},"author":10,"featured_media":207506,"comment_status":"closed","ping_status":"closed","sticky":false,"template":"","format":"standard","meta":{"rank_math_lock_modified_date":false,"footnotes":""},"categories":[491],"tags":[3374,28783,28782,28781,28784],"class_list":["post-207503","post","type-post","status-publish","format-standard","has-post-thumbnail","hentry","category-biyografi","tag-biyografi","tag-kaan-ayhan-cocugu","tag-kaan-ayhan-evli-mi","tag-kaan-ayhan-kimdir","tag-kaan-ayhan-meslegi"],"_links":{"self":[{"href":"https:\/\/www.tgrthaber.com\/mavikadin\/wp-json\/wp\/v2\/posts\/207503"}],"collection":[{"href":"https:\/\/www.tgrthaber.com\/mavikadin\/wp-json\/wp\/v2\/posts"}],"about":[{"href":"https:\/\/www.tgrthaber.com\/mavikadin\/wp-json\/wp\/v2\/types\/post"}],"author":[{"embeddable":true,"href":"https:\/\/www.tgrthaber.com\/mavikadin\/wp-json\/wp\/v2\/users\/10"}],"replies":[{"embeddable":true,"href":"https:\/\/www.tgrthaber.com\/mavikadin\/wp-json\/wp\/v2\/comments?post=207503"}],"version-history":[{"count":2,"href":"https:\/\/www.tgrthaber.com\/mavikadin\/wp-json\/wp\/v2\/posts\/207503\/revisions"}],"predecessor-version":[{"id":207510,"href":"https:\/\/www.tgrthaber.com\/mavikadin\/wp-json\/wp\/v2\/posts\/207503\/revisions\/207510"}],"wp:featuredmedia":[{"embeddable":true,"href":"https:\/\/www.tgrthaber.com\/mavikadin\/wp-json\/wp\/v2\/media\/207506"}],"wp:attachment":[{"href":"https:\/\/www.tgrthaber.com\/mavikadin\/wp-json\/wp\/v2\/media?parent=207503"}],"wp:term":[{"taxonomy":"category","embeddable":true,"href":"https:\/\/www.tgrthaber.com\/mavikadin\/wp-json\/wp\/v2\/categories?post=207503"},{"taxonomy":"post_tag","embeddable":true,"href":"https:\/\/www.tgrthaber.com\/mavikadin\/wp-json\/wp\/v2\/tags?post=207503"}],"curies":[{"name":"wp","href":"https:\/\/api.w.org\/{rel}","templated":true}]}}