{"id":207529,"date":"2025-07-19T23:43:16","date_gmt":"2025-07-19T20:43:16","guid":{"rendered":"https:\/\/www.tgrthaber.com\/mavikadin\/?p=207529"},"modified":"2025-07-19T23:56:02","modified_gmt":"2025-07-19T20:56:02","slug":"masterchef-macaristan-et-yemegi-gulas-tarifi-kaynana-gorumce-catlatir-agir-misafirlere-ozel-lezzet","status":"publish","type":"post","link":"https:\/\/www.tgrthaber.com\/mavikadin\/masterchef-macaristan-et-yemegi-gulas-tarifi-kaynana-gorumce-catlatir-agir-misafirlere-ozel-lezzet\/","title":{"rendered":"MasterChef Macaristan et yeme\u011fi gula\u015f tarifi! Kaynana g\u00f6r\u00fcmce \u00e7atlat\u0131r a\u011f\u0131r misafirlere \u00f6zel lezzet"},"content":{"rendered":"<p>TV8 ekranlar\u0131n\u0131n sevilen yemek yar\u0131\u015fmas\u0131 program\u0131 MasterChef T\u00fcrkiye&#8217;de bu ak\u015fam \u015fefler yar\u0131\u015fmac\u0131lardan Macaristan&#8217;\u0131n nefis lezzeti gula\u015f yeme\u011fini istedi. \u00d6zellikle kalabal\u0131k sofralar i\u00e7in olduk\u00e7a doyurucu bir lezzet olan bu tarifi hala denemediyseniz \u00e7ok \u015fey ka\u00e7\u0131r\u0131yor olabilirsiniz. Peki MasterChef Macaristan et yeme\u011fi gula\u015f nas\u0131l yap\u0131l\u0131r? \u0130\u015fte cevab\u0131&#8230;<\/p>\n<h3>MASTERCHEF MACAR\u0130STAN ET YEME\u011e\u0130 GULA\u015e TAR\u0130F\u0130<\/h3>\n<p>Ekranlar\u0131n sevilen program\u0131 MasterChef T\u00fcrkiye&#8217;de ana kadro heyecan\u0131 devam ediyor. Yar\u0131\u015fmac\u0131lar ana kadroya girebilmek i\u00e7in var g\u00fcc\u00fcyle sava\u015f\u0131yor. Danillo Zanna, Somer Sivrio\u011flu ve Mehmet Yal\u00e7\u0131nkaya&#8217;n\u0131n j\u00fcri \u00fcyeli\u011fini yapt\u0131\u011f\u0131 programda bu ak\u015fam \u015fefler yar\u0131\u015fmac\u0131lardan gula\u015f yeme\u011fini istedi. Macaristan&#8217;\u0131n et yeme\u011fi olan bu \u015fahane lezzeti izleyiciler de merak etti. \u0130\u015fte malzeme listesi ve haz\u0131rlan\u0131\u015f\u0131na dair t\u00fcm merak edilenler&#8230;<\/p>\n<p><img loading=\"lazy\" decoding=\"async\" class=\"alignnone wp-image-207534 size-large\" src=\"https:\/\/www.tgrthaber.com\/mavikadin\/wp-content\/uploads\/Ekran-Resmi-2025-07-19-23.34.12-1024x649.png\" alt=\"\" width=\"1024\" height=\"649\" title=\"\" srcset=\"https:\/\/www.tgrthaber.com\/mavikadin\/wp-content\/uploads\/Ekran-Resmi-2025-07-19-23.34.12-1024x649.png 1024w, https:\/\/www.tgrthaber.com\/mavikadin\/wp-content\/uploads\/Ekran-Resmi-2025-07-19-23.34.12-300x190.png 300w, https:\/\/www.tgrthaber.com\/mavikadin\/wp-content\/uploads\/Ekran-Resmi-2025-07-19-23.34.12-768x487.png 768w, https:\/\/www.tgrthaber.com\/mavikadin\/wp-content\/uploads\/Ekran-Resmi-2025-07-19-23.34.12-1536x973.png 1536w, https:\/\/www.tgrthaber.com\/mavikadin\/wp-content\/uploads\/Ekran-Resmi-2025-07-19-23.34.12.png 1638w\" sizes=\"(max-width: 1024px) 100vw, 1024px\" \/><\/p>\n<hr \/>\n<h3>Malzemeler:<\/h3>\n<p>Yar\u0131m kilo ku\u015fba\u015f\u0131 dana eti<\/p>\n<p>2 adet orta boy kuru so\u011fan<\/p>\n<p>1 adet orta boy k\u0131rm\u0131z\u0131 biber<\/p>\n<p>2 di\u015f sar\u0131msak<\/p>\n<p>2 yemek ka\u015f\u0131\u011f\u0131 s\u0131v\u0131 ya\u011f<\/p>\n<p>3 yemek ka\u015f\u0131\u011f\u0131 tereya\u011f\u0131<\/p>\n<p><img loading=\"lazy\" decoding=\"async\" class=\"alignnone wp-image-207536 size-large\" src=\"https:\/\/www.tgrthaber.com\/mavikadin\/wp-content\/uploads\/Ekran-Resmi-2025-07-19-23.34.17-1024x671.png\" alt=\"\" width=\"1024\" height=\"671\" title=\"\" srcset=\"https:\/\/www.tgrthaber.com\/mavikadin\/wp-content\/uploads\/Ekran-Resmi-2025-07-19-23.34.17-1024x671.png 1024w, https:\/\/www.tgrthaber.com\/mavikadin\/wp-content\/uploads\/Ekran-Resmi-2025-07-19-23.34.17-300x197.png 300w, https:\/\/www.tgrthaber.com\/mavikadin\/wp-content\/uploads\/Ekran-Resmi-2025-07-19-23.34.17-768x503.png 768w, https:\/\/www.tgrthaber.com\/mavikadin\/wp-content\/uploads\/Ekran-Resmi-2025-07-19-23.34.17-1536x1006.png 1536w, https:\/\/www.tgrthaber.com\/mavikadin\/wp-content\/uploads\/Ekran-Resmi-2025-07-19-23.34.17.png 1566w\" sizes=\"(max-width: 1024px) 100vw, 1024px\" \/><\/p>\n<hr \/>\n<p>1 yemek ka\u015f\u0131\u011f\u0131 sal\u00e7a<\/p>\n<p>1 yemek ka\u015f\u0131\u011f\u0131 un<\/p>\n<p>3 su barda\u011f\u0131 su<\/p>\n<p>1 \u00e7ay ka\u015f\u0131\u011f\u0131 kekik<\/p>\n<p>1 \u00e7ay ka\u015f\u0131\u011f\u0131 karabiber<\/p>\n<p>1 \u00e7ay ka\u015f\u0131\u011f\u0131 toz k\u0131rm\u0131z\u0131 biber<\/p>\n<p>1\/2 (yar\u0131m) \u00e7ay ka\u015f\u0131\u011f\u0131 kimyon<\/p>\n<p>Tuz<\/p>\n<p><img loading=\"lazy\" decoding=\"async\" class=\"alignnone wp-image-207538 size-large\" src=\"https:\/\/www.tgrthaber.com\/mavikadin\/wp-content\/uploads\/Ekran-Resmi-2025-07-19-23.34.21-1024x658.png\" alt=\"\" width=\"1024\" height=\"658\" title=\"\" srcset=\"https:\/\/www.tgrthaber.com\/mavikadin\/wp-content\/uploads\/Ekran-Resmi-2025-07-19-23.34.21-1024x658.png 1024w, https:\/\/www.tgrthaber.com\/mavikadin\/wp-content\/uploads\/Ekran-Resmi-2025-07-19-23.34.21-300x193.png 300w, https:\/\/www.tgrthaber.com\/mavikadin\/wp-content\/uploads\/Ekran-Resmi-2025-07-19-23.34.21-768x493.png 768w, https:\/\/www.tgrthaber.com\/mavikadin\/wp-content\/uploads\/Ekran-Resmi-2025-07-19-23.34.21.png 1326w\" sizes=\"(max-width: 1024px) 100vw, 1024px\" \/><\/p>\n<hr \/>\n<h3 class=\"p1\">HAZIRLANI\u015eI:<\/h3>\n<p class=\"p1\">\u0130lk olarak etinizi tencereye koyun ve kavurmaya ba\u015flay\u0131n. Suyunu \u00e7ekene kadar pi\u015firme i\u015flemine devam edin. Bir taba\u011fa al\u0131p bir kenarda bekletin. Ard\u0131ndan so\u011fan\u0131 \u00f6nce ikiye sonra \u00fc\u00e7e kesin. Ve ince ince do\u011framaya ba\u015flay\u0131n. Biberlerinizi d\u00f6rt e\u015fit par\u00e7aya b\u00f6l\u00fcn ve sar\u0131msaklar\u0131 da do\u011fray\u0131n. Tencereye bir miktar ya\u011f ekleyin ve i\u00e7erisine biber, so\u011fan, sar\u0131msak tencereye ilave edin. 7-8 dakika kadar kavurun. Kavurdu\u011funuz so\u011fanlar\u0131n i\u00e7erisine sal\u00e7a ekleyin ve 3 dk kadar daha kavurun.<\/p>\n<p><img loading=\"lazy\" decoding=\"async\" class=\"alignnone wp-image-207539 size-large\" src=\"https:\/\/www.tgrthaber.com\/mavikadin\/wp-content\/uploads\/Ekran-Resmi-2025-07-19-23.34.28-1024x565.png\" alt=\"\" width=\"1024\" height=\"565\" title=\"\" srcset=\"https:\/\/www.tgrthaber.com\/mavikadin\/wp-content\/uploads\/Ekran-Resmi-2025-07-19-23.34.28-1024x565.png 1024w, https:\/\/www.tgrthaber.com\/mavikadin\/wp-content\/uploads\/Ekran-Resmi-2025-07-19-23.34.28-300x165.png 300w, https:\/\/www.tgrthaber.com\/mavikadin\/wp-content\/uploads\/Ekran-Resmi-2025-07-19-23.34.28-768x424.png 768w, https:\/\/www.tgrthaber.com\/mavikadin\/wp-content\/uploads\/Ekran-Resmi-2025-07-19-23.34.28-1536x847.png 1536w, https:\/\/www.tgrthaber.com\/mavikadin\/wp-content\/uploads\/Ekran-Resmi-2025-07-19-23.34.28.png 1632w\" sizes=\"(max-width: 1024px) 100vw, 1024px\" \/><\/p>\n<hr \/>\n<p class=\"p1\">Et ve baharatlar\u0131 da bu kar\u0131\u015f\u0131ma ekleyip tekrar kar\u0131\u015ft\u0131r\u0131n. \u00dczerine 3 su barda\u011f\u0131 su ekleyin ve \u00fcst\u00fcn\u00fc kapat\u0131n. \u00c7orba kasesinde yemek suyundan ald\u0131\u011f\u0131n\u0131z bir kep\u00e7e su ile unu eritin. Ard\u0131ndan yava\u015f\u00e7a yeme\u011fe d\u00f6k\u00fcp kar\u0131\u015ft\u0131r\u0131n. Kaynad\u0131ktan sonra k\u0131s\u0131k ate\u015fte 30 dakika kadar daha pi\u015firmeye devam edin.<span class=\"Apple-converted-space\">\u00a0 <\/span>\u0130\u00e7erisine un koydu\u011funuz i\u00e7in dibi tutabilir. Bu nedenle s\u00fcrekli kar\u0131\u015ft\u0131rmak gerekiyor. Yeme\u011finiz pi\u015ftikten sonra s\u0131cak s\u0131cak servis edebilirsiniz. Afiyet olsun.<\/p>\n","protected":false},"excerpt":{"rendered":"<p>MasterChef&#8217;te bu ak\u015fam Macaristan mutfa\u011f\u0131 yer ald\u0131. Macarl\u0131lar\u0131n enfes et yeme\u011fi gula\u015f tarifi izleyenlerin de a\u011fz\u0131n\u0131 suland\u0131rd\u0131. Herkes tarifin detaylar\u0131n\u0131 merak ediyor. Peki MasterChef Macaristan gula\u015f yeme\u011fi nas\u0131l yap\u0131l\u0131r? \u0130\u015fte cevab\u0131&#8230; <\/p>\n","protected":false},"author":16,"featured_media":207540,"comment_status":"closed","ping_status":"closed","sticky":false,"template":"","format":"standard","meta":{"rank_math_lock_modified_date":false,"footnotes":""},"categories":[191],"tags":[28793,28791,28792,355,3411],"class_list":["post-207529","post","type-post","status-publish","format-standard","has-post-thumbnail","hentry","category-yemek-tarifleri","tag-masterchef-gulas-nasil-yapilir","tag-masterchef-macaristan-et-yemegi-gulas-tarifi","tag-masterchef-macaristan-et-yemegi-tarifi","tag-yemek","tag-yemek-tarifleri"],"_links":{"self":[{"href":"https:\/\/www.tgrthaber.com\/mavikadin\/wp-json\/wp\/v2\/posts\/207529"}],"collection":[{"href":"https:\/\/www.tgrthaber.com\/mavikadin\/wp-json\/wp\/v2\/posts"}],"about":[{"href":"https:\/\/www.tgrthaber.com\/mavikadin\/wp-json\/wp\/v2\/types\/post"}],"author":[{"embeddable":true,"href":"https:\/\/www.tgrthaber.com\/mavikadin\/wp-json\/wp\/v2\/users\/16"}],"replies":[{"embeddable":true,"href":"https:\/\/www.tgrthaber.com\/mavikadin\/wp-json\/wp\/v2\/comments?post=207529"}],"version-history":[{"count":2,"href":"https:\/\/www.tgrthaber.com\/mavikadin\/wp-json\/wp\/v2\/posts\/207529\/revisions"}],"predecessor-version":[{"id":207542,"href":"https:\/\/www.tgrthaber.com\/mavikadin\/wp-json\/wp\/v2\/posts\/207529\/revisions\/207542"}],"wp:featuredmedia":[{"embeddable":true,"href":"https:\/\/www.tgrthaber.com\/mavikadin\/wp-json\/wp\/v2\/media\/207540"}],"wp:attachment":[{"href":"https:\/\/www.tgrthaber.com\/mavikadin\/wp-json\/wp\/v2\/media?parent=207529"}],"wp:term":[{"taxonomy":"category","embeddable":true,"href":"https:\/\/www.tgrthaber.com\/mavikadin\/wp-json\/wp\/v2\/categories?post=207529"},{"taxonomy":"post_tag","embeddable":true,"href":"https:\/\/www.tgrthaber.com\/mavikadin\/wp-json\/wp\/v2\/tags?post=207529"}],"curies":[{"name":"wp","href":"https:\/\/api.w.org\/{rel}","templated":true}]}}