{"id":207543,"date":"2025-07-20T00:12:49","date_gmt":"2025-07-19T21:12:49","guid":{"rendered":"https:\/\/www.tgrthaber.com\/mavikadin\/?p=207543"},"modified":"2025-07-20T00:12:49","modified_gmt":"2025-07-19T21:12:49","slug":"birgul-erken-kimdir-kac-yasinda-birgul-erken-ne-kazandi","status":"publish","type":"post","link":"https:\/\/www.tgrthaber.com\/mavikadin\/birgul-erken-kimdir-kac-yasinda-birgul-erken-ne-kazandi\/","title":{"rendered":"Birg\u00fcl Erken kimdir ka\u00e7 ya\u015f\u0131nda? Birg\u00fcl Erken ne kazand\u0131?"},"content":{"rendered":"<p>T\u00fcrk milli sporcu Birg\u00fcl Erken, serbest dal\u0131\u015f y\u00fcz\u00fcc\u00fcl\u00fck alan\u0131nda ba\u015far\u0131lar\u0131na ba\u015far\u0131 katmaya devam ediyor. Aylarca s\u00fcren \u00e7al\u0131\u015fmalar\u0131n kar\u015f\u0131l\u0131\u011f\u0131nda unutulmaz bir ana imza att\u0131. T\u00fcrkiye rekoruna imza atan Birg\u00fcl Erken \u00f6zel ya\u015fam\u0131 ve sporculuk hayat\u0131na dair ba\u015far\u0131lar\u0131 merak konusu oldu. Peki, Birg\u00fcl Erken kimdir ka\u00e7 ya\u015f\u0131nda? Birg\u00fcl Erken ne kazand\u0131?<\/p>\n<h3>B\u0130RG\u00dcL ERKEN K\u0130MD\u0130R KA\u00c7 YA\u015eINDA?<\/h3>\n<p>9 \u015eubat 1972 y\u0131l\u0131nda do\u011fan Birg\u00fcl Erken, \u00c7anakkale\u2019de d\u00fcnyaya geldi. Trakya \u00dcniversitesi Fen Edebiyat Fak\u00fcltesi T\u00fcrk Dili ve Edebiyat\u0131 B\u00f6l\u00fcm\u00fcn\u00fcn Y\u00fcksek lisans program\u0131n\u0131 tamamlad\u0131. Anadolu \u00dcniversitesi&#8217;nde Foto\u011fraf\u00e7\u0131l\u0131k ve Kameramanl\u0131k B\u00f6l\u00fcm\u00fc mezunudur. 53 ya\u015f\u0131ndaki milli sporcu Birg\u00fcl Erken, 2016 y\u0131l\u0131ndan beri \u00c7anakkale Mesleki ve Teknik Anado Lisesi&#8217;nde T\u00fcrk Dili ve Edebiyat\u0131 \u00f6\u011fretmenli\u011fi g\u00f6revini y\u00fcr\u00fct\u00fcyor.<\/p>\n<p><img loading=\"lazy\" decoding=\"async\" class=\"alignnone wp-image-207544 size-full\" src=\"https:\/\/www.tgrthaber.com\/mavikadin\/wp-content\/uploads\/Birgul-Erken-kimdir.jpg\" alt=\"\" width=\"1208\" height=\"680\" title=\"\" srcset=\"https:\/\/www.tgrthaber.com\/mavikadin\/wp-content\/uploads\/Birgul-Erken-kimdir.jpg 1208w, https:\/\/www.tgrthaber.com\/mavikadin\/wp-content\/uploads\/Birgul-Erken-kimdir-300x169.jpg 300w, https:\/\/www.tgrthaber.com\/mavikadin\/wp-content\/uploads\/Birgul-Erken-kimdir-1024x576.jpg 1024w, https:\/\/www.tgrthaber.com\/mavikadin\/wp-content\/uploads\/Birgul-Erken-kimdir-768x432.jpg 768w\" sizes=\"(max-width: 1208px) 100vw, 1208px\" \/><\/p>\n<hr \/>\n<h3>B\u0130RG\u00dcL ERKEN\u2019\u0130N SPORCULUK KAR\u0130YER\u0130<\/h3>\n<p>2010 y\u0131l\u0131nda ba\u015flad\u0131\u011f\u0131 sporculuk hayat\u0131n\u0131n ilk ba\u015far\u0131s\u0131n\u0131 ODT\u00dc&#8217;de yap\u0131lan Dinamik Apnea yar\u0131\u015fmas\u0131nda T\u00fcrkiye 2.si olarak ald\u0131. 2012 y\u0131l\u0131nda Almanya&#8217;n\u0131n Wiesbaden kentinde ilk defa Statik Apnea bran\u015f\u0131nda yar\u0131\u015fan Birg\u00fcl Erken,\u00a0 yar\u0131\u015fmada 4.30 dakika nefesini tuttu.T\u00fcrkiye \u015eampiyonas\u0131&#8217;nda K\u00fcp Apnea&#8217;da T\u00fcrkiye 2.si; Dinamik Apnea&#8217;da T\u00fcrkiye 1.si oldu.<\/p>\n<p><img loading=\"lazy\" decoding=\"async\" class=\"alignnone wp-image-207545 size-full\" src=\"https:\/\/www.tgrthaber.com\/mavikadin\/wp-content\/uploads\/Birgul-Erken-dunya-rekoru.jpg\" alt=\"\" width=\"1208\" height=\"680\" title=\"\" srcset=\"https:\/\/www.tgrthaber.com\/mavikadin\/wp-content\/uploads\/Birgul-Erken-dunya-rekoru.jpg 1208w, https:\/\/www.tgrthaber.com\/mavikadin\/wp-content\/uploads\/Birgul-Erken-dunya-rekoru-300x169.jpg 300w, https:\/\/www.tgrthaber.com\/mavikadin\/wp-content\/uploads\/Birgul-Erken-dunya-rekoru-1024x576.jpg 1024w, https:\/\/www.tgrthaber.com\/mavikadin\/wp-content\/uploads\/Birgul-Erken-dunya-rekoru-768x432.jpg 768w\" sizes=\"(max-width: 1208px) 100vw, 1208px\" \/><\/p>\n<hr \/>\n<p>2013 y\u0131l\u0131nda Rusya Kazan&#8217;da yap\u0131lan Serbest Dal\u0131\u015f D\u00fcnya \u015eampiyonas\u0131&#8217;nda H\u0131z Apnea bran\u015f\u0131nda \u00fc\u00e7\u00fcnc\u00fc olarak Bronz madalya elde ederek d\u00fcnyan\u0131n en iyileri aras\u0131na girmeyi ba\u015fararak T\u00fcrkiye&#8217;yi temsil etti. 2014 y\u0131l\u0131nda ise Birg\u00fcl Erken, t\u00fcm serbest dal\u0131\u015f bran\u015flarda T\u00fcrkiye rekoru ve T\u00fcrkiye \u015eampiyonu oldu.<\/p>\n<p><img loading=\"lazy\" decoding=\"async\" class=\"alignnone wp-image-207546 size-full\" src=\"https:\/\/www.tgrthaber.com\/mavikadin\/wp-content\/uploads\/Birgul-Erken-ne-kazandi.jpg\" alt=\"\" width=\"1208\" height=\"680\" title=\"\" srcset=\"https:\/\/www.tgrthaber.com\/mavikadin\/wp-content\/uploads\/Birgul-Erken-ne-kazandi.jpg 1208w, https:\/\/www.tgrthaber.com\/mavikadin\/wp-content\/uploads\/Birgul-Erken-ne-kazandi-300x169.jpg 300w, https:\/\/www.tgrthaber.com\/mavikadin\/wp-content\/uploads\/Birgul-Erken-ne-kazandi-1024x576.jpg 1024w, https:\/\/www.tgrthaber.com\/mavikadin\/wp-content\/uploads\/Birgul-Erken-ne-kazandi-768x432.jpg 768w\" sizes=\"(max-width: 1208px) 100vw, 1208px\" \/><\/p>\n<hr \/>\n<p>2015 y\u0131l\u0131nda kat\u0131ld\u0131\u011f\u0131 6 serbest dal\u0131\u015f bran\u015fta t\u00fcm yar\u0131\u015fmalardan 5 alt\u0131n ve bir g\u00fcm\u00fc\u015f madalya kazanan milli sporcu Birg\u00fcl Erken, Jump Blue (K\u00fcp apnea) bran\u015f\u0131nda T\u00fcrkiye Rekoru k\u0131rd\u0131. Ayn\u0131 y\u0131l \u0130talya&#8217;n\u0131n \u0130schia Adas\u0131&#8217;nda yap\u0131lan D\u00fcnya \u015eampiyonas\u0131&#8217;nda d\u00fcnyan\u0131n en ba\u015far\u0131l\u0131 serbest dal\u0131\u015f sporcular\u0131 ile yar\u0131\u015farak D\u00fcnya \u00fc\u00e7\u00fcnc\u00fcs\u00fc oldu. 18 Mart 2017 tarihinde \u00c7anakkale&#8217;de Serbest Dal\u0131\u015fT\u00fcrkiye \u015eampiyonas\u0131&#8217;nda Cift palet T\u00fcrkiye Rekorunu k\u0131rd\u0131.<\/p>\n<p><img loading=\"lazy\" decoding=\"async\" class=\"alignnone wp-image-207547 size-full\" src=\"https:\/\/www.tgrthaber.com\/mavikadin\/wp-content\/uploads\/Birgul-Erken-sporculuk-kariyeri.jpg\" alt=\"\" width=\"1208\" height=\"680\" title=\"\" srcset=\"https:\/\/www.tgrthaber.com\/mavikadin\/wp-content\/uploads\/Birgul-Erken-sporculuk-kariyeri.jpg 1208w, https:\/\/www.tgrthaber.com\/mavikadin\/wp-content\/uploads\/Birgul-Erken-sporculuk-kariyeri-300x169.jpg 300w, https:\/\/www.tgrthaber.com\/mavikadin\/wp-content\/uploads\/Birgul-Erken-sporculuk-kariyeri-1024x576.jpg 1024w, https:\/\/www.tgrthaber.com\/mavikadin\/wp-content\/uploads\/Birgul-Erken-sporculuk-kariyeri-768x432.jpg 768w\" sizes=\"(max-width: 1208px) 100vw, 1208px\" \/><\/p>\n<hr \/>\n<h3>B\u0130RG\u00dcL ERKEN NE KAZANDI?<\/h3>\n<p>Milli sporcu Birg\u00fcl Erken, 2025 y\u0131l\u0131nda kat\u0131ld\u0131\u011f\u0131 Antalya&#8217;da d\u00fczenlenen Serbest Dal\u0131\u015f Deniz A\u00e7\u0131ksu B\u00fcy\u00fckler ve Masterlar Bireysel T\u00fcrkiye \u015eampiyonas\u0131&#8217;nda T\u00fcrkiye rekoruna imza att\u0131. \u0130kinci kez T\u00fcrkiye rekoru k\u0131ran Birg\u00fcl Erken, \u015fampiyon olmak i\u00e7in yar\u0131\u015fmaya devam edecek.<\/p>\n","protected":false},"excerpt":{"rendered":"<p>Antalya&#8217;da d\u00fczenlenen Serbest Dal\u0131\u015f Deniz A\u00e7\u0131ksu B\u00fcy\u00fckler ve Masterlar Bireysel T\u00fcrkiye \u015eampiyonas\u0131&#8217;nda milli sporcu Birg\u00fcl Erken, T\u00fcrkiye rekoruna imza att\u0131. T\u00fcrk serbest dal\u0131c\u0131 Birg\u00fcl Erken\u2019in ba\u015far\u0131s\u0131 ard\u0131ndan hayat\u0131 ve kariyeri merak ediliyor. Peki, Birg\u00fcl Erken kimdir ka\u00e7 ya\u015f\u0131nda? Birg\u00fcl Erken ne kazand\u0131?<\/p>\n","protected":false},"author":10,"featured_media":207548,"comment_status":"closed","ping_status":"closed","sticky":false,"template":"","format":"standard","meta":{"rank_math_lock_modified_date":false,"footnotes":""},"categories":[491],"tags":[28794,28795,28796,28797,3374],"class_list":["post-207543","post","type-post","status-publish","format-standard","has-post-thumbnail","hentry","category-biyografi","tag-birgul-erken","tag-birgul-erken-kimdir","tag-birgul-erken-sporculuk-kariyeri","tag-birgul-erken-turkiye-rekoru","tag-biyografi"],"_links":{"self":[{"href":"https:\/\/www.tgrthaber.com\/mavikadin\/wp-json\/wp\/v2\/posts\/207543"}],"collection":[{"href":"https:\/\/www.tgrthaber.com\/mavikadin\/wp-json\/wp\/v2\/posts"}],"about":[{"href":"https:\/\/www.tgrthaber.com\/mavikadin\/wp-json\/wp\/v2\/types\/post"}],"author":[{"embeddable":true,"href":"https:\/\/www.tgrthaber.com\/mavikadin\/wp-json\/wp\/v2\/users\/10"}],"replies":[{"embeddable":true,"href":"https:\/\/www.tgrthaber.com\/mavikadin\/wp-json\/wp\/v2\/comments?post=207543"}],"version-history":[{"count":1,"href":"https:\/\/www.tgrthaber.com\/mavikadin\/wp-json\/wp\/v2\/posts\/207543\/revisions"}],"predecessor-version":[{"id":207549,"href":"https:\/\/www.tgrthaber.com\/mavikadin\/wp-json\/wp\/v2\/posts\/207543\/revisions\/207549"}],"wp:featuredmedia":[{"embeddable":true,"href":"https:\/\/www.tgrthaber.com\/mavikadin\/wp-json\/wp\/v2\/media\/207548"}],"wp:attachment":[{"href":"https:\/\/www.tgrthaber.com\/mavikadin\/wp-json\/wp\/v2\/media?parent=207543"}],"wp:term":[{"taxonomy":"category","embeddable":true,"href":"https:\/\/www.tgrthaber.com\/mavikadin\/wp-json\/wp\/v2\/categories?post=207543"},{"taxonomy":"post_tag","embeddable":true,"href":"https:\/\/www.tgrthaber.com\/mavikadin\/wp-json\/wp\/v2\/tags?post=207543"}],"curies":[{"name":"wp","href":"https:\/\/api.w.org\/{rel}","templated":true}]}}