{"id":207560,"date":"2025-07-20T01:00:21","date_gmt":"2025-07-19T22:00:21","guid":{"rendered":"https:\/\/www.tgrthaber.com\/mavikadin\/?p=207560"},"modified":"2025-07-20T01:00:22","modified_gmt":"2025-07-19T22:00:22","slug":"faruk-k-yillar-sonra-ortaya-cikti-manifest-grubunun-harbiye-konserinde","status":"publish","type":"post","link":"https:\/\/www.tgrthaber.com\/mavikadin\/faruk-k-yillar-sonra-ortaya-cikti-manifest-grubunun-harbiye-konserinde\/","title":{"rendered":"Faruk K y\u0131llar sonra ortaya \u00e7\u0131kt\u0131! Manifest grubunun harbiye konserinde"},"content":{"rendered":"<p>T\u00fcrk Pop M\u00fczi\u011fi\u2019nin sevilen sanat\u00e7\u0131lar\u0131ndan Faruk K, 90\u2019l\u0131 y\u0131llarda Azar Azar \u015fark\u0131s\u0131yla pop\u00fclerli\u011fi artm\u0131\u015ft\u0131. \u00dcnl\u00fc \u015fark\u0131c\u0131 en son \u00e7\u0131kard\u0131\u011f\u0131 \u015fark\u0131s\u0131yla m\u00fczik d\u00fcnyas\u0131nda varl\u0131\u011f\u0131n\u0131 korumaya devam ediyor. M\u00fczik piyasas\u0131nda ve magazin bas\u0131n\u0131nda \u00e7ok fazla g\u00f6r\u00fclmeyen \u00fcnl\u00fc \u015fark\u0131c\u0131 Faruk K, Manifesto k\u0131z grubunun a\u00e7\u0131k hava konserinde onjektiflere yakaland\u0131. \u00dcnl\u00fc \u015fark\u0131c\u0131 Faruk K, y\u0131llara meydan okuyan karizmas\u0131yla gen\u00e7lere ta\u015f \u00e7\u0131kar\u0131r.<\/p>\n<h3>FARUK K MAN\u0130FESTO GRUBUNUN KONSER\u0130NDE<\/h3>\n<p>Yeni jenerasyonun \u00e7ok sevdi\u011fi grup olan Manifesto k\u0131z ekibi, ilk Harbiye A\u00e7\u0131k Hava Konseri\u2019ni ger\u00e7ekle\u015ftirdiler. Sahnede ger\u00e7ekle\u015ftirdikleri \u015fovlarla adeta izleyemeye gelenleri kendisine hayran b\u0131rakan Manifesto grubu, unutulmaz anlara imza att\u0131.<\/p>\n<p><img loading=\"lazy\" decoding=\"async\" class=\"alignnone wp-image-207561 size-full\" src=\"https:\/\/www.tgrthaber.com\/mavikadin\/wp-content\/uploads\/faruk-k-manifesto-konserinde.jpg\" alt=\"\" width=\"1208\" height=\"680\" title=\"\" srcset=\"https:\/\/www.tgrthaber.com\/mavikadin\/wp-content\/uploads\/faruk-k-manifesto-konserinde.jpg 1208w, https:\/\/www.tgrthaber.com\/mavikadin\/wp-content\/uploads\/faruk-k-manifesto-konserinde-300x169.jpg 300w, https:\/\/www.tgrthaber.com\/mavikadin\/wp-content\/uploads\/faruk-k-manifesto-konserinde-1024x576.jpg 1024w, https:\/\/www.tgrthaber.com\/mavikadin\/wp-content\/uploads\/faruk-k-manifesto-konserinde-768x432.jpg 768w\" sizes=\"(max-width: 1208px) 100vw, 1208px\" \/><\/p>\n<hr \/>\n<p>Harbiye A\u00e7\u0131k Havada d\u00fczenlenen Manifesto grubunun konserine gelenlerin aras\u0131nda T\u00fcrk Pop M\u00fczi\u011finin unutulmaz isimlerinden Faruk K\u2019da yer al\u0131yordu. Arkada\u015flar\u0131yla e\u011flenmeye gelen Faruk K, objektiflere yakaland\u0131. \u00dcnl\u00fc \u015fark\u0131c\u0131n\u0131n y\u0131llara meydan okuyan formu ve yak\u0131\u015f\u0131kl\u0131l\u0131\u011f\u0131 ise g\u00f6zlerden ka\u00e7mad\u0131.<\/p>\n<p><img loading=\"lazy\" decoding=\"async\" class=\"alignnone wp-image-207563 size-full\" src=\"https:\/\/www.tgrthaber.com\/mavikadin\/wp-content\/uploads\/faruk-k-manifesto-grubuyla-eglendi.jpg\" alt=\"\" width=\"1208\" height=\"680\" title=\"\" srcset=\"https:\/\/www.tgrthaber.com\/mavikadin\/wp-content\/uploads\/faruk-k-manifesto-grubuyla-eglendi.jpg 1208w, https:\/\/www.tgrthaber.com\/mavikadin\/wp-content\/uploads\/faruk-k-manifesto-grubuyla-eglendi-300x169.jpg 300w, https:\/\/www.tgrthaber.com\/mavikadin\/wp-content\/uploads\/faruk-k-manifesto-grubuyla-eglendi-1024x576.jpg 1024w, https:\/\/www.tgrthaber.com\/mavikadin\/wp-content\/uploads\/faruk-k-manifesto-grubuyla-eglendi-768x432.jpg 768w\" sizes=\"(max-width: 1208px) 100vw, 1208px\" \/><\/p>\n<hr \/>\n<h3>FARUK K KONSERDE D\u00d6KT\u00dcRD\u00dc<\/h3>\n<p>Yeni jenerasyonun sevilen gruplar\u0131ndan biri haline gelen Manifesto grubu, ilk kez Harbiye\u2019de sahneye \u00e7\u0131kt\u0131. Grubu izlemeye gelenlerin aras\u0131nda \u00fcnl\u00fc \u015fark\u0131c\u0131 Faruk K\u2019da bulunuyordu. Sahne \u015fovlar\u0131n\u0131 ve performanslar\u0131n\u0131 be\u011fendi\u011fini dile getiren Faruk K, konsere dair baz\u0131 g\u00f6r\u00fcnt\u00fcleri sosyal medya hesab\u0131ndan payla\u015ft\u0131.<\/p>\n<div style=\"width: 640px;\" class=\"wp-video\"><!--[if lt IE 9]><script>document.createElement('video');<\/script><![endif]-->\n<video class=\"wp-video-shortcode\" id=\"video-207560-1\" width=\"640\" height=\"1138\" preload=\"metadata\" controls=\"controls\"><source type=\"video\/mp4\" src=\"https:\/\/www.tgrthaber.com\/mavikadin\/wp-content\/uploads\/faruk-k-manifesto-grubu-konserinde.mp4?_=1\" \/><a href=\"https:\/\/www.tgrthaber.com\/mavikadin\/wp-content\/uploads\/faruk-k-manifesto-grubu-konserinde.mp4\">https:\/\/www.tgrthaber.com\/mavikadin\/wp-content\/uploads\/faruk-k-manifesto-grubu-konserinde.mp4<\/a><\/video><\/div>\n<hr \/>\n<p>\u00dcnl\u00fc \u015fark\u0131c\u0131 eskiden oldu\u011fu gibi yapt\u0131\u011f\u0131 danslarla konserdeki e\u011flenceli anlar\u0131n\u0131 takip\u00e7ileriyle payla\u015ft\u0131. Faruk K\u2019n\u0131n Manifesto grubunun Zamans\u0131zd\u0131k \u015fark\u0131s\u0131nda kendisinden ge\u00e7erek e\u011flendi\u011fi ve \u015fark\u0131ya e\u015flik etti\u011fi anlar sosyal medya kullan\u0131c\u0131lar\u0131ndan b\u00fcy\u00fck be\u011feni toplad\u0131.<\/p>\n","protected":false},"excerpt":{"rendered":"<p>90\u2019l\u0131 y\u0131llar\u0131n efsane ismi Faruk K uzun zaman sonra ortaya \u00e7\u0131kt\u0131. Azar Azar \u015fark\u0131s\u0131 ile geni\u015f \u00e7apta b\u00fcy\u00fck bir hayran kitlesine ula\u015fan \u00fcnl\u00fc \u015fark\u0131c\u0131, m\u00fczik piyasas\u0131nda \u00e7ok fazla g\u00f6z\u00fckm\u00fcyordu. Manifesto grubunun Harbiye A\u00e7\u0131k Hava Sahnesi\u2019ne arkada\u015flar\u0131yla kat\u0131lan Faruk K e\u011flendi\u011fi anlar\u0131 sosyal medya hesab\u0131ndan payla\u015ft\u0131. <\/p>\n","protected":false},"author":10,"featured_media":207562,"comment_status":"closed","ping_status":"closed","sticky":false,"template":"","format":"standard","meta":{"rank_math_lock_modified_date":false,"footnotes":""},"categories":[76],"tags":[28802,133,2218],"class_list":["post-207560","post","type-post","status-publish","format-standard","has-post-thumbnail","hentry","category-magazin","tag-faruk-k-manifesto-konseri","tag-magazin","tag-magazin-haberleri"],"_links":{"self":[{"href":"https:\/\/www.tgrthaber.com\/mavikadin\/wp-json\/wp\/v2\/posts\/207560"}],"collection":[{"href":"https:\/\/www.tgrthaber.com\/mavikadin\/wp-json\/wp\/v2\/posts"}],"about":[{"href":"https:\/\/www.tgrthaber.com\/mavikadin\/wp-json\/wp\/v2\/types\/post"}],"author":[{"embeddable":true,"href":"https:\/\/www.tgrthaber.com\/mavikadin\/wp-json\/wp\/v2\/users\/10"}],"replies":[{"embeddable":true,"href":"https:\/\/www.tgrthaber.com\/mavikadin\/wp-json\/wp\/v2\/comments?post=207560"}],"version-history":[{"count":2,"href":"https:\/\/www.tgrthaber.com\/mavikadin\/wp-json\/wp\/v2\/posts\/207560\/revisions"}],"predecessor-version":[{"id":207566,"href":"https:\/\/www.tgrthaber.com\/mavikadin\/wp-json\/wp\/v2\/posts\/207560\/revisions\/207566"}],"wp:featuredmedia":[{"embeddable":true,"href":"https:\/\/www.tgrthaber.com\/mavikadin\/wp-json\/wp\/v2\/media\/207562"}],"wp:attachment":[{"href":"https:\/\/www.tgrthaber.com\/mavikadin\/wp-json\/wp\/v2\/media?parent=207560"}],"wp:term":[{"taxonomy":"category","embeddable":true,"href":"https:\/\/www.tgrthaber.com\/mavikadin\/wp-json\/wp\/v2\/categories?post=207560"},{"taxonomy":"post_tag","embeddable":true,"href":"https:\/\/www.tgrthaber.com\/mavikadin\/wp-json\/wp\/v2\/tags?post=207560"}],"curies":[{"name":"wp","href":"https:\/\/api.w.org\/{rel}","templated":true}]}}