{"id":207567,"date":"2025-07-20T01:38:17","date_gmt":"2025-07-19T22:38:17","guid":{"rendered":"https:\/\/www.tgrthaber.com\/mavikadin\/?p=207567"},"modified":"2025-07-20T01:38:17","modified_gmt":"2025-07-19T22:38:17","slug":"real-madridin-18-yasindaki-yetenegi-endrick-evlendi-evlilik-sozlesmesi-sosyal-medyada-viral-oldu","status":"publish","type":"post","link":"https:\/\/www.tgrthaber.com\/mavikadin\/real-madridin-18-yasindaki-yetenegi-endrick-evlendi-evlilik-sozlesmesi-sosyal-medyada-viral-oldu\/","title":{"rendered":"Real Madrid&#8217;in 18 ya\u015f\u0131ndaki yetene\u011fi Endrick evlendi! Evlilik s\u00f6zle\u015fmesi sosyal medyada viral oldu!"},"content":{"rendered":"<p>Real Madrid&#8217;in rekor bir bonservis bedeliyle transfer etti\u011fi gen\u00e7 Brezilyal\u0131 y\u0131ld\u0131z Endrick, model Gabriely Miranda ile evlenerek hayat\u0131nda beklenmedik bir d\u00f6n\u00fcm noktas\u0131na geldi. Gen\u00e7 futbolcu Endrick\u2019in evlilikleri hem spor camias\u0131nda hem de sosyal medyada \u015fok etkisi olu\u015fturdu. Endrick ve Gabriely \u00e7ifti, evlenmeden \u00f6nce aralar\u0131nda ili\u015fki s\u00f6zle\u015fmesi imzalam\u0131\u015f.<\/p>\n<h3>REAL MADR\u0130D OYUNCUSU ENDR\u0130CK D\u00dcNYA EV\u0130NE G\u0130RD\u0130<\/h3>\n<p>Yakla\u015f\u0131k bir y\u0131ld\u0131r birlikte oldu\u011fu iddia edilen model Gabriel Miranda 18 ya\u015f\u0131ndaki futbolcu Endrick ile hayatlar\u0131n\u0131 birle\u015ftirdi. Real Madrid\u2019in futbolcusu Endrick, Eyl\u00fcl ay\u0131ndan beri Gabriely Miranda ile resmi olarak evli olsa da, b\u00fcy\u00fck kutlama 19 Haziran 2025 g\u00fcn\u00fc ger\u00e7ekle\u015fti.<\/p>\n<p><img loading=\"lazy\" decoding=\"async\" class=\"alignnone wp-image-207568 size-full\" src=\"https:\/\/www.tgrthaber.com\/mavikadin\/wp-content\/uploads\/18-yasindaki-Endrick-21-yasindaki-esi-Gabriel-Miranda-evlendi.jpg\" alt=\"\" width=\"1208\" height=\"680\" title=\"\" srcset=\"https:\/\/www.tgrthaber.com\/mavikadin\/wp-content\/uploads\/18-yasindaki-Endrick-21-yasindaki-esi-Gabriel-Miranda-evlendi.jpg 1208w, https:\/\/www.tgrthaber.com\/mavikadin\/wp-content\/uploads\/18-yasindaki-Endrick-21-yasindaki-esi-Gabriel-Miranda-evlendi-300x169.jpg 300w, https:\/\/www.tgrthaber.com\/mavikadin\/wp-content\/uploads\/18-yasindaki-Endrick-21-yasindaki-esi-Gabriel-Miranda-evlendi-1024x576.jpg 1024w, https:\/\/www.tgrthaber.com\/mavikadin\/wp-content\/uploads\/18-yasindaki-Endrick-21-yasindaki-esi-Gabriel-Miranda-evlendi-768x432.jpg 768w\" sizes=\"(max-width: 1208px) 100vw, 1208px\" \/><\/p>\n<hr \/>\n<p>S\u00e3o Paulo yak\u0131nlar\u0131ndaki Pal\u00e1cio Tangar\u00e1&#8217;da ger\u00e7ekle\u015fen geceye Real Madrid&#8217;den Eduardo Camavinga, Rodrygo Goes ve Vin\u00edcius J\u00fanior da kat\u0131ld\u0131. Brezilyal\u0131lar sahnede k\u0131sa bir m\u00fczik performans\u0131 bile sergilerken partide Brezilyal\u0131 \u015fark\u0131c\u0131 Gusttavo Lima da dahil olmak \u00fczere \u00e7e\u015fitli sanat\u00e7\u0131lar sahne ald\u0131.<\/p>\n<p><img loading=\"lazy\" decoding=\"async\" class=\"alignnone wp-image-207569 size-full\" src=\"https:\/\/www.tgrthaber.com\/mavikadin\/wp-content\/uploads\/18-yasindaki-Endrick-21-yasindaki-esi-Gabriel-Miranda-iliski-sozlesmesi.jpg\" alt=\"\" width=\"1208\" height=\"680\" title=\"\" srcset=\"https:\/\/www.tgrthaber.com\/mavikadin\/wp-content\/uploads\/18-yasindaki-Endrick-21-yasindaki-esi-Gabriel-Miranda-iliski-sozlesmesi.jpg 1208w, https:\/\/www.tgrthaber.com\/mavikadin\/wp-content\/uploads\/18-yasindaki-Endrick-21-yasindaki-esi-Gabriel-Miranda-iliski-sozlesmesi-300x169.jpg 300w, https:\/\/www.tgrthaber.com\/mavikadin\/wp-content\/uploads\/18-yasindaki-Endrick-21-yasindaki-esi-Gabriel-Miranda-iliski-sozlesmesi-1024x576.jpg 1024w, https:\/\/www.tgrthaber.com\/mavikadin\/wp-content\/uploads\/18-yasindaki-Endrick-21-yasindaki-esi-Gabriel-Miranda-iliski-sozlesmesi-768x432.jpg 768w\" sizes=\"(max-width: 1208px) 100vw, 1208px\" \/><\/p>\n<hr \/>\n<h3>ENDR\u0130CK VE GABR\u0130ELY\u2019\u0130N \u0130L\u0130\u015eK\u0130 S\u00d6ZLE\u015eMES\u0130<\/h3>\n<p>Real Madrid\u2019in en gen\u00e7 oyuncular\u0131ndan 18 ya\u015f\u0131ndaki Endrick, 21 ya\u015f\u0131ndaki e\u015fi Gabriel Miranda ile d\u00fcnya evine girdi. Futbol camias\u0131 futbolcunun evlenmesi \u00fczerine \u015fok ya\u015farken bir \u015fa\u015f\u0131rt\u0131c\u0131 olayda yapt\u0131klar\u0131 anla\u015fma ile geldi. \u00c7iftin evlenmeden \u00f6nce imzalad\u0131\u011f\u0131 ili\u015fki s\u00f6zle\u015fmesinde \u015fu maddeler yer al\u0131yor:<\/p>\n<ul>\n<li>Kavga edince bar\u0131\u015fmadan uyumak yasak.<\/li>\n<li>Endrick\u2019in GTA Online\u2019da sanal k\u0131z arkada\u015f yapmas\u0131 yasak.<\/li>\n<li>Her g\u00fcn en az 1 kez \u201cseni seviyorum\u201d denecek.<\/li>\n<li>\u0130nsan i\u00e7inde kavga etmek yasak.<\/li>\n<li>\u0130nsan i\u00e7inde el ele tutu\u015fmadan y\u00fcr\u00fcmek yasak.<\/li>\n<\/ul>\n<p><img loading=\"lazy\" decoding=\"async\" class=\"alignnone wp-image-207571 size-full\" src=\"https:\/\/www.tgrthaber.com\/mavikadin\/wp-content\/uploads\/18-yasindaki-Endrick-21-yasindaki-esi-Gabriel-Miranda.jpg\" alt=\"\" width=\"1208\" height=\"680\" title=\"\" srcset=\"https:\/\/www.tgrthaber.com\/mavikadin\/wp-content\/uploads\/18-yasindaki-Endrick-21-yasindaki-esi-Gabriel-Miranda.jpg 1208w, https:\/\/www.tgrthaber.com\/mavikadin\/wp-content\/uploads\/18-yasindaki-Endrick-21-yasindaki-esi-Gabriel-Miranda-300x169.jpg 300w, https:\/\/www.tgrthaber.com\/mavikadin\/wp-content\/uploads\/18-yasindaki-Endrick-21-yasindaki-esi-Gabriel-Miranda-1024x576.jpg 1024w, https:\/\/www.tgrthaber.com\/mavikadin\/wp-content\/uploads\/18-yasindaki-Endrick-21-yasindaki-esi-Gabriel-Miranda-768x432.jpg 768w\" sizes=\"(max-width: 1208px) 100vw, 1208px\" \/><\/p>\n<hr \/>\n<h3>REAL MADR\u0130D OYUNCUSU ENDR\u0130CK K\u0130MD\u0130R?<\/h3>\n<p>Endrick, Mart ay\u0131nda Brezilya milli tak\u0131m\u0131yla \u00e7\u0131kt\u0131\u011f\u0131 Bernab\u00e9u ilk ma\u00e7\u0131nda gol atman\u0131n yan\u0131 s\u0131ra, ilk La Liga ve \u015eampiyonlar Ligi ma\u00e7\u0131nda da gol att\u0131. 18 y\u0131l 58 g\u00fcnl\u00fckken, Real Madrid tarihinin en gen\u00e7 Avrupa golc\u00fcs\u00fc oldu.<\/p>\n","protected":false},"excerpt":{"rendered":"<p>Real Madrid&#8217;e 72 milyon euro kar\u015f\u0131l\u0131\u011f\u0131nda transfer olan Endrick, model ve influencer Gabriely Miranda ile evlenerek d\u00fcnya evine girdi. Kendisinden 3 ya\u015f b\u00fcy\u00fck olan Gabriely Miranda ile ili\u015fki s\u00f6zle\u015fmesi imzalad\u0131. S\u00f6zle\u015fmedeki maddeler sosyal medyada viral oldu. <\/p>\n","protected":false},"author":10,"featured_media":207570,"comment_status":"closed","ping_status":"closed","sticky":false,"template":"","format":"standard","meta":{"rank_math_lock_modified_date":false,"footnotes":""},"categories":[76],"tags":[28804,28803,133,2218],"class_list":["post-207567","post","type-post","status-publish","format-standard","has-post-thumbnail","hentry","category-magazin","tag-endrick-iliski-sozlesmesi","tag-endrick-ve-gabriel-dugun","tag-magazin","tag-magazin-haberleri"],"_links":{"self":[{"href":"https:\/\/www.tgrthaber.com\/mavikadin\/wp-json\/wp\/v2\/posts\/207567"}],"collection":[{"href":"https:\/\/www.tgrthaber.com\/mavikadin\/wp-json\/wp\/v2\/posts"}],"about":[{"href":"https:\/\/www.tgrthaber.com\/mavikadin\/wp-json\/wp\/v2\/types\/post"}],"author":[{"embeddable":true,"href":"https:\/\/www.tgrthaber.com\/mavikadin\/wp-json\/wp\/v2\/users\/10"}],"replies":[{"embeddable":true,"href":"https:\/\/www.tgrthaber.com\/mavikadin\/wp-json\/wp\/v2\/comments?post=207567"}],"version-history":[{"count":1,"href":"https:\/\/www.tgrthaber.com\/mavikadin\/wp-json\/wp\/v2\/posts\/207567\/revisions"}],"predecessor-version":[{"id":207572,"href":"https:\/\/www.tgrthaber.com\/mavikadin\/wp-json\/wp\/v2\/posts\/207567\/revisions\/207572"}],"wp:featuredmedia":[{"embeddable":true,"href":"https:\/\/www.tgrthaber.com\/mavikadin\/wp-json\/wp\/v2\/media\/207570"}],"wp:attachment":[{"href":"https:\/\/www.tgrthaber.com\/mavikadin\/wp-json\/wp\/v2\/media?parent=207567"}],"wp:term":[{"taxonomy":"category","embeddable":true,"href":"https:\/\/www.tgrthaber.com\/mavikadin\/wp-json\/wp\/v2\/categories?post=207567"},{"taxonomy":"post_tag","embeddable":true,"href":"https:\/\/www.tgrthaber.com\/mavikadin\/wp-json\/wp\/v2\/tags?post=207567"}],"curies":[{"name":"wp","href":"https:\/\/api.w.org\/{rel}","templated":true}]}}