{"id":207589,"date":"2025-07-20T09:14:54","date_gmt":"2025-07-20T06:14:54","guid":{"rendered":"https:\/\/www.tgrthaber.com\/mavikadin\/?p=207589"},"modified":"2025-07-20T09:14:54","modified_gmt":"2025-07-20T06:14:54","slug":"reynmen-annesiyle-arasindaki-kusluge-dair-ilk-kez-konustu-istemedigim-yerden-sinaniyorum","status":"publish","type":"post","link":"https:\/\/www.tgrthaber.com\/mavikadin\/reynmen-annesiyle-arasindaki-kusluge-dair-ilk-kez-konustu-istemedigim-yerden-sinaniyorum\/","title":{"rendered":"Reynmen annesiyle aras\u0131ndaki k\u00fcsl\u00fc\u011fe dair ilk kez konu\u015ftu! \u201c\u0130stemedi\u011fim yerden s\u0131nan\u0131yorum\u201d"},"content":{"rendered":"<p>\u00dcnl\u00fc fenomen ve \u015fark\u0131c\u0131 Reynmen lakab\u0131yla tan\u0131nan Yusuf Akta\u015f, bir s\u00fcredir annesiyle gergin anlar ya\u015f\u0131yor. Gergin anlar\u0131n\u0131 sosyal medya hesaplar\u0131ndan da yans\u0131tan ikilinin aras\u0131nda b\u00fcy\u00fck bir kaos ya\u015fan\u0131yor. Bir s\u00fcredir birbirlerine k\u00fcs olan anne-o\u011fuldan Reynmen, ilk kez annesiyle aras\u0131ndaki k\u00fcsl\u00fc\u011fe dair a\u00e7\u0131klamalarda bulundu. Bak\u0131n \u00fcnl\u00fc \u015fark\u0131c\u0131 ve fenomen annesiyle aras\u0131ndaki k\u00fcsl\u00fck hakk\u0131nda neler s\u00f6yledi\u2026<\/p>\n<h3>REYNMEN ANNES\u0130YLE ARASINDAK\u0130 K\u00dcSL\u00dc\u011eE DA\u0130R \u0130LK KEZ KONU\u015eTU!<\/h3>\n<p>Reynmen lakab\u0131yla b\u00fcy\u00fck bir hayran kitlesi olu\u015fturan fenomen ve \u015fark\u0131c\u0131 Yusuf Akta\u015f, bir s\u00fcredir annesiyle k\u00fcs oldu\u011fu haberleriyle magazin d\u00fcnyas\u0131n\u0131n g\u00fcndeminde yer al\u0131yor. \u00d6zellikle Reynmen\u2019in annesi Nasibe Y\u0131lmaz, sosyal medya hesab\u0131ndan yapt\u0131\u011f\u0131 g\u00f6ndermeli payla\u015f\u0131mlar\u0131yla dikkatleri \u00fczerine \u00e7ekiyor. Bir s\u00fcredir k\u00fcs oldu\u011fu bilinen anne-o\u011ful aras\u0131nda sular durulmuyor.<\/p>\n<p><img loading=\"lazy\" decoding=\"async\" class=\"alignnone wp-image-207591\" src=\"https:\/\/www.tgrthaber.com\/mavikadin\/wp-content\/uploads\/Reynmen-1-1-1024x576.jpg\" alt=\"Reynmen annesiyle aras\u0131ndaki k\u00fcsl\u00fc\u011fe dair ilk kez konu\u015ftu! \u201c\u0130stemedi\u011fim yerden s\u0131nan\u0131yorum\u201d \" width=\"1208\" height=\"680\" title=\"\" srcset=\"https:\/\/www.tgrthaber.com\/mavikadin\/wp-content\/uploads\/Reynmen-1-1-1024x576.jpg 1024w, https:\/\/www.tgrthaber.com\/mavikadin\/wp-content\/uploads\/Reynmen-1-1-300x169.jpg 300w, https:\/\/www.tgrthaber.com\/mavikadin\/wp-content\/uploads\/Reynmen-1-1-768x432.jpg 768w, https:\/\/www.tgrthaber.com\/mavikadin\/wp-content\/uploads\/Reynmen-1-1.jpg 1510w\" sizes=\"(max-width: 1208px) 100vw, 1208px\" \/><\/p>\n<hr \/>\n<p>Son olarak ge\u00e7ti\u011fimiz haftalarda o\u011flu Reynmen ile k\u00fcs oldu\u011fu bilinen Nasibe Y\u0131lmaz, \u015fark\u0131c\u0131 Sefo\u2019nun Demet Akal\u0131n\u2019la beraber \u00e7\u0131karacaklar\u0131 \u2018Yerinde Dur\u2019 \u015fark\u0131s\u0131 ile o\u011fluna g\u00f6ndermede bulunmu\u015ftu. \u015eimdilerde o\u011fluna k\u0131rg\u0131nl\u0131klar\u0131yla ve g\u00f6ndermeli payla\u015f\u0131mlar\u0131yla dikkatleri \u00fczerine \u00e7eken Y\u0131lmaz, daha \u00f6nce de \u015fark\u0131c\u0131 Hadise olay\u0131 y\u00fcz\u00fcnden gerilim ya\u015fam\u0131\u015ft\u0131.<\/p>\n<p><img loading=\"lazy\" decoding=\"async\" class=\"alignnone wp-image-207592\" src=\"https:\/\/www.tgrthaber.com\/mavikadin\/wp-content\/uploads\/Reynmen-4-1-1024x576.jpg\" alt=\"Reynmen annesiyle aras\u0131ndaki k\u00fcsl\u00fc\u011fe dair ilk kez konu\u015ftu! \u201c\u0130stemedi\u011fim yerden s\u0131nan\u0131yorum\u201d \" width=\"1208\" height=\"680\" title=\"\" srcset=\"https:\/\/www.tgrthaber.com\/mavikadin\/wp-content\/uploads\/Reynmen-4-1-1024x576.jpg 1024w, https:\/\/www.tgrthaber.com\/mavikadin\/wp-content\/uploads\/Reynmen-4-1-300x169.jpg 300w, https:\/\/www.tgrthaber.com\/mavikadin\/wp-content\/uploads\/Reynmen-4-1-768x432.jpg 768w, https:\/\/www.tgrthaber.com\/mavikadin\/wp-content\/uploads\/Reynmen-4-1.jpg 1510w\" sizes=\"(max-width: 1208px) 100vw, 1208px\" \/><\/p>\n<hr \/>\n<p>Birbirlerini sosyal medya hesaplar\u0131ndan silen anne-o\u011fulun k\u00fcsl\u00fc\u011f\u00fcne bir de gelin Emire Cansu dahil olmu\u015ftu. O\u011fluyla s\u0131k s\u0131k ya\u015fad\u0131\u011f\u0131 bu gerilimlerden dolay\u0131 magazin d\u00fcnyas\u0131n\u0131n g\u00fcndeminden d\u00fc\u015fmeyen Nasibe Y\u0131lmaz, g\u00f6ndermeli payla\u015f\u0131mlarda bulunmaya devam ederken, Reynmen\u2019den annesiyle aras\u0131ndaki k\u00fcsl\u00fck hakk\u0131nda ilk a\u00e7\u0131klama geldi. Uzun s\u00fcredir sessizli\u011fini koruyan \u00fcnl\u00fc \u015fark\u0131c\u0131, annesiyle ya\u015fad\u0131\u011f\u0131 k\u00fcsk\u00fcnl\u00fck hakk\u0131nda ilk kez konu\u015ftu. Bak\u0131n \u00fcnl\u00fc \u015fark\u0131c\u0131 ve fenomen annesiyle aras\u0131ndaki k\u00fcsl\u00fck hakk\u0131nda neler s\u00f6yledi\u2026<\/p>\n<p><img loading=\"lazy\" decoding=\"async\" class=\"alignnone wp-image-207593\" src=\"https:\/\/www.tgrthaber.com\/mavikadin\/wp-content\/uploads\/Reynmen-3-1-1024x576.jpg\" alt=\"Reynmen annesiyle aras\u0131ndaki k\u00fcsl\u00fc\u011fe dair ilk kez konu\u015ftu! \u201c\u0130stemedi\u011fim yerden s\u0131nan\u0131yorum\u201d \" width=\"1208\" height=\"680\" title=\"\" srcset=\"https:\/\/www.tgrthaber.com\/mavikadin\/wp-content\/uploads\/Reynmen-3-1-1024x576.jpg 1024w, https:\/\/www.tgrthaber.com\/mavikadin\/wp-content\/uploads\/Reynmen-3-1-300x169.jpg 300w, https:\/\/www.tgrthaber.com\/mavikadin\/wp-content\/uploads\/Reynmen-3-1-768x432.jpg 768w, https:\/\/www.tgrthaber.com\/mavikadin\/wp-content\/uploads\/Reynmen-3-1.jpg 1510w\" sizes=\"(max-width: 1208px) 100vw, 1208px\" \/><\/p>\n<hr \/>\n<h3>\u201c\u0130STEMED\u0130\u011e\u0130M YERDEN SINANIYORUM\u201d<\/h3>\n<p>Reynmen, annesi Nasibe Y\u0131lmaz ile aralar\u0131ndaki k\u00fcsl\u00fc\u011fe dair ilk kez konu\u015ftu. Ge\u00e7ti\u011fimiz ak\u015fam bir davette bas\u0131n mensuplar\u0131n\u0131n sorular\u0131n\u0131 cevaplayan Reynmen, annesiyle aras\u0131ndaki k\u00fcsl\u00fc\u011fe dair de dikkat \u00e7eken a\u00e7\u0131klamalarda bulundu. Annesi Y\u0131lmaz\u2019\u0131n, \u00fcnl\u00fc \u015fark\u0131c\u0131 Hadise hakk\u0131nda s\u00f6yledikleriyle g\u00fcndeme bomba gibi oturan Reynmen, a\u00e7\u0131klamalar\u0131yla herkesi \u015foke etti. Annesinin Hadise gibi sanat\u00e7\u0131lara y\u00f6nelik a\u011f\u0131r ifadelerinin, hem kariyerini hem de aile i\u00e7i huzurunu etkiledi\u011fi i\u00e7in mesafe koydu\u011funu dile getiren Reynmen, a\u00e7\u0131klamas\u0131nda \u015fu ifadelere yer verdi:<\/p>\n<p><img loading=\"lazy\" decoding=\"async\" class=\"alignnone wp-image-207594\" src=\"https:\/\/www.tgrthaber.com\/mavikadin\/wp-content\/uploads\/Reynmen-6-1024x576.jpg\" alt=\"Reynmen annesiyle aras\u0131ndaki k\u00fcsl\u00fc\u011fe dair ilk kez konu\u015ftu! \u201c\u0130stemedi\u011fim yerden s\u0131nan\u0131yorum\u201d \" width=\"1208\" height=\"680\" title=\"\" srcset=\"https:\/\/www.tgrthaber.com\/mavikadin\/wp-content\/uploads\/Reynmen-6-1024x576.jpg 1024w, https:\/\/www.tgrthaber.com\/mavikadin\/wp-content\/uploads\/Reynmen-6-300x169.jpg 300w, https:\/\/www.tgrthaber.com\/mavikadin\/wp-content\/uploads\/Reynmen-6-768x432.jpg 768w, https:\/\/www.tgrthaber.com\/mavikadin\/wp-content\/uploads\/Reynmen-6.jpg 1510w\" sizes=\"(max-width: 1208px) 100vw, 1208px\" \/><\/p>\n<hr \/>\n<p>\u201cAnne de olsa bazen baz\u0131 \u015feyleri g\u00f6rmek istemeyebiliyorsun. Ama sonu\u00e7ta o benim annemdir. \u00d6yle bir kin durumu yok. Annem k\u00f6k ailem bir de \u00f6z ailem var onu da korumam gerek. \u0130nsan istemedi\u011fi yerlerden s\u0131nan\u0131yor.\u201d<\/p>\n<p>Reynmen, annesinin Hadise yorumuna dair \u201cBen onunla da konu\u015ftum gereksiz oldu\u011funu s\u00f6yledim\u201d ifadelerine yer verdi.<\/p>\n","protected":false},"excerpt":{"rendered":"<p>Bir s\u00fcredir annesi Nasibe Y\u0131lmaz ile k\u00fcs olan Reynmen, aralar\u0131ndaki k\u00fcsl\u00fc\u011fe dair ilk kez konu\u015ftu. Bak\u0131n \u00fcnl\u00fc \u015fark\u0131c\u0131 ve fenomen annesiyle aras\u0131ndaki k\u00fcsl\u00fck hakk\u0131nda neler s\u00f6yledi\u2026<\/p>\n","protected":false},"author":26,"featured_media":207590,"comment_status":"closed","ping_status":"closed","sticky":false,"template":"","format":"standard","meta":{"rank_math_lock_modified_date":false,"footnotes":""},"categories":[76],"tags":[133,2218,24261,5796,24262],"class_list":["post-207589","post","type-post","status-publish","format-standard","has-post-thumbnail","hentry","category-magazin","tag-magazin","tag-magazin-haberleri","tag-nasibe-yilmaz-aktas","tag-reynmen","tag-yusuf-aktas"],"_links":{"self":[{"href":"https:\/\/www.tgrthaber.com\/mavikadin\/wp-json\/wp\/v2\/posts\/207589"}],"collection":[{"href":"https:\/\/www.tgrthaber.com\/mavikadin\/wp-json\/wp\/v2\/posts"}],"about":[{"href":"https:\/\/www.tgrthaber.com\/mavikadin\/wp-json\/wp\/v2\/types\/post"}],"author":[{"embeddable":true,"href":"https:\/\/www.tgrthaber.com\/mavikadin\/wp-json\/wp\/v2\/users\/26"}],"replies":[{"embeddable":true,"href":"https:\/\/www.tgrthaber.com\/mavikadin\/wp-json\/wp\/v2\/comments?post=207589"}],"version-history":[{"count":2,"href":"https:\/\/www.tgrthaber.com\/mavikadin\/wp-json\/wp\/v2\/posts\/207589\/revisions"}],"predecessor-version":[{"id":207596,"href":"https:\/\/www.tgrthaber.com\/mavikadin\/wp-json\/wp\/v2\/posts\/207589\/revisions\/207596"}],"wp:featuredmedia":[{"embeddable":true,"href":"https:\/\/www.tgrthaber.com\/mavikadin\/wp-json\/wp\/v2\/media\/207590"}],"wp:attachment":[{"href":"https:\/\/www.tgrthaber.com\/mavikadin\/wp-json\/wp\/v2\/media?parent=207589"}],"wp:term":[{"taxonomy":"category","embeddable":true,"href":"https:\/\/www.tgrthaber.com\/mavikadin\/wp-json\/wp\/v2\/categories?post=207589"},{"taxonomy":"post_tag","embeddable":true,"href":"https:\/\/www.tgrthaber.com\/mavikadin\/wp-json\/wp\/v2\/tags?post=207589"}],"curies":[{"name":"wp","href":"https:\/\/api.w.org\/{rel}","templated":true}]}}