{"id":207598,"date":"2025-07-20T10:18:48","date_gmt":"2025-07-20T07:18:48","guid":{"rendered":"https:\/\/www.tgrthaber.com\/mavikadin\/?p=207598"},"modified":"2025-07-20T13:37:17","modified_gmt":"2025-07-20T10:37:17","slug":"nazan-oncel-kimdir-kac-yasinda-nazan-oncelin-hastaligi-ne","status":"publish","type":"post","link":"https:\/\/www.tgrthaber.com\/mavikadin\/nazan-oncel-kimdir-kac-yasinda-nazan-oncelin-hastaligi-ne\/","title":{"rendered":"Nazan \u00d6ncel kimdir ka\u00e7 ya\u015f\u0131nda? Nazan \u00d6ncel&#8217;in hastal\u0131\u011f\u0131 ne?"},"content":{"rendered":"<p>Nazan \u00d6ncel, son zamanlarda ge\u00e7irdi\u011fi rahats\u0131zl\u0131klar ile g\u00fcndeme geliyordu. Zaman zaman haberlere sa\u011fl\u0131\u011f\u0131 ile gelen \u015fark\u0131c\u0131, merak edildi. Peki, Nazan \u00d6ncel kimdir ka\u00e7 ya\u015f\u0131nda? Nazan \u00d6ncel&#8217;in hastal\u0131\u011f\u0131 ne? sorular\u0131n\u0131 sizin i\u00e7in ara\u015ft\u0131rd\u0131k. \u0130\u015fte detaylar\u2026<\/p>\n<h3>NAZAN \u00d6NCEL K\u0130MD\u0130R?<\/h3>\n<p>\u00dcnl\u00fc \u015fark\u0131c\u0131 Nazan \u00d6ncel, 6 \u015eubat 1956 y\u0131l\u0131nda \u0130zmir\u2019in Kar\u015f\u0131yaka il\u00e7esinde d\u00fcnyaya geldi. \u00d6\u011fretmen anne ve memur bir baban\u0131n k\u0131z\u0131 olan Nazan \u00d6ncel, ailesinin evliliklerinin ikinci d\u00f6n\u00fcm\u00fcnde do\u011fmu\u015ftur. \u201cSokak K\u0131z\u0131\u201d lakab\u0131 ile tan\u0131nm\u0131\u015ft\u0131r. \u0130lk ve tek sinema filmi olan \u201cAc\u0131 Tesad\u00fcf\u201d ile \u00e7ocuk y\u0131ld\u0131z olmu\u015ftur.<\/p>\n<p>Gitar ve mandolin \u00e7almay\u0131 erken ya\u015fta \u00f6\u011frenen Nazan \u00d6ncel, 1975 y\u0131l\u0131nda \u0130zmir Radyosu\u2019nun d\u00fczenledi\u011fi \u015fark\u0131 yar\u0131\u015fmas\u0131nda birinci olmu\u015ftur. \u0130lk 45\u2019lik alb\u00fcm\u00fcn\u00fc 22 ya\u015f\u0131nda 1978 y\u0131l\u0131nda \u00e7\u0131kard\u0131. M\u00fczik d\u00fcnyas\u0131n\u0131n yeni ismi olarak 1980\u2019de H\u0131r\u00e7\u0131n K\u0131z ve Neden adl\u0131 besteleriyle Eurovision \u015eark\u0131 Yar\u0131\u015fmas\u0131na kat\u0131ld\u0131. Elemelere kadar gelen Nazan \u00d6ncel, ilk 15\u2019e girerek b\u00fcy\u00fck bir ba\u015far\u0131 g\u00f6sterdi.<\/p>\n<p><img loading=\"lazy\" decoding=\"async\" class=\"alignnone size-full wp-image-207610\" src=\"https:\/\/www.tgrthaber.com\/mavikadin\/wp-content\/uploads\/ARZU-2025-07-20T101611.580.jpg\" alt=\"Nazan \u00d6ncel kimdir ka\u00e7 ya\u015f\u0131nda? Nazan \u00d6ncel&#039;in hastal\u0131\u011f\u0131 ne?\" width=\"1208\" height=\"680\" title=\"\" srcset=\"https:\/\/www.tgrthaber.com\/mavikadin\/wp-content\/uploads\/ARZU-2025-07-20T101611.580.jpg 1208w, https:\/\/www.tgrthaber.com\/mavikadin\/wp-content\/uploads\/ARZU-2025-07-20T101611.580-300x169.jpg 300w, https:\/\/www.tgrthaber.com\/mavikadin\/wp-content\/uploads\/ARZU-2025-07-20T101611.580-1024x576.jpg 1024w, https:\/\/www.tgrthaber.com\/mavikadin\/wp-content\/uploads\/ARZU-2025-07-20T101611.580-768x432.jpg 768w\" sizes=\"(max-width: 1208px) 100vw, 1208px\" \/><\/p>\n<hr \/>\n<p>Nazan \u00d6ncel, ilk bestesini babas\u0131n\u0131 ilk \u015fiirini bestelemi\u015f. \u0130zmir\u2019in en g\u00f6zde mekanlar\u0131n\u0131n birin de uzun y\u0131llar \u00e7e\u015fitli program yapm\u0131\u015ft\u0131r. \u00dcnl\u00fc sanat\u00e7\u0131, 27 Aral\u0131k 1991\u2019de \u201cBir Hadise Var\u201d alb\u00fcm\u00fcnde ilk kez kendi bestelerinin de bulunmas\u0131 ile b\u00fcy\u00fck bir ba\u015far\u0131 yakalayan Nazan \u00d6ncel, alb\u00fcmdeki \u015fark\u0131lar ile b\u00fcy\u00fck bir \u00e7\u0131k\u0131\u015f yakalad\u0131.<\/p>\n<h3><img loading=\"lazy\" decoding=\"async\" class=\"alignnone size-full wp-image-207609\" src=\"https:\/\/www.tgrthaber.com\/mavikadin\/wp-content\/uploads\/ARZU-2025-07-20T101625.402.jpg\" alt=\"Nazan \u00d6ncel kimdir ka\u00e7 ya\u015f\u0131nda? Nazan \u00d6ncel&#039;in hastal\u0131\u011f\u0131 ne?\" width=\"1208\" height=\"680\" title=\"\" srcset=\"https:\/\/www.tgrthaber.com\/mavikadin\/wp-content\/uploads\/ARZU-2025-07-20T101625.402.jpg 1208w, https:\/\/www.tgrthaber.com\/mavikadin\/wp-content\/uploads\/ARZU-2025-07-20T101625.402-300x169.jpg 300w, https:\/\/www.tgrthaber.com\/mavikadin\/wp-content\/uploads\/ARZU-2025-07-20T101625.402-1024x576.jpg 1024w, https:\/\/www.tgrthaber.com\/mavikadin\/wp-content\/uploads\/ARZU-2025-07-20T101625.402-768x432.jpg 768w\" sizes=\"(max-width: 1208px) 100vw, 1208px\" \/><\/h3>\n<hr \/>\n<h3>NAZAN \u00d6NCEL KA\u00c7 YA\u015eINDA?<\/h3>\n<p>\u015eimdilerde 69 ya\u015f\u0131nda \u00fcnl\u00fc \u015fark\u0131c\u0131 Nazan \u00d6ncel, Sokak K\u0131z\u0131, Erkekler de Yanar, A Bu Hayat ve B\u0131rak Seveyim Rahat Edeyim gibi par\u00e7alar\u0131 ile zirveye yerle\u015fmi\u015f bir isim olarak kar\u015f\u0131m\u0131za \u00e7\u0131k\u0131yor. \u00a015 Temmuz 2006 y\u0131l\u0131nda \u00e7\u0131kard\u0131\u011f\u0131 A\u015fk\u0131m Baksana Bana adl\u0131 par\u00e7a ile dijital ortamda en \u00e7ok sat\u0131lan \u015fark\u0131 olmay\u0131 ba\u015fard\u0131. \u00d6zel hayat\u0131nda Salih \u00d6ncel ile evlenmi\u015f ve Serkan \u00d6ncel ad\u0131nda bir o\u011flu bulunmaktad\u0131r.<\/p>\n<h3><img loading=\"lazy\" decoding=\"async\" class=\"alignnone size-full wp-image-207607\" src=\"https:\/\/www.tgrthaber.com\/mavikadin\/wp-content\/uploads\/ARZU-2025-07-20T101642.925.jpg\" alt=\"Nazan \u00d6ncel kimdir ka\u00e7 ya\u015f\u0131nda? Nazan \u00d6ncel&#039;in hastal\u0131\u011f\u0131 ne?\" width=\"1208\" height=\"680\" title=\"\" srcset=\"https:\/\/www.tgrthaber.com\/mavikadin\/wp-content\/uploads\/ARZU-2025-07-20T101642.925.jpg 1208w, https:\/\/www.tgrthaber.com\/mavikadin\/wp-content\/uploads\/ARZU-2025-07-20T101642.925-300x169.jpg 300w, https:\/\/www.tgrthaber.com\/mavikadin\/wp-content\/uploads\/ARZU-2025-07-20T101642.925-1024x576.jpg 1024w, https:\/\/www.tgrthaber.com\/mavikadin\/wp-content\/uploads\/ARZU-2025-07-20T101642.925-768x432.jpg 768w\" sizes=\"(max-width: 1208px) 100vw, 1208px\" \/><\/h3>\n<hr \/>\n<h3>NAZAN \u00d6NCEL&#8217;\u0130N HASTALI\u011eI NE?<\/h3>\n<p>Son zamanlarda \u00fcnl\u00fc \u015fark\u0131c\u0131 Nazan \u00d6ncel, ge\u00e7irdi\u011fi rahats\u0131zl\u0131klar ile g\u00fcndeme geldi. Nazan \u00d6ncel, ge\u00e7irdi\u011fi kalp krizi sonras\u0131 apar topar hastaneye kald\u0131r\u0131lmas\u0131 \u00fczerine sevenlerini merakland\u0131rd\u0131. Ge\u00e7ti\u011fimiz ak\u015fam saatlerinde de yeniden ge\u00e7irdi\u011fi kalp krizi ile hastaneye giden Nazan \u00d6ncel, doktorlar\u0131n m\u00fccadelesi sonucu bir stent daha tak\u0131lan Nazan \u00d6ncel, ya\u015fad\u0131\u011f\u0131 bu hastal\u0131\u011f\u0131n yeniden tekerr\u00fcr etmesi ile yeniden hastaneye kald\u0131r\u0131ld\u0131. \u015eimdilerde sa\u011fl\u0131k durumu i\u00e7in detayl\u0131 bilgiler bulunmuyor.<\/p>\n","protected":false},"excerpt":{"rendered":"<p>\u00dcnl\u00fc sanat\u00e7\u0131 Nazan \u00d6ncel, g\u00fcndem oldu. Ge\u00e7irdi\u011fi rahats\u0131zl\u0131klar ile \u015fark\u0131c\u0131n\u0131n \u00f6zel hayat\u0131 ve kariyeri merak edildi. Peki, Nazan \u00d6ncel kimdir ka\u00e7 ya\u015f\u0131nda? Nazan \u00d6ncel&#8217;in hastal\u0131\u011f\u0131 ne? \u0130\u015fte detaylar\u2026<\/p>\n","protected":false},"author":34,"featured_media":207608,"comment_status":"closed","ping_status":"closed","sticky":false,"template":"","format":"standard","meta":{"rank_math_lock_modified_date":false,"footnotes":""},"categories":[491],"tags":[16521,133,3643,28810],"class_list":["post-207598","post","type-post","status-publish","format-standard","has-post-thumbnail","hentry","category-biyografi","tag-biyografi-haberleri","tag-magazin","tag-nazan-oncel","tag-nazan-oncel-kimdir"],"_links":{"self":[{"href":"https:\/\/www.tgrthaber.com\/mavikadin\/wp-json\/wp\/v2\/posts\/207598"}],"collection":[{"href":"https:\/\/www.tgrthaber.com\/mavikadin\/wp-json\/wp\/v2\/posts"}],"about":[{"href":"https:\/\/www.tgrthaber.com\/mavikadin\/wp-json\/wp\/v2\/types\/post"}],"author":[{"embeddable":true,"href":"https:\/\/www.tgrthaber.com\/mavikadin\/wp-json\/wp\/v2\/users\/34"}],"replies":[{"embeddable":true,"href":"https:\/\/www.tgrthaber.com\/mavikadin\/wp-json\/wp\/v2\/comments?post=207598"}],"version-history":[{"count":2,"href":"https:\/\/www.tgrthaber.com\/mavikadin\/wp-json\/wp\/v2\/posts\/207598\/revisions"}],"predecessor-version":[{"id":207612,"href":"https:\/\/www.tgrthaber.com\/mavikadin\/wp-json\/wp\/v2\/posts\/207598\/revisions\/207612"}],"wp:featuredmedia":[{"embeddable":true,"href":"https:\/\/www.tgrthaber.com\/mavikadin\/wp-json\/wp\/v2\/media\/207608"}],"wp:attachment":[{"href":"https:\/\/www.tgrthaber.com\/mavikadin\/wp-json\/wp\/v2\/media?parent=207598"}],"wp:term":[{"taxonomy":"category","embeddable":true,"href":"https:\/\/www.tgrthaber.com\/mavikadin\/wp-json\/wp\/v2\/categories?post=207598"},{"taxonomy":"post_tag","embeddable":true,"href":"https:\/\/www.tgrthaber.com\/mavikadin\/wp-json\/wp\/v2\/tags?post=207598"}],"curies":[{"name":"wp","href":"https:\/\/api.w.org\/{rel}","templated":true}]}}