{"id":207599,"date":"2025-07-20T10:06:25","date_gmt":"2025-07-20T07:06:25","guid":{"rendered":"https:\/\/www.tgrthaber.com\/mavikadin\/?p=207599"},"modified":"2025-07-20T10:07:23","modified_gmt":"2025-07-20T07:07:23","slug":"nazan-oncel-neden-hastaneye-kaldirildi-nazan-oncelin-saglik-durumu-nasil","status":"publish","type":"post","link":"https:\/\/www.tgrthaber.com\/mavikadin\/nazan-oncel-neden-hastaneye-kaldirildi-nazan-oncelin-saglik-durumu-nasil\/","title":{"rendered":"Nazan \u00d6ncel neden hastaneye kald\u0131r\u0131ld\u0131? Nazan \u00d6ncel\u2019in sa\u011fl\u0131k durumu nas\u0131l?"},"content":{"rendered":"<p>T\u00fcrk pop m\u00fczi\u011fin sevilen isimleri aras\u0131nda yer alan Nazan \u00d6ncel, sa\u011fl\u0131k durumuyla alakal\u0131 g\u00fcndeme gelmeye devam ediyor. Hastaneye kald\u0131r\u0131ld\u0131\u011f\u0131 haberleriyle s\u0131k s\u0131k magazin d\u00fcnyas\u0131nda yer edinen Nazan \u00d6ncel\u2019in sa\u011fl\u0131k durumu merak ediliyor. Peki, Nazan \u00d6ncel sa\u011fl\u0131k durumu nas\u0131l? Nazan \u00d6ncel neden hastaneye kald\u0131r\u0131ld\u0131? Nazan \u00d6ncel\u2019in sa\u011fl\u0131k durumu hakk\u0131nda merak edilenleri sizin i\u00e7in ara\u015ft\u0131rd\u0131k. \u0130\u015fte Nazan \u00d6ncel\u2019in sa\u011fl\u0131k durumu hakk\u0131nda bilinmeyenler\u2026<\/p>\n<h3>NAZAN \u00d6NCEL NEDEN HASTANEYE KALDIRILDI?<\/h3>\n<p>T\u00fcrk pop m\u00fczi\u011finin ba\u015far\u0131l\u0131 isimleri aras\u0131nda yer alan 69 ya\u015f\u0131ndaki usta \u015fark\u0131c\u0131 Nazan \u00d6ncel, son zamanlarda hastaneye kald\u0131r\u0131ld\u0131\u011f\u0131 haberleriyle magazin d\u00fcnyas\u0131n\u0131n g\u00fcndeminden d\u00fc\u015fm\u00fcyor. Ge\u00e7ti\u011fimiz aylarda kalp rahats\u0131zl\u0131\u011f\u0131ndan dolay\u0131 hastaneye kald\u0131r\u0131lan \u00fcnl\u00fc \u015fark\u0131c\u0131, bir kez daha hastaneye kald\u0131r\u0131ld\u0131.<\/p>\n<p><img loading=\"lazy\" decoding=\"async\" class=\"alignnone wp-image-207600\" src=\"https:\/\/www.tgrthaber.com\/mavikadin\/wp-content\/uploads\/Nazan-Oncel-7-1024x576.jpg\" alt=\"Nazan \u00d6ncel neden hastaneye kald\u0131r\u0131ld\u0131? Nazan \u00d6ncel\u2019in sa\u011fl\u0131k durumu nas\u0131l?\" width=\"1208\" height=\"680\" title=\"\" srcset=\"https:\/\/www.tgrthaber.com\/mavikadin\/wp-content\/uploads\/Nazan-Oncel-7-1024x576.jpg 1024w, https:\/\/www.tgrthaber.com\/mavikadin\/wp-content\/uploads\/Nazan-Oncel-7-300x169.jpg 300w, https:\/\/www.tgrthaber.com\/mavikadin\/wp-content\/uploads\/Nazan-Oncel-7-768x432.jpg 768w, https:\/\/www.tgrthaber.com\/mavikadin\/wp-content\/uploads\/Nazan-Oncel-7.jpg 1510w\" sizes=\"(max-width: 1208px) 100vw, 1208px\" \/><\/p>\n<hr \/>\n<p>Kariyerinin yan\u0131 s\u0131ra \u00f6zel hayat\u0131 ve sa\u011fl\u0131k sorunlar\u0131yla s\u0131k s\u0131k g\u00fcndeme gelen Nazan \u00d6ncel, ge\u00e7ti\u011fimiz may\u0131s ay\u0131nda yapt\u0131\u011f\u0131 payla\u015f\u0131mla apar topar hastaneye kald\u0131r\u0131ld\u0131\u011f\u0131n\u0131 ve anjiyo oldu\u011funu a\u00e7\u0131klam\u0131\u015ft\u0131.\u00a0Sa\u011fl\u0131k durumuyla ilgili s\u0131k s\u0131k g\u00fcndeme gelen \u00fcnl\u00fc \u015fark\u0131c\u0131dan k\u00f6t\u00fc haber geldi. \u00dcnl\u00fc \u015fark\u0131c\u0131, ge\u00e7irdi\u011fi ameliyat\u0131n ard\u0131ndan bir kez daha hastaneye kald\u0131r\u0131ld\u0131.<\/p>\n<p><img loading=\"lazy\" decoding=\"async\" class=\"alignnone wp-image-207601\" src=\"https:\/\/www.tgrthaber.com\/mavikadin\/wp-content\/uploads\/Nazan-Oncel-1-1-1024x576.jpg\" alt=\"Nazan \u00d6ncel neden hastaneye kald\u0131r\u0131ld\u0131? Nazan \u00d6ncel\u2019in sa\u011fl\u0131k durumu nas\u0131l?\" width=\"1208\" height=\"680\" title=\"\" srcset=\"https:\/\/www.tgrthaber.com\/mavikadin\/wp-content\/uploads\/Nazan-Oncel-1-1-1024x576.jpg 1024w, https:\/\/www.tgrthaber.com\/mavikadin\/wp-content\/uploads\/Nazan-Oncel-1-1-300x169.jpg 300w, https:\/\/www.tgrthaber.com\/mavikadin\/wp-content\/uploads\/Nazan-Oncel-1-1-768x432.jpg 768w, https:\/\/www.tgrthaber.com\/mavikadin\/wp-content\/uploads\/Nazan-Oncel-1-1.jpg 1510w\" sizes=\"(max-width: 1208px) 100vw, 1208px\" \/><\/p>\n<hr \/>\n<p>Son olarak may\u0131s ay\u0131nda ge\u00e7irdi\u011fi kalp krizi sonras\u0131 yo\u011fun bak\u0131m \u00e7\u0131k\u0131\u015f\u0131 hastane yata\u011f\u0131nda yazmaya ba\u015flad\u0131\u011f\u0131 \u015fark\u0131s\u0131 \u2018Vertigo\u2019yu m\u00fczik severlerle payla\u015fan pop m\u00fczi\u011fin ustas\u0131 Nazan \u00d6ncel, son \u015fark\u0131s\u0131 zirvelere \u00e7\u0131karken yine kalp krizi ge\u00e7irdi.<\/p>\n<p>\u00dcnl\u00fc \u015fark\u0131c\u0131n\u0131n dan\u0131\u015fman\u0131 Ya\u011f\u0131z Y\u0131lmaz, Nazan \u00d6ncel\u2019in hastaneye kald\u0131r\u0131ld\u0131\u011f\u0131n\u0131 duyurdu. Y\u0131lmaz, sosyal medya \u00fczerinden yapt\u0131\u011f\u0131 payla\u015f\u0131mda \u201cMay\u0131s ay\u0131nda anjiyo balon yap\u0131larak iki stent tak\u0131lan sanat\u00e7\u0131m\u0131z apar topar tekrar acile kald\u0131r\u0131ld\u0131. Y\u00fcksek nab\u0131z ve y\u00fcksek tansiyon bir stentle daha kontrol alt\u0131na al\u0131n\u0131rken, sanat\u00e7\u0131n\u0131n sa\u011fl\u0131k durumu stabil hale getirilmeye \u00e7al\u0131\u015f\u0131l\u0131yor\u201d ifadelerine yer verdi.<\/p>\n<p><img loading=\"lazy\" decoding=\"async\" class=\"alignnone wp-image-207603\" src=\"https:\/\/www.tgrthaber.com\/mavikadin\/wp-content\/uploads\/Nazan-Oncel-3-1024x576.jpg\" alt=\"Nazan \u00d6ncel neden hastaneye kald\u0131r\u0131ld\u0131? Nazan \u00d6ncel\u2019in sa\u011fl\u0131k durumu nas\u0131l?\" width=\"1208\" height=\"680\" title=\"\" srcset=\"https:\/\/www.tgrthaber.com\/mavikadin\/wp-content\/uploads\/Nazan-Oncel-3-1024x576.jpg 1024w, https:\/\/www.tgrthaber.com\/mavikadin\/wp-content\/uploads\/Nazan-Oncel-3-300x169.jpg 300w, https:\/\/www.tgrthaber.com\/mavikadin\/wp-content\/uploads\/Nazan-Oncel-3-768x432.jpg 768w, https:\/\/www.tgrthaber.com\/mavikadin\/wp-content\/uploads\/Nazan-Oncel-3.jpg 1510w\" sizes=\"(max-width: 1208px) 100vw, 1208px\" \/><\/p>\n<hr \/>\n<h3>NAZAN \u00d6NCEL\u2019\u0130N SA\u011eLIK DURUMU NASIL?<\/h3>\n<p>\u015eimdilerde sa\u011fl\u0131k sorunlar\u0131yla dikkatleri \u00fczerine \u00e7eken Nazan \u00d6ncel, kalp rahats\u0131zl\u0131\u011f\u0131 sebebiyle s\u0131k s\u0131k hastaneye kald\u0131r\u0131l\u0131yor. Y\u00fcksek tansiyon ve y\u00fcksek nab\u0131z \u015fikayetiyle acile g\u00f6t\u00fcr\u00fclen \u00fcnl\u00fc \u015fark\u0131c\u0131n\u0131n sa\u011fl\u0131k durumunun nas\u0131l oldu\u011fu da merak ediliyor.<\/p>\n<p><img loading=\"lazy\" decoding=\"async\" class=\"alignnone wp-image-207602\" src=\"https:\/\/www.tgrthaber.com\/mavikadin\/wp-content\/uploads\/Nazan-Oncel-6-1-1024x576.jpg\" alt=\"Nazan \u00d6ncel neden hastaneye kald\u0131r\u0131ld\u0131? Nazan \u00d6ncel\u2019in sa\u011fl\u0131k durumu nas\u0131l?\" width=\"1208\" height=\"680\" title=\"\" srcset=\"https:\/\/www.tgrthaber.com\/mavikadin\/wp-content\/uploads\/Nazan-Oncel-6-1-1024x576.jpg 1024w, https:\/\/www.tgrthaber.com\/mavikadin\/wp-content\/uploads\/Nazan-Oncel-6-1-300x169.jpg 300w, https:\/\/www.tgrthaber.com\/mavikadin\/wp-content\/uploads\/Nazan-Oncel-6-1-768x432.jpg 768w, https:\/\/www.tgrthaber.com\/mavikadin\/wp-content\/uploads\/Nazan-Oncel-6-1.jpg 1510w\" sizes=\"(max-width: 1208px) 100vw, 1208px\" \/><\/p>\n<hr \/>\n<p>Doktorlar\u0131n m\u00fcdahalesi sonucunda tansiyonu ve nabz\u0131 kontrol alt\u0131na al\u0131nmaya \u00e7al\u0131\u015f\u0131lan Nazan \u00d6ncel\u2019in kalbinde bir damar\u0131n\u0131n daha stentle a\u00e7\u0131ld\u0131\u011f\u0131n\u0131 ve durumunu stabil hale getirilmeye \u00e7al\u0131\u015f\u0131ld\u0131\u011f\u0131 a\u00e7\u0131klanm\u0131\u015ft\u0131.<\/p>\n<p><img loading=\"lazy\" decoding=\"async\" class=\"alignnone wp-image-207604\" src=\"https:\/\/www.tgrthaber.com\/mavikadin\/wp-content\/uploads\/Nazan-Oncel-4-1-1024x576.jpg\" alt=\"Nazan \u00d6ncel neden hastaneye kald\u0131r\u0131ld\u0131? Nazan \u00d6ncel\u2019in sa\u011fl\u0131k durumu nas\u0131l?\" width=\"1208\" height=\"680\" title=\"\" srcset=\"https:\/\/www.tgrthaber.com\/mavikadin\/wp-content\/uploads\/Nazan-Oncel-4-1-1024x576.jpg 1024w, https:\/\/www.tgrthaber.com\/mavikadin\/wp-content\/uploads\/Nazan-Oncel-4-1-300x169.jpg 300w, https:\/\/www.tgrthaber.com\/mavikadin\/wp-content\/uploads\/Nazan-Oncel-4-1-768x432.jpg 768w, https:\/\/www.tgrthaber.com\/mavikadin\/wp-content\/uploads\/Nazan-Oncel-4-1.jpg 1510w\" sizes=\"(max-width: 1208px) 100vw, 1208px\" \/><\/p>\n<hr \/>\n<p>\u00dcnl\u00fc \u015fark\u0131c\u0131 Nazan \u00d6ncel, sa\u011fl\u0131k durumuyla ilgili ise \u201cBen bu kalp i\u00e7in daha ne yapay\u0131m? Ne istediyse yapt\u0131m; y\u00fcr\u00fc dedi y\u00fcr\u00fcd\u00fcm, diyet yap dedi yapt\u0131m, bol su i\u00e7 dedi i\u00e7tim, stent dedi eyvallah dedim; olmay\u0131nca olmuyor demek ki hadi dua edin.\u201d mesaj\u0131n\u0131 sevenlerine iletti.<\/p>\n","protected":false},"excerpt":{"rendered":"<p>Sa\u011fl\u0131k sorunlar\u0131yla bir an olsun g\u00fcndemden d\u00fc\u015fmeyen Nazan \u00d6ncel\u2019in neden hastaneye kald\u0131r\u0131ld\u0131\u011f\u0131 merak ediliyor. Peki, Nazan \u00d6ncel neden hastaneye kald\u0131r\u0131ld\u0131? Nazan \u00d6ncel\u2019in sa\u011fl\u0131k durumu nas\u0131l? \u0130\u015fte detaylar\u2026<\/p>\n","protected":false},"author":26,"featured_media":207606,"comment_status":"closed","ping_status":"closed","sticky":false,"template":"","format":"standard","meta":{"rank_math_lock_modified_date":false,"footnotes":""},"categories":[76],"tags":[133,2218,3643,20853,22210],"class_list":["post-207599","post","type-post","status-publish","format-standard","has-post-thumbnail","hentry","category-magazin","tag-magazin","tag-magazin-haberleri","tag-nazan-oncel","tag-nazan-oncel-hastaneye-kaldirildi","tag-nazan-oncel-saglik-durumu"],"_links":{"self":[{"href":"https:\/\/www.tgrthaber.com\/mavikadin\/wp-json\/wp\/v2\/posts\/207599"}],"collection":[{"href":"https:\/\/www.tgrthaber.com\/mavikadin\/wp-json\/wp\/v2\/posts"}],"about":[{"href":"https:\/\/www.tgrthaber.com\/mavikadin\/wp-json\/wp\/v2\/types\/post"}],"author":[{"embeddable":true,"href":"https:\/\/www.tgrthaber.com\/mavikadin\/wp-json\/wp\/v2\/users\/26"}],"replies":[{"embeddable":true,"href":"https:\/\/www.tgrthaber.com\/mavikadin\/wp-json\/wp\/v2\/comments?post=207599"}],"version-history":[{"count":1,"href":"https:\/\/www.tgrthaber.com\/mavikadin\/wp-json\/wp\/v2\/posts\/207599\/revisions"}],"predecessor-version":[{"id":207605,"href":"https:\/\/www.tgrthaber.com\/mavikadin\/wp-json\/wp\/v2\/posts\/207599\/revisions\/207605"}],"wp:featuredmedia":[{"embeddable":true,"href":"https:\/\/www.tgrthaber.com\/mavikadin\/wp-json\/wp\/v2\/media\/207606"}],"wp:attachment":[{"href":"https:\/\/www.tgrthaber.com\/mavikadin\/wp-json\/wp\/v2\/media?parent=207599"}],"wp:term":[{"taxonomy":"category","embeddable":true,"href":"https:\/\/www.tgrthaber.com\/mavikadin\/wp-json\/wp\/v2\/categories?post=207599"},{"taxonomy":"post_tag","embeddable":true,"href":"https:\/\/www.tgrthaber.com\/mavikadin\/wp-json\/wp\/v2\/tags?post=207599"}],"curies":[{"name":"wp","href":"https:\/\/api.w.org\/{rel}","templated":true}]}}