{"id":207614,"date":"2025-07-20T11:20:05","date_gmt":"2025-07-20T08:20:05","guid":{"rendered":"https:\/\/www.tgrthaber.com\/mavikadin\/?p=207614"},"modified":"2025-07-20T11:20:05","modified_gmt":"2025-07-20T08:20:05","slug":"bahar-sahin-nereli-ve-boyu-nedir-bahar-sahin-evli-mi","status":"publish","type":"post","link":"https:\/\/www.tgrthaber.com\/mavikadin\/bahar-sahin-nereli-ve-boyu-nedir-bahar-sahin-evli-mi\/","title":{"rendered":"Bahar \u015eahin nereli ve boyu nedir? Bahar \u015eahin evli mi?"},"content":{"rendered":"<p>Zalim \u0130stanbul dizisinde Ceren karakteriyle b\u00fcy\u00fck \u00e7\u0131k\u0131\u015f yakalayan Bahar \u015eahin, son g\u00fcnlerde Zalim \u0130stanbul setinde ya\u015fad\u0131\u011f\u0131n\u0131 iddia etti\u011fi zorbal\u0131kla g\u00fcndemde. Arya Bekta\u015f&#8217; in YouTube kanal\u0131na konuk olan \u015eahin, sette dizi oyuncu kadrosunda yer alan ba\u015fka bir kad\u0131n oyuncu taraf\u0131ndan kendisine \u00e7ok k\u00f6t\u00fc davran\u0131ld\u0131\u011f\u0131n\u0131, psikolojik \u015fiddet uyguland\u0131\u011f\u0131n\u0131 \u015fu s\u00f6zlerle dile getirdi: \u201cSete a\u011flaya a\u011flaya gittim. Hakk\u0131m\u0131 helal etmiyorum. Hayat\u0131m boyunca ya\u015fad\u0131\u011f\u0131m en k\u00f6t\u00fc, en yaln\u0131z, en \u00e7aresiz zamanlard\u0131.\u201d \u015eahin, bu iddias\u0131yla magazin bas\u0131n\u0131n\u0131n g\u00fcndemine oturdu. Bahar \u015eahin\u2019in nereli oldu\u011fu, boyu ve evli olup olmad\u0131\u011f\u0131 merak edildi. Bahar \u015eahin nereli ve boyu nedir? Bahar \u015eahin evli mi?<\/p>\n<h3>BAHAR \u015eAH\u0130N NEREL\u0130?<\/h3>\n<p>Bahar \u015eahin, 4 May\u0131s 1997 tarihinde Ankara\u2019da d\u00fcnyaya geldi. Bahar \u015eahin aslen Artvinli&#8217;dir. Ailesi Artvin&#8217;dendir.<\/p>\n<p><img loading=\"lazy\" decoding=\"async\" class=\"size-full wp-image-207616 aligncenter\" src=\"https:\/\/www.tgrthaber.com\/mavikadin\/wp-content\/uploads\/bahar-sahin-nereli-ve-boyu-nedir-bahar-sahin-evli-mi-3.jpg\" alt=\"\" width=\"1208\" height=\"680\" title=\"\" srcset=\"https:\/\/www.tgrthaber.com\/mavikadin\/wp-content\/uploads\/bahar-sahin-nereli-ve-boyu-nedir-bahar-sahin-evli-mi-3.jpg 1208w, https:\/\/www.tgrthaber.com\/mavikadin\/wp-content\/uploads\/bahar-sahin-nereli-ve-boyu-nedir-bahar-sahin-evli-mi-3-300x169.jpg 300w, https:\/\/www.tgrthaber.com\/mavikadin\/wp-content\/uploads\/bahar-sahin-nereli-ve-boyu-nedir-bahar-sahin-evli-mi-3-1024x576.jpg 1024w, https:\/\/www.tgrthaber.com\/mavikadin\/wp-content\/uploads\/bahar-sahin-nereli-ve-boyu-nedir-bahar-sahin-evli-mi-3-768x432.jpg 768w\" sizes=\"(max-width: 1208px) 100vw, 1208px\" \/><\/p>\n<hr \/>\n<h3>BAHAR \u015eAH\u0130N\u2019\u0130N BOYU KA\u00c7?<\/h3>\n<p>Bahar \u015eahin\u2019in boyu 1.65 cm\u2019dir. Kilosu ise 48 kg\u2019d\u0131r.<\/p>\n<h3>BAHAR \u015eAH\u0130N EVL\u0130 M\u0130?<\/h3>\n<p>Bahar \u015eahin evli de\u011fildir. Resmi evlilik yapmam\u0131\u015ft\u0131r. Bahar \u015eahin\u2019in ge\u00e7mi\u015fte Reynmen mahlasl\u0131 Yusuf Akta\u015f, Cenan Ad\u0131g\u00fczel, Dorukhan Tok\u00f6z, Joan Garrid gibi isimlerle ad\u0131 an\u0131lm\u0131\u015ft\u0131.<\/p>\n<p><img loading=\"lazy\" decoding=\"async\" class=\"size-full wp-image-207617 aligncenter\" src=\"https:\/\/www.tgrthaber.com\/mavikadin\/wp-content\/uploads\/bahar-sahin-nereli-ve-boyu-nedir-bahar-sahin-evli-mi-4.jpg\" alt=\"\" width=\"1208\" height=\"680\" title=\"\" srcset=\"https:\/\/www.tgrthaber.com\/mavikadin\/wp-content\/uploads\/bahar-sahin-nereli-ve-boyu-nedir-bahar-sahin-evli-mi-4.jpg 1208w, https:\/\/www.tgrthaber.com\/mavikadin\/wp-content\/uploads\/bahar-sahin-nereli-ve-boyu-nedir-bahar-sahin-evli-mi-4-300x169.jpg 300w, https:\/\/www.tgrthaber.com\/mavikadin\/wp-content\/uploads\/bahar-sahin-nereli-ve-boyu-nedir-bahar-sahin-evli-mi-4-1024x576.jpg 1024w, https:\/\/www.tgrthaber.com\/mavikadin\/wp-content\/uploads\/bahar-sahin-nereli-ve-boyu-nedir-bahar-sahin-evli-mi-4-768x432.jpg 768w\" sizes=\"(max-width: 1208px) 100vw, 1208px\" \/><\/p>\n<hr \/>\n<h3>BAHAR \u015eAH\u0130N\u2019E K\u0130M ZORBALIK YAPTI?<\/h3>\n<p>Oyuncu Bahar Akta\u015f, Arya Bekta\u015f&#8217; in YouTube kanal\u0131nda 2020 y\u0131l\u0131nda rol ald\u0131\u011f\u0131, Zalim \u0130stanbul dizisinde ya\u015fad\u0131\u011f\u0131 zorbal\u0131\u011f\u0131 ile g\u00fcndem oldu.<\/p>\n<p>Bahar \u015eahin, duygular\u0131n\u0131 \u015fu s\u00f6zlerle dile getirdi:<\/p>\n<p>&#8220;Gen\u00e7li\u011fimin en g\u00fczel y\u0131llar\u0131 harap oldu. \u00c7ok sevdi\u011fim bir oyuncuydu. Diziye girmeden \u00f6nce \u00e7ok heyecanlanm\u0131\u015ft\u0131m, mesaj atm\u0131\u015ft\u0131m. Dizinin, reytinglerin \u00e7ok iyi gitmesi, benim izleyiciler taraf\u0131ndan \u00e7ok sevilmem, oynad\u0131\u011f\u0131m karakterin \u00e7ok sevilmesi setteki birka\u00e7 ki\u015fiyle dengemi bozdu. \u00c7\u00fcnk\u00fc onlar taraf\u0131ndan yap\u0131ld\u0131\u011f\u0131m \u015fey be\u011fenilmiyor ve oynarken de bununla dalga ge\u00e7iliyordu. Kendimi g\u00fcvende hissetmiyordum. &#8216;Sen daha k\u00fc\u00e7\u00fcks\u00fcn idare et&#8217; diyorlard\u0131.. &#8220;Bana &#8216;varo\u015f&#8217; diyor. O benim \u00fcst\u00fcme y\u00fcr\u00fcd\u00fc ben korkudan tir tir titriyorum. Kimse benim yan\u0131mda de\u011fil, &#8216;k\u00fc\u00e7\u00fcks\u00fcn idare et&#8217; diyorlar. Ben de bir annenin evlad\u0131y\u0131m. Bana tokat atacakt\u0131 ona o hakk\u0131 veriyorlar \u00e7\u00fcnk\u00fc. O benim \u00fczerime gelince ben de kap\u0131y\u0131 surat\u0131na do\u011fru kapatt\u0131m. Kap\u0131 surat\u0131na geldi. &#8216;\u015eiddet var&#8217; diye ba\u011f\u0131rmaya ba\u015flad\u0131. &#8217;25 haftad\u0131r \u015fiddet var neye ba\u011f\u0131r\u0131yorsun?&#8217; dedim ben de ona&#8221; dedi.<\/p>\n<p><img loading=\"lazy\" decoding=\"async\" class=\"size-full wp-image-207618 aligncenter\" src=\"https:\/\/www.tgrthaber.com\/mavikadin\/wp-content\/uploads\/bahar-sahin-nereli-ve-boyu-nedir-bahar-sahin-evli-mi-2.jpg\" alt=\"\" width=\"1208\" height=\"680\" title=\"\" srcset=\"https:\/\/www.tgrthaber.com\/mavikadin\/wp-content\/uploads\/bahar-sahin-nereli-ve-boyu-nedir-bahar-sahin-evli-mi-2.jpg 1208w, https:\/\/www.tgrthaber.com\/mavikadin\/wp-content\/uploads\/bahar-sahin-nereli-ve-boyu-nedir-bahar-sahin-evli-mi-2-300x169.jpg 300w, https:\/\/www.tgrthaber.com\/mavikadin\/wp-content\/uploads\/bahar-sahin-nereli-ve-boyu-nedir-bahar-sahin-evli-mi-2-1024x576.jpg 1024w, https:\/\/www.tgrthaber.com\/mavikadin\/wp-content\/uploads\/bahar-sahin-nereli-ve-boyu-nedir-bahar-sahin-evli-mi-2-768x432.jpg 768w\" sizes=\"(max-width: 1208px) 100vw, 1208px\" \/><\/p>\n<hr \/>\n<p>Bahar \u015eahin\u2019in bu a\u00e7\u0131klamas\u0131ndan sonra kendisine zorbal\u0131k yapan ki\u015finin Mine Tugay oldu\u011fu iddia edildi. Mine Tugay\u2019dan bu iddialara y\u00f6nelik hen\u00fcz herhangi bir cevap gelmedi.<\/p>\n","protected":false},"excerpt":{"rendered":"<p>Oyuncu Bahar \u015eahin, Arya Bekta\u015f&#8217; in YouTube kanal\u0131na konuk oldu. \u015eahin, 2020 y\u0131l\u0131nda ba\u015frollerini Fikret Ku\u015fkan, Mine Tugay ve Deniz U\u011fur gibi isimlerle payla\u015ft\u0131\u011f\u0131 \u2018Zalim \u0130stanbul\u2019 dizisinde psikolojik ve fiziksel \u015fiddete varan zorbal\u0131\u011fa maruz kald\u0131\u011f\u0131n\u0131 iddia etti. G\u00f6zler Bahar \u015eahin\u2019e \u00e7evrildi. Bahar \u015eahin nereli ve boyu nedir? Bahar \u015eahin evli mi?<\/p>\n","protected":false},"author":30,"featured_media":207615,"comment_status":"closed","ping_status":"closed","sticky":false,"template":"","format":"standard","meta":{"rank_math_lock_modified_date":false,"footnotes":""},"categories":[491],"tags":[13633,16521,4336,28811],"class_list":["post-207614","post","type-post","status-publish","format-standard","has-post-thumbnail","hentry","category-biyografi","tag-bahar-sahin","tag-biyografi-haberleri","tag-mine-tugay","tag-zalim-istanbul"],"_links":{"self":[{"href":"https:\/\/www.tgrthaber.com\/mavikadin\/wp-json\/wp\/v2\/posts\/207614"}],"collection":[{"href":"https:\/\/www.tgrthaber.com\/mavikadin\/wp-json\/wp\/v2\/posts"}],"about":[{"href":"https:\/\/www.tgrthaber.com\/mavikadin\/wp-json\/wp\/v2\/types\/post"}],"author":[{"embeddable":true,"href":"https:\/\/www.tgrthaber.com\/mavikadin\/wp-json\/wp\/v2\/users\/30"}],"replies":[{"embeddable":true,"href":"https:\/\/www.tgrthaber.com\/mavikadin\/wp-json\/wp\/v2\/comments?post=207614"}],"version-history":[{"count":1,"href":"https:\/\/www.tgrthaber.com\/mavikadin\/wp-json\/wp\/v2\/posts\/207614\/revisions"}],"predecessor-version":[{"id":207619,"href":"https:\/\/www.tgrthaber.com\/mavikadin\/wp-json\/wp\/v2\/posts\/207614\/revisions\/207619"}],"wp:featuredmedia":[{"embeddable":true,"href":"https:\/\/www.tgrthaber.com\/mavikadin\/wp-json\/wp\/v2\/media\/207615"}],"wp:attachment":[{"href":"https:\/\/www.tgrthaber.com\/mavikadin\/wp-json\/wp\/v2\/media?parent=207614"}],"wp:term":[{"taxonomy":"category","embeddable":true,"href":"https:\/\/www.tgrthaber.com\/mavikadin\/wp-json\/wp\/v2\/categories?post=207614"},{"taxonomy":"post_tag","embeddable":true,"href":"https:\/\/www.tgrthaber.com\/mavikadin\/wp-json\/wp\/v2\/tags?post=207614"}],"curies":[{"name":"wp","href":"https:\/\/api.w.org\/{rel}","templated":true}]}}