{"id":207620,"date":"2025-07-20T11:46:55","date_gmt":"2025-07-20T08:46:55","guid":{"rendered":"https:\/\/www.tgrthaber.com\/mavikadin\/?p=207620"},"modified":"2025-07-20T11:46:55","modified_gmt":"2025-07-20T08:46:55","slug":"lale-karabiyik-kimdir-kac-yasinda-lale-karabiyik-neden-oldu","status":"publish","type":"post","link":"https:\/\/www.tgrthaber.com\/mavikadin\/lale-karabiyik-kimdir-kac-yasinda-lale-karabiyik-neden-oldu\/","title":{"rendered":"Lale Karab\u0131y\u0131k kimdir ka\u00e7 ya\u015f\u0131nda? Lale Karab\u0131y\u0131k neden \u00f6ld\u00fc?"},"content":{"rendered":"<p>Lale Karab\u0131y\u0131k, CHP Bursa Milletvekili olarak 2015 y\u0131l\u0131nda TBMM\u2019ye girmi\u015f. Vefat haberi ile de merak edildi. Peki, Lale Karab\u0131y\u0131k kimdir ka\u00e7 ya\u015f\u0131nda? Lale Karab\u0131y\u0131k neden \u00f6ld\u00fc? sorular\u0131n\u0131 sizin i\u00e7in ara\u015ft\u0131rd\u0131k. \u0130\u015fte detaylar\u2026<\/p>\n<h3>LALE KARABIYIK K\u0130MD\u0130R?<\/h3>\n<p>Lale Karab\u0131y\u0131k, 22 A\u011fustos 1965 y\u0131l\u0131nda Bilecik\u2019te d\u00fcnyaya geldi. E\u011fitimini Uluda\u011f \u00dcniversitesi \u0130ktisadi ve \u0130dari Bilimler Fak\u00fcltesi \u0130\u015fletme b\u00f6l\u00fcm\u00fcnden mezun olmu\u015ftur. Akademik a\u00e7\u0131dan Y\u00fcksek Lisans yapan Karab\u0131y\u0131k, Y\u00fcksek lisans\u0131n\u0131 ve Do\u00e7ente unvanlar\u0131n\u0131 ald\u0131. Ayn\u0131 zamanda 2005 y\u0131l\u0131nda profes\u00f6r kadrosuna at\u0131larak finans alan\u0131ndaki, uzmanl\u0131\u011f\u0131 ile bir\u00e7ok \u00f6\u011frenci de yeti\u015ftirmi\u015ftir.<\/p>\n<p><img loading=\"lazy\" decoding=\"async\" class=\"alignnone size-full wp-image-207637\" src=\"https:\/\/www.tgrthaber.com\/mavikadin\/wp-content\/uploads\/ARZU-2025-07-20T114400.980.jpg\" alt=\"Lale Karab\u0131y\u0131k kimdir ka\u00e7 ya\u015f\u0131nda? Lale Karab\u0131y\u0131k neden \u00f6ld\u00fc?\" width=\"1208\" height=\"680\" title=\"\" srcset=\"https:\/\/www.tgrthaber.com\/mavikadin\/wp-content\/uploads\/ARZU-2025-07-20T114400.980.jpg 1208w, https:\/\/www.tgrthaber.com\/mavikadin\/wp-content\/uploads\/ARZU-2025-07-20T114400.980-300x169.jpg 300w, https:\/\/www.tgrthaber.com\/mavikadin\/wp-content\/uploads\/ARZU-2025-07-20T114400.980-1024x576.jpg 1024w, https:\/\/www.tgrthaber.com\/mavikadin\/wp-content\/uploads\/ARZU-2025-07-20T114400.980-768x432.jpg 768w\" sizes=\"(max-width: 1208px) 100vw, 1208px\" \/><\/p>\n<p><del><\/p>\n<hr \/>\n<p><\/del>2015 y\u0131l\u0131n da yap\u0131lan genel se\u00e7imlerde Cumhuriyet Halk Partisi Bursa Milletvekili se\u00e7ildi. Bursa\u2019n\u0131n milletvekili se\u00e7ilen Karab\u0131y\u0131k, 25. d\u00f6neminden itibaren g\u00f6rev ald\u0131. Cumhuriyet Halk Partisi Genel Ba\u015fkan Yard\u0131mc\u0131l\u0131\u011f\u0131 g\u00f6revinde bulundu. Yap\u0131lan se\u00e7im d\u00f6nemlerinde tekrardan CHP Bursa Milletvekilli\u011fine aday g\u00f6sterildi.<\/p>\n<h3><img loading=\"lazy\" decoding=\"async\" class=\"alignnone size-full wp-image-207636\" src=\"https:\/\/www.tgrthaber.com\/mavikadin\/wp-content\/uploads\/ARZU-2025-07-20T114408.046.jpg\" alt=\"Lale Karab\u0131y\u0131k kimdir ka\u00e7 ya\u015f\u0131nda? Lale Karab\u0131y\u0131k neden \u00f6ld\u00fc?\" width=\"1208\" height=\"680\" title=\"\" srcset=\"https:\/\/www.tgrthaber.com\/mavikadin\/wp-content\/uploads\/ARZU-2025-07-20T114408.046.jpg 1208w, https:\/\/www.tgrthaber.com\/mavikadin\/wp-content\/uploads\/ARZU-2025-07-20T114408.046-300x169.jpg 300w, https:\/\/www.tgrthaber.com\/mavikadin\/wp-content\/uploads\/ARZU-2025-07-20T114408.046-1024x576.jpg 1024w, https:\/\/www.tgrthaber.com\/mavikadin\/wp-content\/uploads\/ARZU-2025-07-20T114408.046-768x432.jpg 768w\" sizes=\"(max-width: 1208px) 100vw, 1208px\" \/><\/h3>\n<hr \/>\n<h3>LALE KARABIYIK KA\u00c7 YA\u015eINDA?<\/h3>\n<p>\u015eimdilerde 60 ya\u015f\u0131nda olan Lale Karab\u0131y\u0131k, Cumhuriyet Halk Partisinin Bursa Milletvekili olarak biliniyor. Lale Karab\u0131y\u0131k, evli ve bir \u00e7ocuk annesi olarak da tan\u0131n\u0131yor. 25. D\u00f6nemden itibaren g\u00f6rev alan Lale Karab\u0131y\u0131k, 5 Haziran 2023 y\u0131l\u0131nda CHP taraf\u0131ndan yap\u0131lan a\u00e7\u0131klama ile MYK \u0130\u015fveren \u00d6rg\u00fctleri Genel Ba\u015fkan Yard\u0131mc\u0131s\u0131 olarak atand\u0131. \u00dcst \u00dcste \u00fc\u00e7 d\u00f6nem millet vekili olan Lale Karab\u0131y\u0131k, e\u011fitimleri ile de g\u00f6z dolduruyor.<\/p>\n<p><img loading=\"lazy\" decoding=\"async\" class=\"alignnone size-full wp-image-207635\" src=\"https:\/\/www.tgrthaber.com\/mavikadin\/wp-content\/uploads\/ARZU-2025-07-20T114412.139.jpg\" alt=\"Lale Karab\u0131y\u0131k kimdir ka\u00e7 ya\u015f\u0131nda? Lale Karab\u0131y\u0131k neden \u00f6ld\u00fc?\" width=\"1208\" height=\"680\" title=\"\" srcset=\"https:\/\/www.tgrthaber.com\/mavikadin\/wp-content\/uploads\/ARZU-2025-07-20T114412.139.jpg 1208w, https:\/\/www.tgrthaber.com\/mavikadin\/wp-content\/uploads\/ARZU-2025-07-20T114412.139-300x169.jpg 300w, https:\/\/www.tgrthaber.com\/mavikadin\/wp-content\/uploads\/ARZU-2025-07-20T114412.139-1024x576.jpg 1024w, https:\/\/www.tgrthaber.com\/mavikadin\/wp-content\/uploads\/ARZU-2025-07-20T114412.139-768x432.jpg 768w\" sizes=\"(max-width: 1208px) 100vw, 1208px\" \/><\/p>\n<hr \/>\n<p>Haz\u0131rlad\u0131\u011f\u0131 ders kitaplar\u0131 ve bir\u00e7ok dergisi ve makalesi bulunan Lale Karab\u0131y\u0131k, \u00f6\u011fretim g\u00f6revinin yan\u0131 s\u0131ra \u00e7e\u015fitli idari g\u00f6revler de de bulunmu\u015ftur. 1999 y\u0131l\u0131ndan bu yana yerel ve ulusal bas\u0131nda ekonomi ve piyasa de\u011ferlendirmeleri yapmakta ve k\u00f6\u015fe yazar\u0131yla yer almaktad\u0131r.<\/p>\n<h3><img loading=\"lazy\" decoding=\"async\" class=\"alignnone size-full wp-image-207634\" src=\"https:\/\/www.tgrthaber.com\/mavikadin\/wp-content\/uploads\/ARZU-2025-07-20T114429.092.jpg\" alt=\"Lale Karab\u0131y\u0131k kimdir ka\u00e7 ya\u015f\u0131nda? Lale Karab\u0131y\u0131k neden \u00f6ld\u00fc?\" width=\"1208\" height=\"680\" title=\"\" srcset=\"https:\/\/www.tgrthaber.com\/mavikadin\/wp-content\/uploads\/ARZU-2025-07-20T114429.092.jpg 1208w, https:\/\/www.tgrthaber.com\/mavikadin\/wp-content\/uploads\/ARZU-2025-07-20T114429.092-300x169.jpg 300w, https:\/\/www.tgrthaber.com\/mavikadin\/wp-content\/uploads\/ARZU-2025-07-20T114429.092-1024x576.jpg 1024w, https:\/\/www.tgrthaber.com\/mavikadin\/wp-content\/uploads\/ARZU-2025-07-20T114429.092-768x432.jpg 768w\" sizes=\"(max-width: 1208px) 100vw, 1208px\" \/><\/h3>\n<hr \/>\n<h3>LALE KARABIYIK NEDEN \u00d6LD\u00dc?<\/h3>\n<p>Eski CHP Bursa Milletvekili Lale Karab\u0131y\u0131k hayat\u0131n\u0131 kaybetmesi \u00fczerine merak edildi. Milletvekilinin \u00f6zel hayat\u0131 ve kariyeri ara\u015ft\u0131r\u0131lmaya ba\u015fland\u0131. Karab\u0131y\u0131k, bir s\u00fcredir sarkom yani yumu\u015fak doku kanseri tedavisi g\u00f6rd\u00fc\u011f\u00fc s\u00f6yleniyordu.<\/p>\n<p><img loading=\"lazy\" decoding=\"async\" class=\"alignnone size-full wp-image-207633\" src=\"https:\/\/www.tgrthaber.com\/mavikadin\/wp-content\/uploads\/ARZU-2025-07-20T114448.272.jpg\" alt=\"Lale Karab\u0131y\u0131k kimdir ka\u00e7 ya\u015f\u0131nda? Lale Karab\u0131y\u0131k neden \u00f6ld\u00fc?\" width=\"1208\" height=\"680\" title=\"\" srcset=\"https:\/\/www.tgrthaber.com\/mavikadin\/wp-content\/uploads\/ARZU-2025-07-20T114448.272.jpg 1208w, https:\/\/www.tgrthaber.com\/mavikadin\/wp-content\/uploads\/ARZU-2025-07-20T114448.272-300x169.jpg 300w, https:\/\/www.tgrthaber.com\/mavikadin\/wp-content\/uploads\/ARZU-2025-07-20T114448.272-1024x576.jpg 1024w, https:\/\/www.tgrthaber.com\/mavikadin\/wp-content\/uploads\/ARZU-2025-07-20T114448.272-768x432.jpg 768w\" sizes=\"(max-width: 1208px) 100vw, 1208px\" \/><\/p>\n<hr \/>\n<p>Ge\u00e7ti\u011fimiz dakikalarda Bursa\u2019da tedavi g\u00f6rd\u00fc\u011f\u00fc \u00f6zel bir hastanede hayat\u0131n\u0131 kaybetti. Uzun s\u00fcredir sarkom hastal\u0131\u011f\u0131 ile tedavisini al\u0131yordu. Lale Karab\u0131y\u0131k\u2019\u0131n cenazesi, sabah saatlerinde ac\u0131 haber geldi. Akademisyen olarak g\u00f6rev yapt\u0131\u011f\u0131 Bursa Uluda\u011f \u00dcniversitesi\u2019nde t\u00f6ren d\u00fczenlenecek. Bursa Ulu Cami\u2019de \u00f6\u011fle vakti k\u0131l\u0131nacak cenaze namaz\u0131n\u0131n ard\u0131ndan, cenazesi memleketi Bilecik\u2019e g\u00f6nderilecek olan Karab\u0131y\u0131k, burada ikindide aile mezarl\u0131\u011f\u0131nda topra\u011fa verilecek.<\/p>\n","protected":false},"excerpt":{"rendered":"<p>Bursa Milletvekili olan Lale Karab\u0131y\u0131k, hayata veda etti. Bu haberlerden sonra Lale Karab\u0131y\u0131k merak edildi. Peki, Lale Karab\u0131y\u0131k kimdir ka\u00e7 ya\u015f\u0131nda? Lale Karab\u0131y\u0131k neden \u00f6ld\u00fc? \u0130\u015fte detaylar\u2026<\/p>\n","protected":false},"author":34,"featured_media":207633,"comment_status":"closed","ping_status":"closed","sticky":false,"template":"","format":"standard","meta":{"rank_math_lock_modified_date":false,"footnotes":""},"categories":[491],"tags":[16521,28814,28815],"class_list":["post-207620","post","type-post","status-publish","format-standard","has-post-thumbnail","hentry","category-biyografi","tag-biyografi-haberleri","tag-lale-karabiyik","tag-lale-karabiyik-kimdir"],"_links":{"self":[{"href":"https:\/\/www.tgrthaber.com\/mavikadin\/wp-json\/wp\/v2\/posts\/207620"}],"collection":[{"href":"https:\/\/www.tgrthaber.com\/mavikadin\/wp-json\/wp\/v2\/posts"}],"about":[{"href":"https:\/\/www.tgrthaber.com\/mavikadin\/wp-json\/wp\/v2\/types\/post"}],"author":[{"embeddable":true,"href":"https:\/\/www.tgrthaber.com\/mavikadin\/wp-json\/wp\/v2\/users\/34"}],"replies":[{"embeddable":true,"href":"https:\/\/www.tgrthaber.com\/mavikadin\/wp-json\/wp\/v2\/comments?post=207620"}],"version-history":[{"count":1,"href":"https:\/\/www.tgrthaber.com\/mavikadin\/wp-json\/wp\/v2\/posts\/207620\/revisions"}],"predecessor-version":[{"id":207638,"href":"https:\/\/www.tgrthaber.com\/mavikadin\/wp-json\/wp\/v2\/posts\/207620\/revisions\/207638"}],"wp:featuredmedia":[{"embeddable":true,"href":"https:\/\/www.tgrthaber.com\/mavikadin\/wp-json\/wp\/v2\/media\/207633"}],"wp:attachment":[{"href":"https:\/\/www.tgrthaber.com\/mavikadin\/wp-json\/wp\/v2\/media?parent=207620"}],"wp:term":[{"taxonomy":"category","embeddable":true,"href":"https:\/\/www.tgrthaber.com\/mavikadin\/wp-json\/wp\/v2\/categories?post=207620"},{"taxonomy":"post_tag","embeddable":true,"href":"https:\/\/www.tgrthaber.com\/mavikadin\/wp-json\/wp\/v2\/tags?post=207620"}],"curies":[{"name":"wp","href":"https:\/\/api.w.org\/{rel}","templated":true}]}}