{"id":207658,"date":"2025-07-20T13:01:13","date_gmt":"2025-07-20T10:01:13","guid":{"rendered":"https:\/\/www.tgrthaber.com\/mavikadin\/?p=207658"},"modified":"2025-07-20T13:01:13","modified_gmt":"2025-07-20T10:01:13","slug":"lale-karabiyik-evli-mi-lale-karabiyikin-esi-kimdir","status":"publish","type":"post","link":"https:\/\/www.tgrthaber.com\/mavikadin\/lale-karabiyik-evli-mi-lale-karabiyikin-esi-kimdir\/","title":{"rendered":"Lale Karab\u0131y\u0131k evli mi? Lale Karab\u0131y\u0131k\u2019\u0131n e\u015fi kimdir?"},"content":{"rendered":"<p>Eski Bursa milletvekili Prof. Dr. Lale Karab\u0131y\u0131k\u2019\u0131n bir s\u00fcredir tedavi g\u00f6rd\u00fc\u011f\u00fc hastanede hayat\u0131n\u0131 kaybetti\u011fi \u00f6\u011frenildi. 59 ya\u015f\u0131nda hayata g\u00f6zlerini yuman Lale Karab\u0131y\u0131k\u2019\u0131n \u00f6zel hayat\u0131 da merak konusu oldu. Peki, Lale Karab\u0131y\u0131k kimdir? Lale Karab\u0131y\u0131k evli mi? Lale Karab\u0131y\u0131k\u2019\u0131n e\u015fi kimdir? Lale Karab\u0131y\u0131k hakk\u0131nda merak edilenleri sizin i\u00e7in ara\u015ft\u0131rd\u0131k. \u0130\u015fte Lale Karab\u0131y\u0131k hakk\u0131nda bilinmeyenler\u2026<\/p>\n<h3>LALE KARABIYIK K\u0130MD\u0130R?<\/h3>\n<p>Lale Karab\u0131y\u0131k, 22 A\u011fustos 1965 tarihinde Bilecik\u2019te d\u00fcnyaya geldi. Kariyerini akademisyen ve siyaset\u00e7i olarak devam ettiren Karab\u0131y\u0131k, Uluda\u011f \u00dcniversitesi \u0130ktisadi ve \u0130dari Bilimler Fak\u00fcltesi \u0130\u015fletme B\u00f6l\u00fcm\u00fc\u2019nden 1986 y\u0131l\u0131nda mezun oldu.<\/p>\n<p><img loading=\"lazy\" decoding=\"async\" class=\"alignnone wp-image-207674\" src=\"https:\/\/www.tgrthaber.com\/mavikadin\/wp-content\/uploads\/Lale-Karabiyik-5-1024x576.jpg\" alt=\"Lale Karab\u0131y\u0131k evli mi? Lale Karab\u0131y\u0131k\u2019\u0131n e\u015fi kimdir? \" width=\"1208\" height=\"680\" title=\"\" srcset=\"https:\/\/www.tgrthaber.com\/mavikadin\/wp-content\/uploads\/Lale-Karabiyik-5-1024x576.jpg 1024w, https:\/\/www.tgrthaber.com\/mavikadin\/wp-content\/uploads\/Lale-Karabiyik-5-300x169.jpg 300w, https:\/\/www.tgrthaber.com\/mavikadin\/wp-content\/uploads\/Lale-Karabiyik-5-768x432.jpg 768w, https:\/\/www.tgrthaber.com\/mavikadin\/wp-content\/uploads\/Lale-Karabiyik-5.jpg 1208w\" sizes=\"(max-width: 1208px) 100vw, 1208px\" \/><\/p>\n<hr \/>\n<p>1989 y\u0131l\u0131nda y\u00fcksek lisans e\u011fitimini tamamlayan Karab\u0131y\u0131k, 1993 y\u0131l\u0131nda ise doktora e\u011fitimini tamamlad\u0131. 2005 y\u0131l\u0131nda Uluda\u011f \u00dcniversitesi \u0130ktisadi ve \u0130dari Bilimler Fak\u00fcltesi \u0130\u015fletme B\u00f6l\u00fcm\u00fc finans ana bilim dal\u0131na profes\u00f6r olarak atan Karab\u0131y\u0131k, hem akademik anlamda hem de siyaset alan\u0131nda ba\u015far\u0131l\u0131 i\u015flere imza att\u0131.<\/p>\n<p><img loading=\"lazy\" decoding=\"async\" class=\"alignnone wp-image-207676\" src=\"https:\/\/www.tgrthaber.com\/mavikadin\/wp-content\/uploads\/Lale-Karabiyik-4-1024x576.jpg\" alt=\"Lale Karab\u0131y\u0131k evli mi? Lale Karab\u0131y\u0131k\u2019\u0131n e\u015fi kimdir? \" width=\"1208\" height=\"680\" title=\"\" srcset=\"https:\/\/www.tgrthaber.com\/mavikadin\/wp-content\/uploads\/Lale-Karabiyik-4-1024x576.jpg 1024w, https:\/\/www.tgrthaber.com\/mavikadin\/wp-content\/uploads\/Lale-Karabiyik-4-300x169.jpg 300w, https:\/\/www.tgrthaber.com\/mavikadin\/wp-content\/uploads\/Lale-Karabiyik-4-768x432.jpg 768w, https:\/\/www.tgrthaber.com\/mavikadin\/wp-content\/uploads\/Lale-Karabiyik-4.jpg 1208w\" sizes=\"(max-width: 1208px) 100vw, 1208px\" \/><\/p>\n<hr \/>\n<p>Akademik kariyerinin yan\u0131 s\u0131ra \u00e7e\u015fitli idari g\u00f6revlerde de yer alan Lale Karab\u0131y\u0131k, 2015 y\u0131l\u0131nda yap\u0131lan genel se\u00e7imlerde Cumhuriyet Halk Partisinden TBMM 25. D\u00f6nem Bursa milletvekili se\u00e7ildi. Karab\u0131y\u0131k, 25, 26 ve 27. d\u00f6nem Bursa Milletvekili olarak g\u00f6rev yapt\u0131. Daha sonra kariyerine MYK \u0130\u015fveren \u00d6rg\u00fctleri Genel Ba\u015fkan Yard\u0131mc\u0131s\u0131\u00a0olarak devam eden Karab\u0131y\u0131k, bir s\u00fcredir tedavi g\u00f6rd\u00fc\u011f\u00fc hastanede 59 ya\u015f\u0131nda hayat\u0131n\u0131 kaybetti.<\/p>\n<p><img loading=\"lazy\" decoding=\"async\" class=\"wp-image-207677\" src=\"https:\/\/www.tgrthaber.com\/mavikadin\/wp-content\/uploads\/Lale-Karabiyik-2-1024x576.jpg\" alt=\"Lale Karab\u0131y\u0131k evli mi? Lale Karab\u0131y\u0131k\u2019\u0131n e\u015fi kimdir? \" width=\"1208\" height=\"680\" title=\"\" srcset=\"https:\/\/www.tgrthaber.com\/mavikadin\/wp-content\/uploads\/Lale-Karabiyik-2-1024x576.jpg 1024w, https:\/\/www.tgrthaber.com\/mavikadin\/wp-content\/uploads\/Lale-Karabiyik-2-300x169.jpg 300w, https:\/\/www.tgrthaber.com\/mavikadin\/wp-content\/uploads\/Lale-Karabiyik-2-768x432.jpg 768w, https:\/\/www.tgrthaber.com\/mavikadin\/wp-content\/uploads\/Lale-Karabiyik-2.jpg 1208w\" sizes=\"(max-width: 1208px) 100vw, 1208px\" \/><\/p>\n<hr \/>\n<h3>LALE KARABIYIK EVL\u0130 M\u0130?<\/h3>\n<p>Lale Karab\u0131y\u0131k evli ve bir \u00e7ocuk annesidir. Akademik kariyeri ve siyasi ki\u015fili\u011fiyle dikkatleri \u00fczerine \u00e7eken Karab\u0131y\u0131k, 1991 y\u0131l\u0131n\u0131n ekim ay\u0131nda tan\u0131\u015ft\u0131\u011f\u0131 e\u015fi Nezih Karab\u0131y\u0131k ile Haziran 1992\u2019de d\u00fcnyaevine girdi. Lale Karab\u0131y\u0131k\u2019\u0131n Nezih Karab\u0131y\u0131k ile olan evlili\u011finden 1994 y\u0131l\u0131nda \u2018P\u0131nar\u2019 ad\u0131nda bir k\u0131z\u0131 d\u00fcnyaya geldi.<\/p>\n<p><img loading=\"lazy\" decoding=\"async\" class=\"alignnone wp-image-207678\" src=\"https:\/\/www.tgrthaber.com\/mavikadin\/wp-content\/uploads\/Lale-Karabiyik-1-1024x576.jpg\" alt=\"Lale Karab\u0131y\u0131k evli mi? Lale Karab\u0131y\u0131k\u2019\u0131n e\u015fi kimdir? \" width=\"1208\" height=\"680\" title=\"\" srcset=\"https:\/\/www.tgrthaber.com\/mavikadin\/wp-content\/uploads\/Lale-Karabiyik-1-1024x576.jpg 1024w, https:\/\/www.tgrthaber.com\/mavikadin\/wp-content\/uploads\/Lale-Karabiyik-1-300x169.jpg 300w, https:\/\/www.tgrthaber.com\/mavikadin\/wp-content\/uploads\/Lale-Karabiyik-1-768x432.jpg 768w, https:\/\/www.tgrthaber.com\/mavikadin\/wp-content\/uploads\/Lale-Karabiyik-1.jpg 1208w\" sizes=\"(max-width: 1208px) 100vw, 1208px\" \/><\/p>\n<hr \/>\n<h3>LALE KARABIYIK\u2019IN E\u015e\u0130 NEZ\u0130H KARABIYIK K\u0130MD\u0130R?<\/h3>\n<p>Nezih Karab\u0131y\u0131k, 1956 y\u0131l\u0131nda Sakarya\u2019n\u0131n Tarakl\u0131 il\u00e7esinde d\u00fcnyaya geldi. \u0130lkokul, ortaokul ve lise e\u011fitimini ba\u015far\u0131yla tamamlayan Karab\u0131y\u0131k, \u00fcniversite e\u011fitimini \u0130stanbul Y\u0131ld\u0131z Teknik \u00dcniversitesi Makine B\u00f6l\u00fcm\u00fc\u2019nden mezun olarak tamamlad\u0131. Kariyerini makine m\u00fchendisi olarak devam ettiren Karab\u0131y\u0131k, Yata\u011fan Santrali ve Yenik\u00f6y Termik Santrali\u2019nde in\u015faat a\u015famas\u0131nda \u00e7al\u0131\u015ft\u0131.<\/p>\n<p><img loading=\"lazy\" decoding=\"async\" class=\"alignnone wp-image-207679\" src=\"https:\/\/www.tgrthaber.com\/mavikadin\/wp-content\/uploads\/Lale-Karabiyik-6-1024x576.jpg\" alt=\"Lale Karab\u0131y\u0131k evli mi? Lale Karab\u0131y\u0131k\u2019\u0131n e\u015fi kimdir? \" width=\"1208\" height=\"680\" title=\"\" srcset=\"https:\/\/www.tgrthaber.com\/mavikadin\/wp-content\/uploads\/Lale-Karabiyik-6-1024x576.jpg 1024w, https:\/\/www.tgrthaber.com\/mavikadin\/wp-content\/uploads\/Lale-Karabiyik-6-300x169.jpg 300w, https:\/\/www.tgrthaber.com\/mavikadin\/wp-content\/uploads\/Lale-Karabiyik-6-768x432.jpg 768w, https:\/\/www.tgrthaber.com\/mavikadin\/wp-content\/uploads\/Lale-Karabiyik-6.jpg 1208w\" sizes=\"(max-width: 1208px) 100vw, 1208px\" \/><\/p>\n<hr \/>\n<p>Irak ve Cezayir gibi \u00fclkelerde g\u00f6rev yapan Nezih Karab\u0131y\u0131k, daha sonra Sudan ve Libya\u2019ya gitti. 1991 y\u0131l\u0131nda T\u00fcrkiye Bilecik\u2019e d\u00f6n\u00fc\u015f yapan Karab\u0131y\u0131k, bir fabrikan\u0131n kurulu\u015fu a\u015famas\u0131nda, fabrika m\u00fcd\u00fcr\u00fc olarak g\u00f6reve ba\u015flad\u0131. Bu y\u0131llarda e\u015fi Lale Karab\u0131y\u0131k ile tan\u0131\u015fan Nezih Karab\u0131y\u0131k, Bilecik\u2019te ya\u015famay\u0131 b\u0131rakarak Bursa\u2019da ya\u015famaya ba\u015flad\u0131.<\/p>\n","protected":false},"excerpt":{"rendered":"<p>Eski T\u00fcrkiye B\u00fcy\u00fck Millet Meclisi \u00fcyesi Lale Karab\u0131y\u0131k\u2019\u0131n hayat\u0131n\u0131 kaybetti\u011fi \u00f6\u011frenildi. Bunun \u00fczerine Lale Karab\u0131y\u0131k\u2019\u0131n \u00f6zel hayat\u0131 merak edildi. Peki, Lale Karab\u0131y\u0131k evli mi? Lale Karab\u0131y\u0131k\u2019\u0131n e\u015fi kimdir? \u0130\u015fte detaylar\u2026<\/p>\n","protected":false},"author":26,"featured_media":207673,"comment_status":"closed","ping_status":"closed","sticky":false,"template":"","format":"standard","meta":{"rank_math_lock_modified_date":false,"footnotes":""},"categories":[491],"tags":[3374,16521,28814,28824,6365,28823],"class_list":["post-207658","post","type-post","status-publish","format-standard","has-post-thumbnail","hentry","category-biyografi","tag-biyografi","tag-biyografi-haberleri","tag-lale-karabiyik","tag-lale-karabiyik-evli-mi","tag-milletvekili","tag-nezih-karabiyik"],"_links":{"self":[{"href":"https:\/\/www.tgrthaber.com\/mavikadin\/wp-json\/wp\/v2\/posts\/207658"}],"collection":[{"href":"https:\/\/www.tgrthaber.com\/mavikadin\/wp-json\/wp\/v2\/posts"}],"about":[{"href":"https:\/\/www.tgrthaber.com\/mavikadin\/wp-json\/wp\/v2\/types\/post"}],"author":[{"embeddable":true,"href":"https:\/\/www.tgrthaber.com\/mavikadin\/wp-json\/wp\/v2\/users\/26"}],"replies":[{"embeddable":true,"href":"https:\/\/www.tgrthaber.com\/mavikadin\/wp-json\/wp\/v2\/comments?post=207658"}],"version-history":[{"count":2,"href":"https:\/\/www.tgrthaber.com\/mavikadin\/wp-json\/wp\/v2\/posts\/207658\/revisions"}],"predecessor-version":[{"id":207681,"href":"https:\/\/www.tgrthaber.com\/mavikadin\/wp-json\/wp\/v2\/posts\/207658\/revisions\/207681"}],"wp:featuredmedia":[{"embeddable":true,"href":"https:\/\/www.tgrthaber.com\/mavikadin\/wp-json\/wp\/v2\/media\/207673"}],"wp:attachment":[{"href":"https:\/\/www.tgrthaber.com\/mavikadin\/wp-json\/wp\/v2\/media?parent=207658"}],"wp:term":[{"taxonomy":"category","embeddable":true,"href":"https:\/\/www.tgrthaber.com\/mavikadin\/wp-json\/wp\/v2\/categories?post=207658"},{"taxonomy":"post_tag","embeddable":true,"href":"https:\/\/www.tgrthaber.com\/mavikadin\/wp-json\/wp\/v2\/tags?post=207658"}],"curies":[{"name":"wp","href":"https:\/\/api.w.org\/{rel}","templated":true}]}}