{"id":207675,"date":"2025-07-20T13:19:45","date_gmt":"2025-07-20T10:19:45","guid":{"rendered":"https:\/\/www.tgrthaber.com\/mavikadin\/?p=207675"},"modified":"2025-07-20T13:19:45","modified_gmt":"2025-07-20T10:19:45","slug":"unlu-oyuncu-asir-gundogdu-yanki-dizisinin-2-sezonunda-yer-aliyor-asir-gundogdu-koray-rolu-ile-izleyiciyle-bulusacak","status":"publish","type":"post","link":"https:\/\/www.tgrthaber.com\/mavikadin\/unlu-oyuncu-asir-gundogdu-yanki-dizisinin-2-sezonunda-yer-aliyor-asir-gundogdu-koray-rolu-ile-izleyiciyle-bulusacak\/","title":{"rendered":"\u00dcnl\u00fc oyuncu Asir G\u00fcndo\u011fdu Yank\u0131 dizisinin 2. sezonunda yer al\u0131yor! Asir G\u00fcndo\u011fdu \u2018Koray\u2019 rol\u00fc ile izleyiciyle bulu\u015facak"},"content":{"rendered":"<p>Tabii\u2019nin Yank\u0131 2. sezonu ile izleyicisiyle bulu\u015fmaya g\u00fcn say\u0131yor. Heybe Yap\u0131m imzal\u0131 dizi g\u00fc\u00e7l\u00fc oyuncu kadrosu ile dikkat \u00e7ekiyor. \u00dcnl\u00fc oyuncu Asir G\u00fcndo\u011fdu, 13 b\u00f6l\u00fcml\u00fck dizi de yer almas\u0131 ile g\u00fcndem oldu. \u0130\u015fte detaylar\u2026<\/p>\n<h3>AS\u0130R G\u00dcNDO\u011eDU YANKI D\u0130Z\u0130S\u0130N\u0130N 2. SEZONUNDA YER ALIYOR!<\/h3>\n<p>TRT\u2019nin dijital yay\u0131n platformu tabii, dikkat \u00e7eken yap\u0131mlar\u0131 ile g\u00fcndem olmaya devam ediyor. \u0130kinci sezonu \u00e7ekilecek olan Yank\u0131 dizisi, g\u00fc\u00e7l\u00fc oyuncu kadrosu ve senaryosu ile dikkatleri \u00fczerine \u00e7ekiyor. Ozan Aksungur, O\u011fuz Ayaz ve Ozan Ayaz\u2019\u0131n kaleme ald\u0131\u011f\u0131 dizi de Erkan Avc\u0131, Leyla Lydya Tu\u011futlu, Fatma Topta\u015f, Murat Han, Ali S\u00fcrmeli, Cemre Arda ve Erkan Petekkaya gibi oyuncular kadro da yer al\u0131yor.<\/p>\n<p><img loading=\"lazy\" decoding=\"async\" class=\"alignnone size-full wp-image-207691\" src=\"https:\/\/www.tgrthaber.com\/mavikadin\/wp-content\/uploads\/ARZU-2025-07-20T131717.117.jpg\" alt=\"\u00dcnl\u00fc oyuncu Asir G\u00fcndo\u011fdu Yank\u0131 dizisinin 2. sezonunda yer al\u0131yor! Asir G\u00fcndo\u011fdu \u2018Koray\u2019 rol\u00fc ile izleyiciyle bulu\u015facak\" width=\"1208\" height=\"680\" title=\"\" srcset=\"https:\/\/www.tgrthaber.com\/mavikadin\/wp-content\/uploads\/ARZU-2025-07-20T131717.117.jpg 1208w, https:\/\/www.tgrthaber.com\/mavikadin\/wp-content\/uploads\/ARZU-2025-07-20T131717.117-300x169.jpg 300w, https:\/\/www.tgrthaber.com\/mavikadin\/wp-content\/uploads\/ARZU-2025-07-20T131717.117-1024x576.jpg 1024w, https:\/\/www.tgrthaber.com\/mavikadin\/wp-content\/uploads\/ARZU-2025-07-20T131717.117-768x432.jpg 768w\" sizes=\"(max-width: 1208px) 100vw, 1208px\" \/><\/p>\n<hr \/>\n<p>Gazeteci Birsen Altunta\u015f\u2019\u0131n haberine g\u00f6re, ba\u015far\u0131l\u0131 oyunculardan olu\u015fan dizinin kadrosuna yeni bir isim daha eklendi. \u2018Mezarl\u0131k\u2019 ve \u2018Vefa Sultan\u2019 dizilerinde g\u00fczel bir ba\u015far\u0131 yakalayan Asir G\u00fcndo\u011fdu, Yank\u0131 dizisinin ikinci sezonun da yer alacak.<\/p>\n<h3><img loading=\"lazy\" decoding=\"async\" class=\"alignnone size-full wp-image-207692\" src=\"https:\/\/www.tgrthaber.com\/mavikadin\/wp-content\/uploads\/ARZU-2025-07-20T131707.016.jpg\" alt=\"\u00dcnl\u00fc oyuncu Asir G\u00fcndo\u011fdu Yank\u0131 dizisinin 2. sezonunda yer al\u0131yor! Asir G\u00fcndo\u011fdu \u2018Koray\u2019 rol\u00fc ile izleyiciyle bulu\u015facak\" width=\"1208\" height=\"680\" title=\"\" srcset=\"https:\/\/www.tgrthaber.com\/mavikadin\/wp-content\/uploads\/ARZU-2025-07-20T131707.016.jpg 1208w, https:\/\/www.tgrthaber.com\/mavikadin\/wp-content\/uploads\/ARZU-2025-07-20T131707.016-300x169.jpg 300w, https:\/\/www.tgrthaber.com\/mavikadin\/wp-content\/uploads\/ARZU-2025-07-20T131707.016-1024x576.jpg 1024w, https:\/\/www.tgrthaber.com\/mavikadin\/wp-content\/uploads\/ARZU-2025-07-20T131707.016-768x432.jpg 768w\" sizes=\"(max-width: 1208px) 100vw, 1208px\" \/><\/h3>\n<hr \/>\n<h3>AS\u0130R G\u00dcNDO\u011eDU \u2018KORAY\u2019 ROL\u00dc \u0130LE \u0130ZLEY\u0130C\u0130YLE BULU\u015eACAK<\/h3>\n<p>Y\u00f6netmen koltu\u011funda \u00d6mer Baykul\u2019un oturdu\u011fu dizi de Asir G\u00fcndo\u011fdu, \u201cKoray\u201d rol\u00fc ile izleyici kar\u015f\u0131s\u0131na \u00e7\u0131kacak. \u201cKoray\u201d\u0131n hikayesi ise dizi de ordudan at\u0131lm\u0131\u015f bir asker rol\u00fc ile ekranlara gelecek. \u00a0Koray\u2019\u0131n hik\u00e2ye de derin ba\u011flant\u0131lar\u0131 oldu\u011fu i\u00e7in dinleme ve takip i\u015flerini yapacak. Dizi de a\u011f\u0131rl\u0131kl\u0131 olarak Ertu\u011frul, Ahmet ve Mahmut karakterleri ile sahneleri olacak. \u00dcnl\u00fc oyuncu Asir G\u00fcndo\u011fdu, diziye 5. b\u00f6l\u00fcm de dahil olacak.<\/p>\n<p><img loading=\"lazy\" decoding=\"async\" class=\"alignnone size-full wp-image-207690\" src=\"https:\/\/www.tgrthaber.com\/mavikadin\/wp-content\/uploads\/ARZU-2025-07-20T131747.409.jpg\" alt=\"\u00dcnl\u00fc oyuncu Asir G\u00fcndo\u011fdu Yank\u0131 dizisinin 2. sezonunda yer al\u0131yor! Asir G\u00fcndo\u011fdu \u2018Koray\u2019 rol\u00fc ile izleyiciyle bulu\u015facak\" width=\"1208\" height=\"680\" title=\"\" srcset=\"https:\/\/www.tgrthaber.com\/mavikadin\/wp-content\/uploads\/ARZU-2025-07-20T131747.409.jpg 1208w, https:\/\/www.tgrthaber.com\/mavikadin\/wp-content\/uploads\/ARZU-2025-07-20T131747.409-300x169.jpg 300w, https:\/\/www.tgrthaber.com\/mavikadin\/wp-content\/uploads\/ARZU-2025-07-20T131747.409-1024x576.jpg 1024w, https:\/\/www.tgrthaber.com\/mavikadin\/wp-content\/uploads\/ARZU-2025-07-20T131747.409-768x432.jpg 768w\" sizes=\"(max-width: 1208px) 100vw, 1208px\" \/><\/p>\n<hr \/>\n<p>Yank\u0131 dizisinin ikinci sezonu \u015fimdiden merakla bekleniyor. 13 b\u00f6l\u00fcml\u00fck dizi iddial\u0131 diziler aras\u0131nda yer almaya haz\u0131rlan\u0131yor. Daha yay\u0131n tarihi daha kesinle\u015fmemi\u015f olan Yank\u0131 dizisi, ilk sezonu ile g\u00fcndem olmay\u0131 ba\u015farm\u0131\u015ft\u0131. \u0130kinci sezonu ile yeniden izleyici ile bulu\u015facak olan Yank\u0131 dizisi yeni karakterler ve g\u00fc\u00e7l\u00fc oyuncusu kadrosu ile be\u011fenilecek yap\u0131mlar aras\u0131nda.<\/p>\n","protected":false},"excerpt":{"rendered":"<p>TRT\u2019nin dijital yay\u0131n platformu tabii, Yank\u0131 dizisi ile dikkatleri \u00fczerine \u00e7ekiyor. \u00dcnl\u00fc oyuncu Asir G\u00fcndo\u011fdu, 2. sezonu ile dizi de yer al\u0131yor. \u0130\u015fte detaylar\u2026<\/p>\n","protected":false},"author":34,"featured_media":207693,"comment_status":"closed","ping_status":"closed","sticky":false,"template":"","format":"standard","meta":{"rank_math_lock_modified_date":false,"footnotes":""},"categories":[602],"tags":[28829,2628,28830,28831],"class_list":["post-207675","post","type-post","status-publish","format-standard","has-post-thumbnail","hentry","category-diziler","tag-asir-gundogdu","tag-dizi-haberleri","tag-yanki-dizisi","tag-yanki-dizisi-2-sezon"],"_links":{"self":[{"href":"https:\/\/www.tgrthaber.com\/mavikadin\/wp-json\/wp\/v2\/posts\/207675"}],"collection":[{"href":"https:\/\/www.tgrthaber.com\/mavikadin\/wp-json\/wp\/v2\/posts"}],"about":[{"href":"https:\/\/www.tgrthaber.com\/mavikadin\/wp-json\/wp\/v2\/types\/post"}],"author":[{"embeddable":true,"href":"https:\/\/www.tgrthaber.com\/mavikadin\/wp-json\/wp\/v2\/users\/34"}],"replies":[{"embeddable":true,"href":"https:\/\/www.tgrthaber.com\/mavikadin\/wp-json\/wp\/v2\/comments?post=207675"}],"version-history":[{"count":2,"href":"https:\/\/www.tgrthaber.com\/mavikadin\/wp-json\/wp\/v2\/posts\/207675\/revisions"}],"predecessor-version":[{"id":207695,"href":"https:\/\/www.tgrthaber.com\/mavikadin\/wp-json\/wp\/v2\/posts\/207675\/revisions\/207695"}],"wp:featuredmedia":[{"embeddable":true,"href":"https:\/\/www.tgrthaber.com\/mavikadin\/wp-json\/wp\/v2\/media\/207693"}],"wp:attachment":[{"href":"https:\/\/www.tgrthaber.com\/mavikadin\/wp-json\/wp\/v2\/media?parent=207675"}],"wp:term":[{"taxonomy":"category","embeddable":true,"href":"https:\/\/www.tgrthaber.com\/mavikadin\/wp-json\/wp\/v2\/categories?post=207675"},{"taxonomy":"post_tag","embeddable":true,"href":"https:\/\/www.tgrthaber.com\/mavikadin\/wp-json\/wp\/v2\/tags?post=207675"}],"curies":[{"name":"wp","href":"https:\/\/api.w.org\/{rel}","templated":true}]}}