{"id":207711,"date":"2025-07-20T15:15:08","date_gmt":"2025-07-20T12:15:08","guid":{"rendered":"https:\/\/www.tgrthaber.com\/mavikadin\/?p=207711"},"modified":"2025-07-20T15:15:08","modified_gmt":"2025-07-20T12:15:08","slug":"semicenk-manifest-grubu-kizlarini-en-onde-izledi-sosyal-medya-ikiye-bolundu","status":"publish","type":"post","link":"https:\/\/www.tgrthaber.com\/mavikadin\/semicenk-manifest-grubu-kizlarini-en-onde-izledi-sosyal-medya-ikiye-bolundu\/","title":{"rendered":"Semicenk Manifest grubu k\u0131zlar\u0131n\u0131 en \u00f6nde izledi! Sosyal medya ikiye b\u00f6l\u00fcnd\u00fc"},"content":{"rendered":"<p>Yapt\u0131\u011f\u0131 her \u015fark\u0131 ile dinleme listelerinin alt \u00fcst eden \u015fark\u0131c\u0131 Semicenk, g\u00fcndem olmaya devam ediyor. Her \u015fark\u0131s\u0131 ile dikkatleri \u00fczerine \u00e7eken \u00fcnl\u00fc isim, ge\u00e7ti\u011fimiz ak\u015fam T\u00fcrkiye\u2019nin yeni k\u0131z grubu Manifest\u2019in Harbiye A\u00e7\u0131k Hava Sahne\u2019sinde verdikleri konsere kat\u0131ld\u0131. Bu g\u00f6r\u00fcnt\u00fcler sosyal medyay\u0131 ikiye b\u00f6ld\u00fc. \u0130\u015fte detaylar\u2026<\/p>\n<h3>SEM\u0130CENK MAN\u0130FEST GRUBU KIZLARINI EN \u00d6NDE \u0130ZLED\u0130!<\/h3>\n<p>Arabesk ve T\u00fcrk\u00e7e Pop m\u00fczi\u011fin sevilen ve ilgi ile takip edilen ismi Semicenk, T\u00fcrkiye\u2019nin yeni k\u0131z grubu Manifest\u2019in Harbiye A\u00e7\u0131k Hava Sahne\u2019sinde verdikleri konsere kat\u0131lmas\u0131 ile dikkat \u00e7ekti. Her ya\u015ftan her ki\u015finin sevdi\u011fi isimlerden biri olan \u015fark\u0131c\u0131 Semicenk, ilk kez Harbiye A\u00e7\u0131k Hava Sahnesi\u2019nde konser veren Manifet grubunu yaln\u0131z b\u0131rakmad\u0131.<\/p>\n<p><img loading=\"lazy\" decoding=\"async\" class=\"alignnone size-full wp-image-207721\" src=\"https:\/\/www.tgrthaber.com\/mavikadin\/wp-content\/uploads\/ARZU-2025-07-20T151242.563.jpg\" alt=\"Semicenk Manifest grubu k\u0131zlar\u0131n\u0131 en \u00f6nde izledi! Sosyal medya ikiye b\u00f6l\u00fcnd\u00fc\" width=\"1208\" height=\"680\" title=\"\" srcset=\"https:\/\/www.tgrthaber.com\/mavikadin\/wp-content\/uploads\/ARZU-2025-07-20T151242.563.jpg 1208w, https:\/\/www.tgrthaber.com\/mavikadin\/wp-content\/uploads\/ARZU-2025-07-20T151242.563-300x169.jpg 300w, https:\/\/www.tgrthaber.com\/mavikadin\/wp-content\/uploads\/ARZU-2025-07-20T151242.563-1024x576.jpg 1024w, https:\/\/www.tgrthaber.com\/mavikadin\/wp-content\/uploads\/ARZU-2025-07-20T151242.563-768x432.jpg 768w\" sizes=\"(max-width: 1208px) 100vw, 1208px\" \/><\/p>\n<hr \/>\n<p>Sahne de ger\u00e7ekle\u015ftirdikleri renkli \u015fovlar ile gelenleri adeta kendilerine hayran b\u0131rakt\u0131ran Manifest k\u0131z grubu, ge\u00e7ti\u011fimiz ak\u015fam unutulmaz performanslar ile unutulmaz anlara imza att\u0131. M\u00fczik camias\u0131ndan kat\u0131lan bir\u00e7ok \u00fcnl\u00fc isimler bu gen\u00e7 k\u0131z grubunu desteklemek amac\u0131yla Harbiye\u2019ye geldi.<\/p>\n<p><img loading=\"lazy\" decoding=\"async\" class=\"alignnone size-full wp-image-207727\" src=\"https:\/\/www.tgrthaber.com\/mavikadin\/wp-content\/uploads\/ARZU-2025-07-20T151416.717.jpg\" alt=\"Semicenk Manifest grubu k\u0131zlar\u0131n\u0131 en \u00f6nde izledi! Sosyal medya ikiye b\u00f6l\u00fcnd\u00fc\" width=\"1208\" height=\"680\" title=\"\" srcset=\"https:\/\/www.tgrthaber.com\/mavikadin\/wp-content\/uploads\/ARZU-2025-07-20T151416.717.jpg 1208w, https:\/\/www.tgrthaber.com\/mavikadin\/wp-content\/uploads\/ARZU-2025-07-20T151416.717-300x169.jpg 300w, https:\/\/www.tgrthaber.com\/mavikadin\/wp-content\/uploads\/ARZU-2025-07-20T151416.717-1024x576.jpg 1024w, https:\/\/www.tgrthaber.com\/mavikadin\/wp-content\/uploads\/ARZU-2025-07-20T151416.717-768x432.jpg 768w\" sizes=\"(max-width: 1208px) 100vw, 1208px\" \/><\/p>\n<hr \/>\n<p>Harbiye A\u00e7\u0131k Hava Sahnesi\u2019nde ger\u00e7ekle\u015fen bu konsere kat\u0131lan isimlerden biri olan Semicenk, Manifest grubunu dinlemeye ve arkada\u015flar\u0131 ile e\u011flenmeye geldi. Konser alan\u0131na gelen Semicenk kameralara yans\u0131d\u0131. Konser alan\u0131na giderken ara ara hayranlar\u0131 ile foto\u011fraf \u00e7ekilen Semicenk, yeni k\u0131z grubu Manifest\u2019i dinlemek i\u00e7in oradayd\u0131. Bu g\u00f6r\u00fcnt\u00fclerden sonra sosyal medya ikiye b\u00f6l\u00fcnd\u00fc.<\/p>\n<div style=\"width: 640px;\" class=\"wp-video\"><!--[if lt IE 9]><script>document.createElement('video');<\/script><![endif]-->\n<video class=\"wp-video-shortcode\" id=\"video-207711-1\" width=\"640\" height=\"640\" preload=\"metadata\" controls=\"controls\"><source type=\"video\/mp4\" src=\"https:\/\/www.tgrthaber.com\/mavikadin\/wp-content\/uploads\/video-birlestirme-1-3.mp4?_=1\" \/><a href=\"https:\/\/www.tgrthaber.com\/mavikadin\/wp-content\/uploads\/video-birlestirme-1-3.mp4\">https:\/\/www.tgrthaber.com\/mavikadin\/wp-content\/uploads\/video-birlestirme-1-3.mp4<\/a><\/video><\/div>\n<hr \/>\n<h3>SOSYAL MEDYA \u0130K\u0130YE B\u00d6L\u00dcND\u00dc<\/h3>\n<p>T\u00fcrkiye\u2019nin yeni k\u0131z grubu Manifest \u00e7\u0131kard\u0131klar\u0131 \u015fark\u0131lar ile m\u00fczik dinleme platformlar\u0131nda k\u0131sa s\u00fcre de favori olmay\u0131 ba\u015far\u0131yor. \u0130lk konserlerini Manifestival\u2019de veren grup ge\u00e7ti\u011fimiz ak\u015fam ilk kez Harbiye A\u00e7\u0131k Hava Sahnesi\u2019nde konser verdiler. \u00c7ok say\u0131da ki\u015fi grubu dinlemek i\u00e7in Harbiye\u2019ye gitti.<\/p>\n<p><img loading=\"lazy\" decoding=\"async\" class=\"alignnone size-full wp-image-207723\" src=\"https:\/\/www.tgrthaber.com\/mavikadin\/wp-content\/uploads\/ARZU-2025-07-20T151157.707.jpg\" alt=\"Semicenk Manifest grubu k\u0131zlar\u0131n\u0131 en \u00f6nde izledi! Sosyal medya ikiye b\u00f6l\u00fcnd\u00fc\" width=\"1208\" height=\"680\" title=\"\" srcset=\"https:\/\/www.tgrthaber.com\/mavikadin\/wp-content\/uploads\/ARZU-2025-07-20T151157.707.jpg 1208w, https:\/\/www.tgrthaber.com\/mavikadin\/wp-content\/uploads\/ARZU-2025-07-20T151157.707-300x169.jpg 300w, https:\/\/www.tgrthaber.com\/mavikadin\/wp-content\/uploads\/ARZU-2025-07-20T151157.707-1024x576.jpg 1024w, https:\/\/www.tgrthaber.com\/mavikadin\/wp-content\/uploads\/ARZU-2025-07-20T151157.707-768x432.jpg 768w\" sizes=\"(max-width: 1208px) 100vw, 1208px\" \/><\/p>\n<hr \/>\n<p>Vatanda\u015flar\u0131n yan\u0131 s\u0131ra konser alan\u0131na \u00fcnl\u00fc isimler de ak\u0131n etti. \u00dcnl\u00fc \u015fark\u0131c\u0131 Semicenk, ge\u00e7ti\u011fimiz ak\u015fam Manifest grubunun konserinde kameralara yans\u0131d\u0131. Yans\u0131yan bu g\u00f6r\u00fcnt\u00fcler sonras\u0131 Semicenk sosyal medyay\u0131 ikiye b\u00f6ld\u00fc. Kimi kullan\u0131c\u0131 sert ve ele\u015ftirel yorumlar yaparken kimi kullan\u0131c\u0131 ise Gruba destek olduklar\u0131 i\u00e7in \u00fcnl\u00fc isimleri tebrik etti.<\/p>\n","protected":false},"excerpt":{"rendered":"<p>\u00dcnl\u00fc \u015fark\u0131c\u0131 Semicenk, ge\u00e7ti\u011fimiz ak\u015fam Harbiye A\u00e7\u0131k Hava Sahnesi\u2019nde konser veren Manifest grubu k\u0131zlar\u0131n\u0131 en \u00f6nde izledi. Bu g\u00f6r\u00fcnt\u00fcler sosyal medyay\u0131 ikiye b\u00f6ld\u00fc. \u0130\u015fte detaylar\u2026<\/p>\n","protected":false},"author":34,"featured_media":207722,"comment_status":"closed","ping_status":"closed","sticky":false,"template":"","format":"standard","meta":{"rank_math_lock_modified_date":false,"footnotes":""},"categories":[76],"tags":[2218,10172,28838,3647],"class_list":["post-207711","post","type-post","status-publish","format-standard","has-post-thumbnail","hentry","category-magazin","tag-magazin-haberleri","tag-manifest","tag-manifest-harbiye-acik-hava-konser","tag-semicenk"],"_links":{"self":[{"href":"https:\/\/www.tgrthaber.com\/mavikadin\/wp-json\/wp\/v2\/posts\/207711"}],"collection":[{"href":"https:\/\/www.tgrthaber.com\/mavikadin\/wp-json\/wp\/v2\/posts"}],"about":[{"href":"https:\/\/www.tgrthaber.com\/mavikadin\/wp-json\/wp\/v2\/types\/post"}],"author":[{"embeddable":true,"href":"https:\/\/www.tgrthaber.com\/mavikadin\/wp-json\/wp\/v2\/users\/34"}],"replies":[{"embeddable":true,"href":"https:\/\/www.tgrthaber.com\/mavikadin\/wp-json\/wp\/v2\/comments?post=207711"}],"version-history":[{"count":1,"href":"https:\/\/www.tgrthaber.com\/mavikadin\/wp-json\/wp\/v2\/posts\/207711\/revisions"}],"predecessor-version":[{"id":207729,"href":"https:\/\/www.tgrthaber.com\/mavikadin\/wp-json\/wp\/v2\/posts\/207711\/revisions\/207729"}],"wp:featuredmedia":[{"embeddable":true,"href":"https:\/\/www.tgrthaber.com\/mavikadin\/wp-json\/wp\/v2\/media\/207722"}],"wp:attachment":[{"href":"https:\/\/www.tgrthaber.com\/mavikadin\/wp-json\/wp\/v2\/media?parent=207711"}],"wp:term":[{"taxonomy":"category","embeddable":true,"href":"https:\/\/www.tgrthaber.com\/mavikadin\/wp-json\/wp\/v2\/categories?post=207711"},{"taxonomy":"post_tag","embeddable":true,"href":"https:\/\/www.tgrthaber.com\/mavikadin\/wp-json\/wp\/v2\/tags?post=207711"}],"curies":[{"name":"wp","href":"https:\/\/api.w.org\/{rel}","templated":true}]}}