{"id":207720,"date":"2025-07-20T15:16:49","date_gmt":"2025-07-20T12:16:49","guid":{"rendered":"https:\/\/www.tgrthaber.com\/mavikadin\/?p=207720"},"modified":"2025-07-20T15:17:19","modified_gmt":"2025-07-20T12:17:19","slug":"meral-aksener-kimdir-ve-kac-yasinda-meral-aksenerin-kokeni-nereli-kac-cocugu-var","status":"publish","type":"post","link":"https:\/\/www.tgrthaber.com\/mavikadin\/meral-aksener-kimdir-ve-kac-yasinda-meral-aksenerin-kokeni-nereli-kac-cocugu-var\/","title":{"rendered":"Meral Ak\u015fener kimdir ve ka\u00e7 ya\u015f\u0131nda? Meral Ak\u015fener\u2019in k\u00f6keni nereli ka\u00e7 \u00e7ocu\u011fu var?"},"content":{"rendered":"<p>\u0130yi parti kurucusu ve eski genel ba\u015fkan\u0131 Meral Ak\u015fener, uzun s\u00fcredir bas\u0131ndan uzak bir ya\u015fam s\u00fcr\u00fcyordu. Ak\u015fener, uzun aran\u0131n ard\u0131ndan kat\u0131ld\u0131\u011f\u0131 bir d\u00fc\u011f\u00fcn t\u00f6reninde g\u00f6r\u00fcnt\u00fclendi. Bordo etek ve ceket giyen Ak\u015fener, bu kez k\u0131rla\u015fm\u0131\u015f sa\u00e7lar\u0131yla, yeni imaj\u0131yla g\u00fcndem oldu. Meral Ak\u015fener\u2019in kim oldu\u011fu merak edildi. Meral Ak\u015fener kimdir ve ka\u00e7 ya\u015f\u0131nda? Meral Ak\u015fener\u2019in k\u00f6keni nereli ka\u00e7 \u00e7ocu\u011fu var?<\/p>\n<h3>MERAL AK\u015eENER K\u0130MD\u0130R?<\/h3>\n<p>Meral Ak\u015fener, T\u00fcrk siyaset\u00e7idir, iyi partinin kurucusu ve ilk genel ba\u015fkan\u0131d\u0131r. 18 Temmuz 1956 senesinde Kocaeli\u2019nin Alikahya il\u00e7esinde d\u00fcnyaya geldi. Babas\u0131n\u0131n ad\u0131 Tahir \u00d6mer, anne ad\u0131 ise S\u0131d\u0131ka\u2019d\u0131r. Bursa K\u0131z \u00d6\u011fretmen Lisesi&#8217;ni bitirdi. \u0130stanbul \u00dcniversitesi Edebiyat Fak\u00fcltesi Tarih B\u00f6l\u00fcm\u00fc\u2019nden mezun oldu. 1986 y\u0131l\u0131nda, Marmara \u00dcniversitesi\u2019nde y\u00fcksek lisans, 1992\u2019de ayn\u0131 \u00fcniversitede doktoras\u0131n\u0131 tamamlay\u0131p tarih doktoru \u00fcnvan\u0131n\u0131 ald\u0131.<\/p>\n<p><img loading=\"lazy\" decoding=\"async\" class=\"size-full wp-image-207728 aligncenter\" src=\"https:\/\/www.tgrthaber.com\/mavikadin\/wp-content\/uploads\/meral-aksener-kimdir-ve-kac-yasinda-meral-aksener-in-kokeni-nereli-kac-cocugu-var-3.jpg\" alt=\"\" width=\"1208\" height=\"680\" title=\"\" srcset=\"https:\/\/www.tgrthaber.com\/mavikadin\/wp-content\/uploads\/meral-aksener-kimdir-ve-kac-yasinda-meral-aksener-in-kokeni-nereli-kac-cocugu-var-3.jpg 1208w, https:\/\/www.tgrthaber.com\/mavikadin\/wp-content\/uploads\/meral-aksener-kimdir-ve-kac-yasinda-meral-aksener-in-kokeni-nereli-kac-cocugu-var-3-300x169.jpg 300w, https:\/\/www.tgrthaber.com\/mavikadin\/wp-content\/uploads\/meral-aksener-kimdir-ve-kac-yasinda-meral-aksener-in-kokeni-nereli-kac-cocugu-var-3-1024x576.jpg 1024w, https:\/\/www.tgrthaber.com\/mavikadin\/wp-content\/uploads\/meral-aksener-kimdir-ve-kac-yasinda-meral-aksener-in-kokeni-nereli-kac-cocugu-var-3-768x432.jpg 768w\" sizes=\"(max-width: 1208px) 100vw, 1208px\" \/><\/p>\n<hr \/>\n<p>Bir d\u00f6nem Y\u0131ld\u0131z, Kocaeli ve Marmara \u00dcniversitelerinde \u00f6\u011fretim \u00fcyeli\u011fi yapt\u0131.<\/p>\n<p>Meral Ak\u015fener, 1995 senesi T\u00fcrkiye genel se\u00e7imlerinde DYP Kocaeli milletvekili olarak TBMM\u2019ye girdi. 20. D\u00f6nemde \u0130stanbul, 21. D\u00f6nemde DYP\u2019den Kocaeli ve 20. D\u00f6nemde DYP\u2019den, 23., 24. ve 25. D\u00f6nemde MHP\u2019den \u0130stanbul Milletvekili oldu.<\/p>\n<p>Z\u00fcbeyde Han\u0131m \u015eehit Aileleri Vakf\u0131&#8217;n\u0131 kurdu ve bir d\u00f6nem ba\u015fkanl\u0131\u011f\u0131nda bulundu.<\/p>\n<p>25 Ekim 2017 senesinde \u0130yi Partiyi kurdu, genel ba\u015fkanl\u0131\u011f\u0131n\u0131 yapt\u0131. 2023 genel se\u00e7imlerinin ard\u0131ndan \u0130yi Parti genel ba\u015fkanl\u0131ktan istifa etti.<\/p>\n<p><img loading=\"lazy\" decoding=\"async\" class=\"size-full wp-image-207730 aligncenter\" src=\"https:\/\/www.tgrthaber.com\/mavikadin\/wp-content\/uploads\/meral-aksener-kimdir-ve-kac-yasinda-meral-aksener-in-kokeni-nereli-kac-cocugu-var-2.jpg\" alt=\"\" width=\"1208\" height=\"680\" title=\"\" srcset=\"https:\/\/www.tgrthaber.com\/mavikadin\/wp-content\/uploads\/meral-aksener-kimdir-ve-kac-yasinda-meral-aksener-in-kokeni-nereli-kac-cocugu-var-2.jpg 1208w, https:\/\/www.tgrthaber.com\/mavikadin\/wp-content\/uploads\/meral-aksener-kimdir-ve-kac-yasinda-meral-aksener-in-kokeni-nereli-kac-cocugu-var-2-300x169.jpg 300w, https:\/\/www.tgrthaber.com\/mavikadin\/wp-content\/uploads\/meral-aksener-kimdir-ve-kac-yasinda-meral-aksener-in-kokeni-nereli-kac-cocugu-var-2-1024x576.jpg 1024w, https:\/\/www.tgrthaber.com\/mavikadin\/wp-content\/uploads\/meral-aksener-kimdir-ve-kac-yasinda-meral-aksener-in-kokeni-nereli-kac-cocugu-var-2-768x432.jpg 768w\" sizes=\"(max-width: 1208px) 100vw, 1208px\" \/><\/p>\n<hr \/>\n<h3>MERAL AK\u015eENER EVL\u0130 M\u0130?<\/h3>\n<p>Meral Ak\u015fener evlidir. 1980\u2019den bu yana makine m\u00fchendisi Tuncer Ak\u015fener ile evlili\u011fini s\u00fcrd\u00fcrmektedir. Ak\u015fener\u2019in 1984 do\u011fumlu Fatih Ak\u015fener ad\u0131nda bir evlad\u0131 bulunmaktad\u0131r.<\/p>\n<h3>MERAL AK\u015eENER KA\u00c7 YA\u015eINDA?<\/h3>\n<p>Meral Ak\u015fener, 18 Temmuz 1956 tarihinde d\u00fcnyaya geldi. 2025 y\u0131l\u0131 itibariyle 69 ya\u015f\u0131ndad\u0131r.<\/p>\n<p><img loading=\"lazy\" decoding=\"async\" class=\"size-full wp-image-207731 aligncenter\" src=\"https:\/\/www.tgrthaber.com\/mavikadin\/wp-content\/uploads\/meral-aksener-kimdir-ve-kac-yasinda-meral-aksener-in-kokeni-nereli-kac-cocugu-var-4.jpg\" alt=\"\" width=\"1208\" height=\"680\" title=\"\" srcset=\"https:\/\/www.tgrthaber.com\/mavikadin\/wp-content\/uploads\/meral-aksener-kimdir-ve-kac-yasinda-meral-aksener-in-kokeni-nereli-kac-cocugu-var-4.jpg 1208w, https:\/\/www.tgrthaber.com\/mavikadin\/wp-content\/uploads\/meral-aksener-kimdir-ve-kac-yasinda-meral-aksener-in-kokeni-nereli-kac-cocugu-var-4-300x169.jpg 300w, https:\/\/www.tgrthaber.com\/mavikadin\/wp-content\/uploads\/meral-aksener-kimdir-ve-kac-yasinda-meral-aksener-in-kokeni-nereli-kac-cocugu-var-4-1024x576.jpg 1024w, https:\/\/www.tgrthaber.com\/mavikadin\/wp-content\/uploads\/meral-aksener-kimdir-ve-kac-yasinda-meral-aksener-in-kokeni-nereli-kac-cocugu-var-4-768x432.jpg 768w\" sizes=\"(max-width: 1208px) 100vw, 1208px\" \/><\/p>\n<hr \/>\n<h3>MERAL AK\u015eENER&#8217;\u0130N K\u00d6KEN\u0130 NEREL\u0130?<\/h3>\n<p>Meral Ak\u015fener Kocaeli do\u011fumludur. Babas\u0131n\u0131n ailesi Yunanistan\u2019dan g\u00f6\u00e7 etmi\u015ftir. Ak\u015fener, g\u00f6\u00e7men bir aileden gelmektedir.<\/p>\n<p>Ak\u015fener\u2019in baba taraf\u0131 aslen Diyarbak\u0131r&#8217;\u0131n K\u00fc\u00e7\u00fckkad\u0131 k\u00f6y\u00fc ve Alevi T\u00fcrkmen k\u00f6ylerinden biri olan B\u00fcy\u00fckkad\u0131&#8217;dan Balkanlar&#8217;a g\u00f6\u00e7m\u00fc\u015f bir aileden gelmektedir.<\/p>\n<h3>MERAL AK\u015eENER\u2019\u0130N KA\u00c7 \u00c7OCU\u011eU VAR?<\/h3>\n<p>Meral Ak\u015fener\u2019in Fatih Ak\u015fener isminde bir o\u011flu, bu o\u011flundan Pars ve Ayda adlar\u0131nda 2 torunu bulunuyor.<\/p>\n","protected":false},"excerpt":{"rendered":"<p>Bir d\u00f6nem T\u00fcrk siyasetine damga vuran siyaset\u00e7i Meral Ak\u015fener yeni imaj\u0131yla g\u00fcndem oldu. Uzun s\u00fcredir ortalarda g\u00f6z\u00fckmeyen Ak\u015fener, yeni sa\u00e7 rengiyle bir d\u00fc\u011f\u00fcne kat\u0131ld\u0131. Meral Ak\u015fener\u2019in yeni imaj\u0131 ile ortaya \u00e7\u0131kmas\u0131n\u0131n ard\u0131ndan vatanda\u015flar Ak\u015fener\u2019in kim oldu\u011funu ara\u015ft\u0131rmaya ba\u015flad\u0131. Meral Ak\u015fener kimdir ve ka\u00e7 ya\u015f\u0131nda? Meral Ak\u015fener\u2019in k\u00f6keni nereli ka\u00e7 \u00e7ocu\u011fu var?<\/p>\n","protected":false},"author":30,"featured_media":207726,"comment_status":"closed","ping_status":"closed","sticky":false,"template":"","format":"standard","meta":{"rank_math_lock_modified_date":false,"footnotes":""},"categories":[491],"tags":[16521,28840,28839],"class_list":["post-207720","post","type-post","status-publish","format-standard","has-post-thumbnail","hentry","category-biyografi","tag-biyografi-haberleri","tag-iyi-parti","tag-meral-aksener"],"_links":{"self":[{"href":"https:\/\/www.tgrthaber.com\/mavikadin\/wp-json\/wp\/v2\/posts\/207720"}],"collection":[{"href":"https:\/\/www.tgrthaber.com\/mavikadin\/wp-json\/wp\/v2\/posts"}],"about":[{"href":"https:\/\/www.tgrthaber.com\/mavikadin\/wp-json\/wp\/v2\/types\/post"}],"author":[{"embeddable":true,"href":"https:\/\/www.tgrthaber.com\/mavikadin\/wp-json\/wp\/v2\/users\/30"}],"replies":[{"embeddable":true,"href":"https:\/\/www.tgrthaber.com\/mavikadin\/wp-json\/wp\/v2\/comments?post=207720"}],"version-history":[{"count":1,"href":"https:\/\/www.tgrthaber.com\/mavikadin\/wp-json\/wp\/v2\/posts\/207720\/revisions"}],"predecessor-version":[{"id":207732,"href":"https:\/\/www.tgrthaber.com\/mavikadin\/wp-json\/wp\/v2\/posts\/207720\/revisions\/207732"}],"wp:featuredmedia":[{"embeddable":true,"href":"https:\/\/www.tgrthaber.com\/mavikadin\/wp-json\/wp\/v2\/media\/207726"}],"wp:attachment":[{"href":"https:\/\/www.tgrthaber.com\/mavikadin\/wp-json\/wp\/v2\/media?parent=207720"}],"wp:term":[{"taxonomy":"category","embeddable":true,"href":"https:\/\/www.tgrthaber.com\/mavikadin\/wp-json\/wp\/v2\/categories?post=207720"},{"taxonomy":"post_tag","embeddable":true,"href":"https:\/\/www.tgrthaber.com\/mavikadin\/wp-json\/wp\/v2\/tags?post=207720"}],"curies":[{"name":"wp","href":"https:\/\/api.w.org\/{rel}","templated":true}]}}