{"id":207758,"date":"2025-07-20T16:33:24","date_gmt":"2025-07-20T13:33:24","guid":{"rendered":"https:\/\/www.tgrthaber.com\/mavikadin\/?p=207758"},"modified":"2025-07-20T16:33:24","modified_gmt":"2025-07-20T13:33:24","slug":"gamze-ozcelik-ciftlik-hayatini-paylasti-salvarini-giydi-meyve-agaclarini-suladi","status":"publish","type":"post","link":"https:\/\/www.tgrthaber.com\/mavikadin\/gamze-ozcelik-ciftlik-hayatini-paylasti-salvarini-giydi-meyve-agaclarini-suladi\/","title":{"rendered":"Gamze \u00d6z\u00e7elik \u00e7iftlik hayat\u0131n\u0131 payla\u015ft\u0131! \u015ealvar\u0131n\u0131 giydi meyve a\u011fa\u00e7lar\u0131n\u0131 sulad\u0131"},"content":{"rendered":"<p>Reshad Strik ile mutlu evlili\u011fine tam gaz devam eden Gamze \u00d6z\u00e7elik, bu kez \u00e7iftlik hayat\u0131ndan g\u00f6r\u00fcnt\u00fclerini payla\u015ft\u0131. Sosyal medya hesab\u0131ndan yapt\u0131\u011f\u0131 payla\u015f\u0131mlarla ad\u0131ndan s\u00f6z ettiren Gamze \u00d6z\u00e7elik, bu kez \u015falvar\u0131n\u0131 giydi ve meyve a\u011fa\u00e7lar\u0131n\u0131 sulad\u0131. \u00dcnl\u00fc ismin o anlar\u0131 sosyal medya kullan\u0131c\u0131lar\u0131 taraf\u0131ndan b\u00fcy\u00fck ilgi g\u00f6rd\u00fc. \u0130\u015fte Gamze \u00d6z\u00e7elik\u2019in \u00e7iftlik hayat\u0131ndan g\u00f6r\u00fcnt\u00fcleri\u2026<\/p>\n<h3>GAMZE \u00d6Z\u00c7EL\u0130K \u00c7\u0130FTL\u0130K HAYATINI PAYLA\u015eTI!<\/h3>\n<p>Bir zamanlar\u0131n sevilen oyuncular\u0131 aras\u0131nda yer alan Gamze \u00d6z\u00e7elik, hayat\u0131n\u0131 g\u00f6zlerden uzak ya\u015famaya ba\u015flam\u0131\u015f ve m\u00fctevazi bir hayat yolculu\u011funa \u00e7\u0131km\u0131\u015ft\u0131. \u00d6zellikle sosyal sorumluluk projeleriyle dikkatleri \u00fczerine \u00e7eken \u00d6z\u00e7elik, 2024 y\u0131l\u0131nda hayat\u0131n\u0131 Reshad Strik ile birle\u015ftirmi\u015fti. Strik ile mutlu evlili\u011fine t\u00fcm h\u0131z\u0131yla devam eden \u00d6z\u00e7elik, bu kez \u00e7iftlik hayat\u0131n\u0131 payla\u015ft\u0131.<\/p>\n<p><img loading=\"lazy\" decoding=\"async\" class=\"alignnone wp-image-207759\" src=\"https:\/\/www.tgrthaber.com\/mavikadin\/wp-content\/uploads\/Gamze-Ozcelik-6-1-1024x576.jpg\" alt=\"Gamze \u00d6z\u00e7elik \u00e7iftlik hayat\u0131n\u0131 payla\u015ft\u0131! \u015ealvar\u0131n\u0131 giydi meyve a\u011fa\u00e7lar\u0131n\u0131 sulad\u0131\" width=\"1208\" height=\"680\" title=\"\" srcset=\"https:\/\/www.tgrthaber.com\/mavikadin\/wp-content\/uploads\/Gamze-Ozcelik-6-1-1024x576.jpg 1024w, https:\/\/www.tgrthaber.com\/mavikadin\/wp-content\/uploads\/Gamze-Ozcelik-6-1-300x169.jpg 300w, https:\/\/www.tgrthaber.com\/mavikadin\/wp-content\/uploads\/Gamze-Ozcelik-6-1-768x432.jpg 768w, https:\/\/www.tgrthaber.com\/mavikadin\/wp-content\/uploads\/Gamze-Ozcelik-6-1.jpg 1208w\" sizes=\"(max-width: 1208px) 100vw, 1208px\" \/><\/p>\n<hr \/>\n<p>Zaman zaman yapt\u0131\u011f\u0131 sosyal medya payla\u015f\u0131mlar\u0131yla ad\u0131ndan s\u00f6z ettiren Gamze \u00d6z\u00e7elik, \u00e7iftlik hayat\u0131na dair \u00e7e\u015fitli payla\u015f\u0131mlarda bulundu. Eski oyuncu ve Umuda Ko\u015fanlar Derne\u011fi kurucusu \u00d6z\u00e7elik, ge\u00e7ti\u011fimiz ay e\u015f, Reshad Strik ile a\u015fk dolu bir payla\u015f\u0131mda bulunmu\u015f ve evliliklerinin 1. y\u0131l\u0131n\u0131 kutlam\u0131\u015ft\u0131. \u00d6zellikle e\u015fiyle yapt\u0131\u011f\u0131 payla\u015f\u0131mlarla magazin d\u00fcnyas\u0131nda b\u00fcy\u00fck ses getiren \u00d6z\u00e7elik, bu kez do\u011fayla i\u00e7 i\u00e7e olan ya\u015fant\u0131s\u0131n\u0131 takip\u00e7ileriyle payla\u015ft\u0131. \u0130\u015fte Gamze \u00d6z\u00e7elik\u2019in \u00e7iftlik hayat\u0131ndan g\u00f6r\u00fcnt\u00fcleri\u2026<\/p>\n<div style=\"width: 640px;\" class=\"wp-video\"><!--[if lt IE 9]><script>document.createElement('video');<\/script><![endif]-->\n<video class=\"wp-video-shortcode\" id=\"video-207758-1\" width=\"640\" height=\"640\" preload=\"metadata\" controls=\"controls\"><source type=\"video\/mp4\" src=\"https:\/\/www.tgrthaber.com\/mavikadin\/wp-content\/uploads\/video-birlestirme-1-4.mp4?_=1\" \/><a href=\"https:\/\/www.tgrthaber.com\/mavikadin\/wp-content\/uploads\/video-birlestirme-1-4.mp4\">https:\/\/www.tgrthaber.com\/mavikadin\/wp-content\/uploads\/video-birlestirme-1-4.mp4<\/a><\/video><\/div>\n<hr \/>\n<h3>GAMZE \u00d6Z\u00c7EL\u0130K \u015eALVARINI G\u0130YD\u0130 MEYVE A\u011eA\u00c7LARINI SULADI!<\/h3>\n<p>\u0130htiya\u00e7 sahiplerine yard\u0131m etmeye devam eden Gamze \u00d6z\u00e7elik, yapt\u0131\u011f\u0131 yard\u0131mlar\u0131n yan\u0131 s\u0131ra \u00f6zel hayat\u0131yla da g\u00fcndeme gelmeye devam ediyor. Sosyal medya hesaplar\u0131n\u0131 aktif olarak kullanan \u00d6z\u00e7elik, payla\u015f\u0131mlar\u0131yla da ses getiriyor. Yapt\u0131klar\u0131 yard\u0131mla ve insanlar\u0131 yard\u0131ma te\u015fvik etmesiyle ad\u0131ndan s\u00f6z ettiren \u00d6z\u00e7elik, bu kez \u00e7iftlik hayat\u0131ndan mutlu anlar\u0131n\u0131 takip\u00e7ileriyle payla\u015ft\u0131.<\/p>\n<p><img loading=\"lazy\" decoding=\"async\" class=\"alignnone wp-image-207761\" src=\"https:\/\/www.tgrthaber.com\/mavikadin\/wp-content\/uploads\/Gamze-Ozcelik-5-1-1024x576.jpg\" alt=\"Gamze \u00d6z\u00e7elik \u00e7iftlik hayat\u0131n\u0131 payla\u015ft\u0131! \u015ealvar\u0131n\u0131 giydi meyve a\u011fa\u00e7lar\u0131n\u0131 sulad\u0131\" width=\"1208\" height=\"680\" title=\"\" srcset=\"https:\/\/www.tgrthaber.com\/mavikadin\/wp-content\/uploads\/Gamze-Ozcelik-5-1-1024x576.jpg 1024w, https:\/\/www.tgrthaber.com\/mavikadin\/wp-content\/uploads\/Gamze-Ozcelik-5-1-300x169.jpg 300w, https:\/\/www.tgrthaber.com\/mavikadin\/wp-content\/uploads\/Gamze-Ozcelik-5-1-768x432.jpg 768w, https:\/\/www.tgrthaber.com\/mavikadin\/wp-content\/uploads\/Gamze-Ozcelik-5-1.jpg 1208w\" sizes=\"(max-width: 1208px) 100vw, 1208px\" \/><\/p>\n<hr \/>\n<p>Kurucusu oldu\u011fu Umuda Ko\u015fanlar Derne\u011fi\u2019nde ihtiya\u00e7 sahiplerine yard\u0131m etmeye devam eden Gamze \u00d6z\u00e7elik, bu kez \u015falvar\u0131n\u0131 giyip a\u011fa\u00e7lar\u0131 sulad\u0131. O anlar\u0131 Instagram hesab\u0131 \u00fczerinden payla\u015fan \u00d6z\u00e7elik, takip\u00e7ilerinin be\u011fenisini kazand\u0131. Do\u011fayla i\u00e7 i\u00e7e hayat tarz\u0131yla dikkatleri \u00fczerine \u00e7eken \u00fcnl\u00fc isim, magazin d\u00fcnyas\u0131n\u0131n g\u00fcndeminde de yer ald\u0131.<\/p>\n","protected":false},"excerpt":{"rendered":"<p>Gamze \u00d6z\u00e7elik bu kez \u00e7iftli\u011finden payla\u015ft\u0131\u011f\u0131 g\u00f6r\u00fcnt\u00fclerle dikkatleri \u00fczerine \u00e7ekti. \u00dcnl\u00fc isim \u015falvar\u0131n\u0131 giydi, a\u011fa\u00e7lar\u0131n\u0131 sulad\u0131. \u0130\u015fte detaylar\u2026<\/p>\n","protected":false},"author":26,"featured_media":207760,"comment_status":"closed","ping_status":"closed","sticky":false,"template":"","format":"standard","meta":{"rank_math_lock_modified_date":false,"footnotes":""},"categories":[76],"tags":[3919,28850,133,2218,2065],"class_list":["post-207758","post","type-post","status-publish","format-standard","has-post-thumbnail","hentry","category-magazin","tag-gamze-ozcelik","tag-gamze-ozcelik-ciftlik-hayati","tag-magazin","tag-magazin-haberleri","tag-reshad-strik"],"_links":{"self":[{"href":"https:\/\/www.tgrthaber.com\/mavikadin\/wp-json\/wp\/v2\/posts\/207758"}],"collection":[{"href":"https:\/\/www.tgrthaber.com\/mavikadin\/wp-json\/wp\/v2\/posts"}],"about":[{"href":"https:\/\/www.tgrthaber.com\/mavikadin\/wp-json\/wp\/v2\/types\/post"}],"author":[{"embeddable":true,"href":"https:\/\/www.tgrthaber.com\/mavikadin\/wp-json\/wp\/v2\/users\/26"}],"replies":[{"embeddable":true,"href":"https:\/\/www.tgrthaber.com\/mavikadin\/wp-json\/wp\/v2\/comments?post=207758"}],"version-history":[{"count":2,"href":"https:\/\/www.tgrthaber.com\/mavikadin\/wp-json\/wp\/v2\/posts\/207758\/revisions"}],"predecessor-version":[{"id":207764,"href":"https:\/\/www.tgrthaber.com\/mavikadin\/wp-json\/wp\/v2\/posts\/207758\/revisions\/207764"}],"wp:featuredmedia":[{"embeddable":true,"href":"https:\/\/www.tgrthaber.com\/mavikadin\/wp-json\/wp\/v2\/media\/207760"}],"wp:attachment":[{"href":"https:\/\/www.tgrthaber.com\/mavikadin\/wp-json\/wp\/v2\/media?parent=207758"}],"wp:term":[{"taxonomy":"category","embeddable":true,"href":"https:\/\/www.tgrthaber.com\/mavikadin\/wp-json\/wp\/v2\/categories?post=207758"},{"taxonomy":"post_tag","embeddable":true,"href":"https:\/\/www.tgrthaber.com\/mavikadin\/wp-json\/wp\/v2\/tags?post=207758"}],"curies":[{"name":"wp","href":"https:\/\/api.w.org\/{rel}","templated":true}]}}