{"id":207765,"date":"2025-07-20T17:14:36","date_gmt":"2025-07-20T14:14:36","guid":{"rendered":"https:\/\/www.tgrthaber.com\/mavikadin\/?p=207765"},"modified":"2025-07-20T17:14:36","modified_gmt":"2025-07-20T14:14:36","slug":"kibris-baris-hareketi-51-yasinda-tarihi-iz-birakacak-film-ayse-tatile-cikti-vizyona-girmek-icin-gun-sayiyor","status":"publish","type":"post","link":"https:\/\/www.tgrthaber.com\/mavikadin\/kibris-baris-hareketi-51-yasinda-tarihi-iz-birakacak-film-ayse-tatile-cikti-vizyona-girmek-icin-gun-sayiyor\/","title":{"rendered":"K\u0131br\u0131s Bar\u0131\u015f Hareket\u0131 51 ya\u015f\u0131nda! Tarihi iz b\u0131rakacak film Ay\u015fe Tatile \u00c7\u0131kt\u0131 vizyona girmek i\u00e7in g\u00fcn say\u0131yor"},"content":{"rendered":"<p class=\"p1\">K\u0131br\u0131s Bar\u0131\u015f Harekat\u0131\u2019n\u0131n 51. Y\u0131ld\u00f6n\u00fcm\u00fcnde anlaml\u0131 bir film geliyor. Ba\u015frollerinde Emre Bey ve Almida Ada\u2019y\u0131 bulu\u015fturan filmde 1957\u20131974 y\u0131llar\u0131 aras\u0131nda K\u0131br\u0131s T\u00fcrk halk\u0131n\u0131n verdi\u011fi onurlu m\u00fccadelesinin i\u00e7 s\u0131zlatan insan hikayeleri anlat\u0131lacak. K\u0131br\u0131s Harek\u00e2t\u0131\u2019n\u0131n 51. y\u0131ld\u00f6n\u00fcm\u00fcnde \u00e7ekimlerine ba\u015flanan filmin vizyon tarihi merak ediliyor.<\/p>\n<h3 class=\"p1\">KIBRIS BARI\u015e HAREKATI\u2019NIN 51. YILD\u00d6N\u00dcM\u00dcNDE ANLAMLI F\u0130LM AY\u015eE TAT\u0130LE \u00c7IKTI V\u0130ZYON \u0130\u00c7\u0130N G\u00dcN SAYIYOR<\/h3>\n<p class=\"p1\">Ba\u015frollerinde Emre Bey ve Almida Aday\u0131 bulu\u015fturan Ay\u015fe Tatile \u00c7\u0131kt\u0131 filminin \u00e7ekimlerine K\u0131br\u0131s Harekat\u0131\u2019n\u0131n 51. y\u0131ld\u00f6n\u00fcm\u00fcnde ba\u015flan\u0131ld\u0131. \u00a0Lacivert Medya imzal\u0131 film tarihi iz b\u0131rakacak t\u00fcrde olmas\u0131yla birlikte merak uyand\u0131r\u0131yor. \u00d6zellikle<span class=\"Apple-converted-space\">\u00a0 <\/span>1957\u20131974 y\u0131llar\u0131 aras\u0131nda K\u0131br\u0131s T\u00fcrk halk\u0131n\u0131n verdi\u011fi onurlu m\u00fccadelesinin kalp ac\u0131tan insan hikayelerini beyaz perdeye ta\u015f\u0131yacak olmas\u0131 herkesi hem heyecanland\u0131rd\u0131 hem de duyguland\u0131rd\u0131. Filmin y\u00f6netmeni ve senaristi \u00d6zer Feyzio\u011flu. Film 28 Kas\u0131m\u2019da izleyici ile bulu\u015fmaya haz\u0131rlan\u0131yor.<\/p>\n<p><img loading=\"lazy\" decoding=\"async\" class=\"alignnone wp-image-207767 \" src=\"https:\/\/www.tgrthaber.com\/mavikadin\/wp-content\/uploads\/Ekran-Resmi-2025-07-20-17.08.58.png\" alt=\"\" width=\"983\" height=\"692\" title=\"\" srcset=\"https:\/\/www.tgrthaber.com\/mavikadin\/wp-content\/uploads\/Ekran-Resmi-2025-07-20-17.08.58.png 852w, https:\/\/www.tgrthaber.com\/mavikadin\/wp-content\/uploads\/Ekran-Resmi-2025-07-20-17.08.58-300x211.png 300w, https:\/\/www.tgrthaber.com\/mavikadin\/wp-content\/uploads\/Ekran-Resmi-2025-07-20-17.08.58-768x541.png 768w\" sizes=\"(max-width: 983px) 100vw, 983px\" \/><\/p>\n<hr \/>\n<h3 class=\"p1\">AY\u015eE TAT\u0130LE \u00c7IKTI F\u0130LM\u0130N\u0130N OYUNCU KADROSUNDA K\u0130MLER VAR?<\/h3>\n<p class=\"p1\">Filmde, Didem \u0130nselel, Selen \u00d6zt\u00fcrk, Renan Bilek, F\u0131rat Do\u011frulo\u011flu, Engin Hepileri, Cemal H\u00fcnal, H\u00fcseyin Avni Danyal, Volkan Severcan, Bar\u0131\u015f K\u0131ralio\u011flu, Cahit G\u00f6k, Tugay Mercan, Turgay Ayd\u0131n, \u015eemsi \u0130nkaya, Evren Erler, Do\u011fukan Polat, Hakan Atalay, Orkuncan \u0130zan, Onur Atilla, Yusuf \u00c7im, Cem Uslu, Macit Koper, Haluk C\u00f6mert, Tuncay Kaynak, Bar\u0131\u015f Yurtsever, Eyl\u00fcl C\u0131nd\u0131k, Metehan \u015eahiner, Selman \u00d6zyaz\u0131c\u0131, Pelin \u015eahindo\u011fan, \u00c7a\u011fla Avcu, Erdo\u011fan Kazargibi birbirinden yetenekli oyuncular yer alacak.<\/p>\n<p><img loading=\"lazy\" decoding=\"async\" class=\"alignnone wp-image-207769 \" src=\"https:\/\/www.tgrthaber.com\/mavikadin\/wp-content\/uploads\/Ekran-Resmi-2025-07-20-17.09.07.png\" alt=\"\" width=\"990\" height=\"706\" title=\"\" srcset=\"https:\/\/www.tgrthaber.com\/mavikadin\/wp-content\/uploads\/Ekran-Resmi-2025-07-20-17.09.07.png 900w, https:\/\/www.tgrthaber.com\/mavikadin\/wp-content\/uploads\/Ekran-Resmi-2025-07-20-17.09.07-300x214.png 300w, https:\/\/www.tgrthaber.com\/mavikadin\/wp-content\/uploads\/Ekran-Resmi-2025-07-20-17.09.07-768x548.png 768w\" sizes=\"(max-width: 990px) 100vw, 990px\" \/><\/p>\n<hr \/>\n<h3 class=\"p1\">AY\u015eE TAT\u0130LE \u00c7IKTI F\u0130LM\u0130N\u0130N KONUSU NE?<\/h3>\n<p class=\"p1\">1974\u2019te Cenevre Konferans\u0131\u2019nda T\u00fcrk h\u00fck\u00fcmeti uzla\u015f\u0131n\u0131n bitti\u011fini ilan edince tarihe ge\u00e7en bir parola duyuruldu. Parola Ay\u015fe Tatile \u00c7\u0131ks\u0131n oldu. Bu s\u00f6z sadece bir hareketin de\u011fil ayn\u0131 zamanda y\u0131llar boyunca s\u00fcrecek olan fedakarl\u0131klar\u0131n ve umutlar\u0131n simgesi oldu.<\/p>\n<p><img loading=\"lazy\" decoding=\"async\" class=\"alignnone wp-image-207770 \" src=\"https:\/\/www.tgrthaber.com\/mavikadin\/wp-content\/uploads\/Ekran-Resmi-2025-07-20-17.09.12.png\" alt=\"\" width=\"1000\" height=\"718\" title=\"\" srcset=\"https:\/\/www.tgrthaber.com\/mavikadin\/wp-content\/uploads\/Ekran-Resmi-2025-07-20-17.09.12.png 894w, https:\/\/www.tgrthaber.com\/mavikadin\/wp-content\/uploads\/Ekran-Resmi-2025-07-20-17.09.12-300x215.png 300w, https:\/\/www.tgrthaber.com\/mavikadin\/wp-content\/uploads\/Ekran-Resmi-2025-07-20-17.09.12-768x552.png 768w\" sizes=\"(max-width: 1000px) 100vw, 1000px\" \/><\/p>\n<hr \/>\n<p class=\"p1\">1957 y\u0131l\u0131nda Lefko\u015fa\u2019da ya\u015fayan \u00f6\u011fretmen Ali\u2019nin hikayesine odaklan\u0131lan filmde bar\u0131\u015f \u00fczerine hayaller kuran Ali\u2019nin ya\u015fanan sald\u0131r\u0131larla birlikte T\u00fcrk Mukavemet Te\u015fkilat\u0131\u2019n\u0131n gizli m\u00fccadelesine kat\u0131l\u0131m\u0131 konu olacak. Ali bir yanda sevdi\u011fi Aysel i\u00e7in m\u00fccadele verirken di\u011fer yanda vatan\u0131 i\u00e7in sava\u015f verecek.<\/p>\n<p><img loading=\"lazy\" decoding=\"async\" class=\"alignnone wp-image-207771 size-large\" src=\"https:\/\/www.tgrthaber.com\/mavikadin\/wp-content\/uploads\/Ekran-Resmi-2025-07-20-17.11.13-1024x471.png\" alt=\"\" width=\"1024\" height=\"471\" title=\"\" srcset=\"https:\/\/www.tgrthaber.com\/mavikadin\/wp-content\/uploads\/Ekran-Resmi-2025-07-20-17.11.13-1024x471.png 1024w, https:\/\/www.tgrthaber.com\/mavikadin\/wp-content\/uploads\/Ekran-Resmi-2025-07-20-17.11.13-300x138.png 300w, https:\/\/www.tgrthaber.com\/mavikadin\/wp-content\/uploads\/Ekran-Resmi-2025-07-20-17.11.13-768x353.png 768w, https:\/\/www.tgrthaber.com\/mavikadin\/wp-content\/uploads\/Ekran-Resmi-2025-07-20-17.11.13.png 1104w\" sizes=\"(max-width: 1024px) 100vw, 1024px\" \/><\/p>\n<hr \/>\n<p class=\"p1\">Tam bir kahramanl\u0131k destan\u0131n\u0131n konu olaca\u011f\u0131 filmde insan kalabilmenin en a\u011f\u0131r s\u0131nav\u0131 izleyicinin kendisini de sorgulamas\u0131na neden olacak.<\/p>\n","protected":false},"excerpt":{"rendered":"<p>K\u0131br\u0131s Bar\u0131\u015f Harekat\u0131&#8217;n\u0131n 51. y\u0131ld\u00f6n\u00fcm\u00fcnde, Lacivert Medya imzal\u0131 tarihe iz b\u0131rakacak bir film geliyor. Ay\u015fe Tatile \u00e7\u0131kt\u0131 filmi hem tarihi film olmas\u0131 a\u00e7\u0131s\u0131ndan hem de g\u00fc\u00e7l\u00fc oyuncu kadrosuyla daha \u015fimdiden merak edildi. Vizyon tarihi de a\u00e7\u0131klanan filme dair t\u00fcm detaylar i\u00e7eri\u011fimizde&#8230; <\/p>\n","protected":false},"author":16,"featured_media":207772,"comment_status":"closed","ping_status":"closed","sticky":false,"template":"","format":"standard","meta":{"rank_math_lock_modified_date":false,"footnotes":""},"categories":[602],"tags":[28853,28852,2628,28851],"class_list":["post-207765","post","type-post","status-publish","format-standard","has-post-thumbnail","hentry","category-diziler","tag-ayse-tatile-cikti-kibris-baris-harekati-vizyon-tarihi","tag-ayse-tatile-cikti-ne-zaman-vizyona-girecek","tag-dizi-haberleri","tag-kibris-baris-hareketi-51-yas-ayse-tatile-cikti"],"_links":{"self":[{"href":"https:\/\/www.tgrthaber.com\/mavikadin\/wp-json\/wp\/v2\/posts\/207765"}],"collection":[{"href":"https:\/\/www.tgrthaber.com\/mavikadin\/wp-json\/wp\/v2\/posts"}],"about":[{"href":"https:\/\/www.tgrthaber.com\/mavikadin\/wp-json\/wp\/v2\/types\/post"}],"author":[{"embeddable":true,"href":"https:\/\/www.tgrthaber.com\/mavikadin\/wp-json\/wp\/v2\/users\/16"}],"replies":[{"embeddable":true,"href":"https:\/\/www.tgrthaber.com\/mavikadin\/wp-json\/wp\/v2\/comments?post=207765"}],"version-history":[{"count":1,"href":"https:\/\/www.tgrthaber.com\/mavikadin\/wp-json\/wp\/v2\/posts\/207765\/revisions"}],"predecessor-version":[{"id":207773,"href":"https:\/\/www.tgrthaber.com\/mavikadin\/wp-json\/wp\/v2\/posts\/207765\/revisions\/207773"}],"wp:featuredmedia":[{"embeddable":true,"href":"https:\/\/www.tgrthaber.com\/mavikadin\/wp-json\/wp\/v2\/media\/207772"}],"wp:attachment":[{"href":"https:\/\/www.tgrthaber.com\/mavikadin\/wp-json\/wp\/v2\/media?parent=207765"}],"wp:term":[{"taxonomy":"category","embeddable":true,"href":"https:\/\/www.tgrthaber.com\/mavikadin\/wp-json\/wp\/v2\/categories?post=207765"},{"taxonomy":"post_tag","embeddable":true,"href":"https:\/\/www.tgrthaber.com\/mavikadin\/wp-json\/wp\/v2\/tags?post=207765"}],"curies":[{"name":"wp","href":"https:\/\/api.w.org\/{rel}","templated":true}]}}