{"id":207768,"date":"2025-07-20T17:43:56","date_gmt":"2025-07-20T14:43:56","guid":{"rendered":"https:\/\/www.tgrthaber.com\/mavikadin\/?p=207768"},"modified":"2025-07-20T17:43:56","modified_gmt":"2025-07-20T14:43:56","slug":"zuhal-topal-kiziyla-guney-koreli-grubun-konserine-gitti","status":"publish","type":"post","link":"https:\/\/www.tgrthaber.com\/mavikadin\/zuhal-topal-kiziyla-guney-koreli-grubun-konserine-gitti\/","title":{"rendered":"Zuhal Topal k\u0131z\u0131yla G\u00fcney Koreli grubun konserine gitti!"},"content":{"rendered":"<p>Ba\u015far\u0131l\u0131 sunuculuk kariyerinin yan\u0131 s\u0131ra \u00f6zel hayat\u0131yla da s\u0131k s\u0131k g\u00fcndeme gelen Zuhal Topal, bu kez k\u0131z\u0131yla G\u00fcney Koreli grubun konserine gitti\u011fi anlar\u0131 payla\u015ft\u0131\u011f\u0131 g\u00f6r\u00fcnt\u00fclerle magazin d\u00fcnyas\u0131n\u0131n g\u00fcndemine bomba gibi oturdu. \u00dcnl\u00fc ismin k\u0131z\u0131yla doyas\u0131ya e\u011flendi\u011fi o anlar sosyal medyaya damga vurdu. \u0130\u015fte Zuhal Topal ve k\u0131z\u0131n\u0131n G\u00fcney Koreli m\u00fczik grubunun konserinde e\u011flendi\u011fi anlar\u2026<\/p>\n<h3>ZUHAL TOPAL KIZIYLA G\u00dcNEY KOREL\u0130 GRUBUN KONSER\u0130NE G\u0130TT\u0130!<\/h3>\n<p>TV8 ekranlar\u0131nda \u2018Zuhal Topal\u2019la Yemekteyiz\u2019 program\u0131n\u0131n sunuculu\u011funu yapan ba\u015far\u0131l\u0131 isim Zuhal Topal, sezon sonu yorgunlu\u011funu k\u0131z\u0131yla birlikte at\u0131yor. Yo\u011fun ve tempolu ge\u00e7en sezonun ard\u0131ndan tatilin tad\u0131n\u0131 \u00e7\u0131karan Topal, e\u015fi ve k\u0131z\u0131yla tatilinden kesitler payla\u015fmaya devam ediyor. Sosyal medya hesaplar\u0131n\u0131 aktif olarak kullanan \u00fcnl\u00fc isim, payla\u015f\u0131mlar\u0131yla ad\u0131ndan s\u00f6z ettiriyor.<\/p>\n<p><img loading=\"lazy\" decoding=\"async\" class=\"alignnone wp-image-207784\" src=\"https:\/\/www.tgrthaber.com\/mavikadin\/wp-content\/uploads\/Adsiz-tasarim-7-49-1024x576.jpg\" alt=\"Zuhal Topal k\u0131z\u0131yla G\u00fcney Koreli grubun konserine gitti!\" width=\"1208\" height=\"680\" title=\"\" srcset=\"https:\/\/www.tgrthaber.com\/mavikadin\/wp-content\/uploads\/Adsiz-tasarim-7-49-1024x576.jpg 1024w, https:\/\/www.tgrthaber.com\/mavikadin\/wp-content\/uploads\/Adsiz-tasarim-7-49-300x169.jpg 300w, https:\/\/www.tgrthaber.com\/mavikadin\/wp-content\/uploads\/Adsiz-tasarim-7-49-768x432.jpg 768w, https:\/\/www.tgrthaber.com\/mavikadin\/wp-content\/uploads\/Adsiz-tasarim-7-49.jpg 1208w\" sizes=\"(max-width: 1208px) 100vw, 1208px\" \/><\/p>\n<hr \/>\n<p>Ba\u015far\u0131l\u0131 sunuculuk kariyerinin yan\u0131 s\u0131ra \u00f6zel hayat\u0131yla da dikkatleri \u00fczerine \u00e7eken Zuhal Topal, bu kez k\u0131z\u0131yla G\u00fcney Koreli grubun konserine gitti. \u00dcnl\u00fc ismin k\u0131z\u0131yla doyas\u0131ya e\u011flendi\u011fi o anlar sosyal medyaya damga vurdu. D\u00fcnyaca \u00fcnl\u00fc G\u00fcney Koreli erkek m\u00fczik grubu Stray Kids\u2019in konserine kat\u0131lan anne-k\u0131z, mutlu anlar\u0131n\u0131 sosyal medya hesab\u0131ndan payla\u015ft\u0131. K\u0131z\u0131na b\u00fcy\u00fck bir jest yapan Topal, minik hayranlar\u0131n\u0131n da be\u011fenisini kazand\u0131. \u0130\u015fte Zuhal Topal ve k\u0131z\u0131n\u0131n G\u00fcney Koreli m\u00fczik grubunun konserinde e\u011flendi\u011fi anlar\u2026<\/p>\n<div style=\"width: 640px;\" class=\"wp-video\"><!--[if lt IE 9]><script>document.createElement('video');<\/script><![endif]-->\n<video class=\"wp-video-shortcode\" id=\"video-207768-1\" width=\"640\" height=\"640\" preload=\"metadata\" controls=\"controls\"><source type=\"video\/mp4\" src=\"https:\/\/www.tgrthaber.com\/mavikadin\/wp-content\/uploads\/video-birlestirme-1.mp4?_=1\" \/><a href=\"https:\/\/www.tgrthaber.com\/mavikadin\/wp-content\/uploads\/video-birlestirme-1.mp4\">https:\/\/www.tgrthaber.com\/mavikadin\/wp-content\/uploads\/video-birlestirme-1.mp4<\/a><\/video><\/div>\n<hr \/>\n<h3>\u201cMUHTE\u015eEM B\u0130R KONSERD\u0130\u201d<\/h3>\n<p>K\u0131z\u0131 Lina ile d\u00fcnyaca \u00fcnl\u00fc G\u00fcney Koreli m\u00fczik grubu Stray Kids konserine giden Zuhal Topal, sosyal medyada gen\u00e7 takip\u00e7ileri taraf\u0131ndan b\u00fcy\u00fck bir ilgiyle kar\u015f\u0131land\u0131. K\u0131z\u0131yla konserden kesitler yay\u0131nlayan \u00fcnl\u00fc sunucu, payla\u015f\u0131m\u0131na \u015fu notu d\u00fc\u015ft\u00fc:<\/p>\n<p><img loading=\"lazy\" decoding=\"async\" class=\"alignnone wp-image-207785\" src=\"https:\/\/www.tgrthaber.com\/mavikadin\/wp-content\/uploads\/Adsiz-tasarim-3-59-1024x576.jpg\" alt=\"\u0130\u015fte Zuhal Topal ve k\u0131z\u0131n\u0131n G\u00fcney Koreli m\u00fczik grubunun konserinde e\u011flendi\u011fi anlar\u2026\" width=\"1208\" height=\"680\" title=\"\" srcset=\"https:\/\/www.tgrthaber.com\/mavikadin\/wp-content\/uploads\/Adsiz-tasarim-3-59-1024x576.jpg 1024w, https:\/\/www.tgrthaber.com\/mavikadin\/wp-content\/uploads\/Adsiz-tasarim-3-59-300x169.jpg 300w, https:\/\/www.tgrthaber.com\/mavikadin\/wp-content\/uploads\/Adsiz-tasarim-3-59-768x432.jpg 768w, https:\/\/www.tgrthaber.com\/mavikadin\/wp-content\/uploads\/Adsiz-tasarim-3-59.jpg 1208w\" sizes=\"(max-width: 1208px) 100vw, 1208px\" \/><\/p>\n<hr \/>\n<p>\u201cBiz bo\u015funa \u2018stay\u2019 olmad\u0131k. Muhte\u015fem bir konserdi. Unutamayaca\u011f\u0131m\u0131z, hayallerimizin ger\u00e7ek oldu\u011fu bir geceydi. Bu video t\u00fcm Stay\u2019lere gelsin\u201d<\/p>\n<p>Instagram hesab\u0131ndan konsere dair g\u00f6r\u00fcnt\u00fcler payla\u015fan Zuhal Topal, sosyal medyaya damga vurdu. \u00d6zellikle Topal\u2019\u0131n gen\u00e7 takip\u00e7ileri konser g\u00f6r\u00fcnt\u00fcleri kar\u015f\u0131s\u0131nda g\u00fczel dileklerde bulundu.<\/p>\n","protected":false},"excerpt":{"rendered":"<p>Ekranlar\u0131n sevilen y\u00fcz\u00fc \u00fcnl\u00fc sunucu Zuhal Topal, bu kez k\u0131z\u0131yla G\u00fcney Koreli grubun konserine gitti. \u00dcnl\u00fc ismin k\u0131z\u0131yla doyas\u0131ya e\u011flendi\u011fi o anlar sosyal medyaya damga vurdu. \u0130\u015fte detaylar\u2026<\/p>\n","protected":false},"author":26,"featured_media":207782,"comment_status":"closed","ping_status":"closed","sticky":false,"template":"","format":"standard","meta":{"rank_math_lock_modified_date":false,"footnotes":""},"categories":[76],"tags":[28860,133,2218,28861,8464,28859],"class_list":["post-207768","post","type-post","status-publish","format-standard","has-post-thumbnail","hentry","category-magazin","tag-guney-koreli","tag-magazin","tag-magazin-haberleri","tag-stray-kids","tag-zuhal-topal","tag-zuhal-topal-kizi-lina"],"_links":{"self":[{"href":"https:\/\/www.tgrthaber.com\/mavikadin\/wp-json\/wp\/v2\/posts\/207768"}],"collection":[{"href":"https:\/\/www.tgrthaber.com\/mavikadin\/wp-json\/wp\/v2\/posts"}],"about":[{"href":"https:\/\/www.tgrthaber.com\/mavikadin\/wp-json\/wp\/v2\/types\/post"}],"author":[{"embeddable":true,"href":"https:\/\/www.tgrthaber.com\/mavikadin\/wp-json\/wp\/v2\/users\/26"}],"replies":[{"embeddable":true,"href":"https:\/\/www.tgrthaber.com\/mavikadin\/wp-json\/wp\/v2\/comments?post=207768"}],"version-history":[{"count":1,"href":"https:\/\/www.tgrthaber.com\/mavikadin\/wp-json\/wp\/v2\/posts\/207768\/revisions"}],"predecessor-version":[{"id":207791,"href":"https:\/\/www.tgrthaber.com\/mavikadin\/wp-json\/wp\/v2\/posts\/207768\/revisions\/207791"}],"wp:featuredmedia":[{"embeddable":true,"href":"https:\/\/www.tgrthaber.com\/mavikadin\/wp-json\/wp\/v2\/media\/207782"}],"wp:attachment":[{"href":"https:\/\/www.tgrthaber.com\/mavikadin\/wp-json\/wp\/v2\/media?parent=207768"}],"wp:term":[{"taxonomy":"category","embeddable":true,"href":"https:\/\/www.tgrthaber.com\/mavikadin\/wp-json\/wp\/v2\/categories?post=207768"},{"taxonomy":"post_tag","embeddable":true,"href":"https:\/\/www.tgrthaber.com\/mavikadin\/wp-json\/wp\/v2\/tags?post=207768"}],"curies":[{"name":"wp","href":"https:\/\/api.w.org\/{rel}","templated":true}]}}