{"id":207787,"date":"2025-07-20T17:55:32","date_gmt":"2025-07-20T14:55:32","guid":{"rendered":"https:\/\/www.tgrthaber.com\/mavikadin\/?p=207787"},"modified":"2025-07-20T17:55:32","modified_gmt":"2025-07-20T14:55:32","slug":"perseid-gok-tasi-yagmuru-2025-turkiye-de-gorulecek-mi-perseid-gok-tasi-yagmuru-turkiyede-nereden-izlenir","status":"publish","type":"post","link":"https:\/\/www.tgrthaber.com\/mavikadin\/perseid-gok-tasi-yagmuru-2025-turkiye-de-gorulecek-mi-perseid-gok-tasi-yagmuru-turkiyede-nereden-izlenir\/","title":{"rendered":"Perseid g\u00f6k ta\u015f\u0131 ya\u011fmuru 2025 T\u00fcrkiye de g\u00f6r\u00fclecek mi? Perseid g\u00f6k ta\u015f\u0131 ya\u011fmuru T\u00fcrkiye\u2019de nereden izlenir?"},"content":{"rendered":"<p>Halk aras\u0131nda \u201cY\u0131ld\u0131z Kaymas\u0131\u201d olarak da bilinen Perseid g\u00f6k ta\u015f\u0131 ya\u011fmuru her y\u0131l oldu\u011fu gibi bu y\u0131l da sevenlerini heyecanland\u0131r\u0131yor. Bu g\u00f6rsel \u015f\u00f6len, \u00f6zellikle karanl\u0131k ve \u0131\u015f\u0131k kirlili\u011fi olamayan yerlerden bak\u0131ld\u0131\u011f\u0131nda g\u00f6r\u00fcl\u00fcyor. Peki, Perseid g\u00f6k ta\u015f\u0131 ya\u011fmuru 2025 T\u00fcrkiye de g\u00f6r\u00fclecek mi? Perseid g\u00f6k ta\u015f\u0131 ya\u011fmuru T\u00fcrkiye\u2019de nereden izlenir? sorular\u0131 ara\u015ft\u0131r\u0131lmaya ba\u015fland\u0131 bile. Bizler de bu sorular\u0131n cevaplar\u0131n\u0131 ara\u015ft\u0131rd\u0131k. \u0130\u015fte detaylar\u2026<\/p>\n<h3>PERSE\u0130D G\u00d6K TA\u015eI YA\u011eMURU 2025 T\u00dcRK\u0130YE DE G\u00d6R\u00dcLECEK M\u0130?<\/h3>\n<p>G\u00f6ky\u00fcz\u00fcn\u00fcn en etkileyici do\u011fa olaylar\u0131ndan biri olan Perseid Meteor Ya\u011fmuru olay\u0131 her y\u0131l oldu\u011fu gibi bu y\u0131l da nefes kesen g\u00f6r\u00fcnt\u00fcler ile sevenlerine keyifli anlar ya\u015fatacak. Her sene g\u00f6ky\u00fcz\u00fcnde olan bu g\u00f6k ta\u015f\u0131 ya\u011fmuru, g\u00f6ky\u00fcz\u00fc hayranlar\u0131n\u0131 heyecanland\u0131r\u0131yor. Belirli bir g\u00fcnde olan bu ya\u011fmur bu sene 17 Temmuz\u2019da ba\u015flay\u0131p a\u011fustos ay\u0131nda son buluyor.<\/p>\n<p><img loading=\"lazy\" decoding=\"async\" class=\"alignnone size-full wp-image-207796\" src=\"https:\/\/www.tgrthaber.com\/mavikadin\/wp-content\/uploads\/ARZU-7-12.jpg\" alt=\"Perseid g\u00f6k ta\u015f\u0131 ya\u011fmuru 2025 T\u00fcrkiye de g\u00f6r\u00fclecek mi? Perseid g\u00f6k ta\u015f\u0131 ya\u011fmuru T\u00fcrkiye\u2019de nereden izlenir?\" width=\"1208\" height=\"680\" title=\"\" srcset=\"https:\/\/www.tgrthaber.com\/mavikadin\/wp-content\/uploads\/ARZU-7-12.jpg 1208w, https:\/\/www.tgrthaber.com\/mavikadin\/wp-content\/uploads\/ARZU-7-12-300x169.jpg 300w, https:\/\/www.tgrthaber.com\/mavikadin\/wp-content\/uploads\/ARZU-7-12-1024x576.jpg 1024w, https:\/\/www.tgrthaber.com\/mavikadin\/wp-content\/uploads\/ARZU-7-12-768x432.jpg 768w\" sizes=\"(max-width: 1208px) 100vw, 1208px\" \/><\/p>\n<hr \/>\n<p>Perseid Meteor Ya\u011fmuru, Swift-Tuttle kuyruklu y\u0131ld\u0131zdan arta kalan toz ve kaya par\u00e7alar\u0131n\u0131n D\u00fcnya atmosferine girmesi ile olu\u015fuyor. Perseid meteor ya\u011fmuru, 17 Temmuz Per\u015fembe g\u00fcn\u00fc ba\u015flayacak ve 23 A\u011fustos Cumartesi g\u00fcn\u00fcne kadar devam edecek. O y\u00fczden de Perseid g\u00f6k ta\u015f\u0131 ya\u011fmuru, bu sene 12-13 A\u011fustos 2025 gecesi sevenlerine g\u00f6rsel \u015f\u00f6len yapacak.<\/p>\n<h3><img loading=\"lazy\" decoding=\"async\" class=\"alignnone size-full wp-image-207795\" src=\"https:\/\/www.tgrthaber.com\/mavikadin\/wp-content\/uploads\/ARZU-8-12.jpg\" alt=\"Perseid g\u00f6k ta\u015f\u0131 ya\u011fmuru 2025 T\u00fcrkiye de g\u00f6r\u00fclecek mi? Perseid g\u00f6k ta\u015f\u0131 ya\u011fmuru T\u00fcrkiye\u2019de nereden izlenir?\" width=\"1208\" height=\"680\" title=\"\" srcset=\"https:\/\/www.tgrthaber.com\/mavikadin\/wp-content\/uploads\/ARZU-8-12.jpg 1208w, https:\/\/www.tgrthaber.com\/mavikadin\/wp-content\/uploads\/ARZU-8-12-300x169.jpg 300w, https:\/\/www.tgrthaber.com\/mavikadin\/wp-content\/uploads\/ARZU-8-12-1024x576.jpg 1024w, https:\/\/www.tgrthaber.com\/mavikadin\/wp-content\/uploads\/ARZU-8-12-768x432.jpg 768w\" sizes=\"(max-width: 1208px) 100vw, 1208px\" \/><\/h3>\n<hr \/>\n<h3>PERSE\u0130D G\u00d6K TA\u015eI YA\u011eMURU T\u00dcRK\u0130YE\u2019DE NEREDEN \u0130ZLEN\u0130R?<\/h3>\n<p>Perseid g\u00f6k ta\u015f\u0131, 2025 y\u0131l\u0131nda T\u00fcrkiye\u2019den net bir \u015fekilde g\u00f6zlemlenebilecek. \u00d6zellikle T\u00fcrkiye\u2019nin co\u011frafi konumu, bu t\u00fcr g\u00f6k olaylar\u0131n\u0131 izlemek i\u00e7in olduk\u00e7a elveri\u015fli oldu\u011fu s\u00f6ylenmektedir. \u00d6zellikle Do\u011fu, \u0130\u00e7 Anadolu ve Karadeniz b\u00f6lgelerindeki \u015fehir \u0131\u015f\u0131klar\u0131ndan uzak y\u00fcksek rak\u0131ml\u0131 yerler, bu do\u011fa olay\u0131n\u0131 izlemek i\u00e7in birebir.<\/p>\n<p><img loading=\"lazy\" decoding=\"async\" class=\"alignnone size-full wp-image-207793\" src=\"https:\/\/www.tgrthaber.com\/mavikadin\/wp-content\/uploads\/ARZU-10-12.jpg\" alt=\"Perseid g\u00f6k ta\u015f\u0131 ya\u011fmuru 2025 T\u00fcrkiye de g\u00f6r\u00fclecek mi? Perseid g\u00f6k ta\u015f\u0131 ya\u011fmuru T\u00fcrkiye\u2019de nereden izlenir?\" width=\"1208\" height=\"680\" title=\"\" srcset=\"https:\/\/www.tgrthaber.com\/mavikadin\/wp-content\/uploads\/ARZU-10-12.jpg 1208w, https:\/\/www.tgrthaber.com\/mavikadin\/wp-content\/uploads\/ARZU-10-12-300x169.jpg 300w, https:\/\/www.tgrthaber.com\/mavikadin\/wp-content\/uploads\/ARZU-10-12-1024x576.jpg 1024w, https:\/\/www.tgrthaber.com\/mavikadin\/wp-content\/uploads\/ARZU-10-12-768x432.jpg 768w\" sizes=\"(max-width: 1208px) 100vw, 1208px\" \/><\/p>\n<hr \/>\n<p>9 A\u011fustos\u2019ta ger\u00e7ekle\u015fecek dolunay, g\u00f6ky\u00fcz\u00fcn\u00fc parlakl\u0131\u011f\u0131yla ayd\u0131nlatacak. Ancak g\u00f6ky\u00fcz\u00fcn\u00fc parlakl\u0131\u011f\u0131yla doldurarak daha s\u00f6n\u00fck meteorlar\u0131 g\u00f6rmeyi zorla\u015ft\u0131racak. Yine de Perseid g\u00f6k ta\u015f\u0131 ya\u011fmuru, zirveye ula\u015ft\u0131\u011f\u0131 12-13 A\u011fustos gecesi en yo\u011fun halini alacak. \u0130stanbul\u2019da ise Silivri, A\u011fva ve Polezk\u00f6y b\u00f6lgelerinde g\u00f6r\u00fclebilecek.<\/p>\n","protected":false},"excerpt":{"rendered":"<p>A\u011fustos ay\u0131n\u0131n gelmesi ile Perseid g\u00f6k ta\u015f\u0131 ya\u011fmuru her y\u0131l oldu\u011fu gibi g\u00f6ky\u00fcz\u00fc merakl\u0131lar\u0131n\u0131 heyecanland\u0131rmaya devam ediyor. Halk\u0131n merakla bekledi\u011fi bu dolunay olay\u0131 g\u00f6ky\u00fcz\u00fcn\u00fc sevenleri yak\u0131ndan ilgilendiriyor. Peki, Perseid g\u00f6k ta\u015f\u0131 ya\u011fmuru 2025 T\u00fcrkiye de g\u00f6r\u00fclecek mi? Perseid g\u00f6k ta\u015f\u0131 ya\u011fmuru T\u00fcrkiye\u2019de nereden izlenir? \u0130\u015fte detaylar\u2026<\/p>\n","protected":false},"author":34,"featured_media":207794,"comment_status":"closed","ping_status":"closed","sticky":false,"template":"","format":"standard","meta":{"rank_math_lock_modified_date":false,"footnotes":""},"categories":[78],"tags":[28817,28818,11951],"class_list":["post-207787","post","type-post","status-publish","format-standard","has-post-thumbnail","hentry","category-yasam","tag-perseid-gok-tasi-yagmuru","tag-perseid-gok-tasi-yagmuru-2025","tag-yasam-haberleri"],"_links":{"self":[{"href":"https:\/\/www.tgrthaber.com\/mavikadin\/wp-json\/wp\/v2\/posts\/207787"}],"collection":[{"href":"https:\/\/www.tgrthaber.com\/mavikadin\/wp-json\/wp\/v2\/posts"}],"about":[{"href":"https:\/\/www.tgrthaber.com\/mavikadin\/wp-json\/wp\/v2\/types\/post"}],"author":[{"embeddable":true,"href":"https:\/\/www.tgrthaber.com\/mavikadin\/wp-json\/wp\/v2\/users\/34"}],"replies":[{"embeddable":true,"href":"https:\/\/www.tgrthaber.com\/mavikadin\/wp-json\/wp\/v2\/comments?post=207787"}],"version-history":[{"count":2,"href":"https:\/\/www.tgrthaber.com\/mavikadin\/wp-json\/wp\/v2\/posts\/207787\/revisions"}],"predecessor-version":[{"id":207798,"href":"https:\/\/www.tgrthaber.com\/mavikadin\/wp-json\/wp\/v2\/posts\/207787\/revisions\/207798"}],"wp:featuredmedia":[{"embeddable":true,"href":"https:\/\/www.tgrthaber.com\/mavikadin\/wp-json\/wp\/v2\/media\/207794"}],"wp:attachment":[{"href":"https:\/\/www.tgrthaber.com\/mavikadin\/wp-json\/wp\/v2\/media?parent=207787"}],"wp:term":[{"taxonomy":"category","embeddable":true,"href":"https:\/\/www.tgrthaber.com\/mavikadin\/wp-json\/wp\/v2\/categories?post=207787"},{"taxonomy":"post_tag","embeddable":true,"href":"https:\/\/www.tgrthaber.com\/mavikadin\/wp-json\/wp\/v2\/tags?post=207787"}],"curies":[{"name":"wp","href":"https:\/\/api.w.org\/{rel}","templated":true}]}}