{"id":207792,"date":"2025-07-21T00:24:16","date_gmt":"2025-07-20T21:24:16","guid":{"rendered":"https:\/\/www.tgrthaber.com\/mavikadin\/?p=207792"},"modified":"2025-07-21T00:36:30","modified_gmt":"2025-07-20T21:36:30","slug":"masterchef-ana-kadroya-giren-9-yarismaci-ayten-saner-oldu","status":"publish","type":"post","link":"https:\/\/www.tgrthaber.com\/mavikadin\/masterchef-ana-kadroya-giren-9-yarismaci-ayten-saner-oldu\/","title":{"rendered":"MasterChef ana kadroya giren 9. yar\u0131\u015fmac\u0131 Ayten Saner oldu!"},"content":{"rendered":"<p>TV 8 ekranlar\u0131n\u0131n sevilen yemek yar\u0131\u015fmas\u0131 program\u0131 MasterChef&#8217;te ana kadro heyecan\u0131 devam ediyor. Zorlu parkurlar ve \u00f6zg\u00fcn tabaklarla ge\u00e7en eleme turunun ard\u0131ndan \u015fefler gecenin sonunda 9. yar\u0131\u015fmac\u0131y\u0131 da belirledi. MasterChef ana kadroya giren 9. yar\u0131\u015fmac\u0131 Ayten Saner oldu. \u0130\u015fte MasterChef 20 temmuz 2025 ak\u015fam\u0131 ya\u015fananlar&#8230;<\/p>\n<h3>MASTERCHEF ANA KADRO HEYECANI HIZ KESMEDEN DEVAM ED\u0130YOR!<\/h3>\n<p>Ekranlar\u0131n sevilerek seyredilen yemek yar\u0131\u015fmas\u0131 program\u0131 MasterChef&#8217;te ana kadro heyecan\u0131 devam ediyor. Birbirinden yetenekli yar\u0131\u015fmac\u0131lar\u0131n yer ald\u0131\u011f\u0131 programda ana kadroya giren 8. yar\u0131\u015fmac\u0131 a\u00e7\u0131kland\u0131. \u0130lk gruptan 5 ki\u015fi ana kadroya ismini yazd\u0131rd\u0131. \u0130kinci gruptan \u015fimdiye kadar 2 ki\u015fi ana kadroda yer ald\u0131. Ana kadroya giren 8. yar\u0131\u015fmac\u0131 \u0130hsan olmu\u015ftu. Bu ak\u015fam ise\u00a0 ana kadroya giren 9 yar\u0131\u015fmac\u0131 a\u00e7\u0131kland\u0131. Ana kadroya giren 9. yar\u0131\u015fmac\u0131 Ayten Saner oldu. Haz\u0131rlad\u0131\u011f\u0131 tabaklarla \u015fefleri etkileyen Ayten gecenin en dikkat \u00e7eken yar\u0131\u015fmac\u0131s\u0131 oldu.<\/p>\n<p><img loading=\"lazy\" decoding=\"async\" class=\"alignnone wp-image-207800 size-large\" src=\"https:\/\/www.tgrthaber.com\/mavikadin\/wp-content\/uploads\/Ekran-Resmi-2025-07-20-17.32.17-1-1024x556.png\" alt=\"\" width=\"1024\" height=\"556\" title=\"\" srcset=\"https:\/\/www.tgrthaber.com\/mavikadin\/wp-content\/uploads\/Ekran-Resmi-2025-07-20-17.32.17-1-1024x556.png 1024w, https:\/\/www.tgrthaber.com\/mavikadin\/wp-content\/uploads\/Ekran-Resmi-2025-07-20-17.32.17-1-300x163.png 300w, https:\/\/www.tgrthaber.com\/mavikadin\/wp-content\/uploads\/Ekran-Resmi-2025-07-20-17.32.17-1-768x417.png 768w, https:\/\/www.tgrthaber.com\/mavikadin\/wp-content\/uploads\/Ekran-Resmi-2025-07-20-17.32.17-1.png 1378w\" sizes=\"(max-width: 1024px) 100vw, 1024px\" \/><\/p>\n<hr \/>\n<h3>MASTERCHEF ANA KADROYA G\u0130REN 9. YARI\u015eMACI K\u0130M OLDU?<\/h3>\n<p>MasterChef ana kadroya giren 9. yar\u0131\u015fmac\u0131 Ayten Saner oldu. Ayten haz\u0131rlad\u0131\u011f\u0131 ta\u015f kaday\u0131f taba\u011f\u0131yla \u015feflerin be\u011fenisini kazand\u0131 ve MasterChef olma hayallerine bir ad\u0131m daha yakla\u015ft\u0131.<\/p>\n<p><img loading=\"lazy\" decoding=\"async\" class=\"alignnone wp-image-207983 size-large\" src=\"https:\/\/www.tgrthaber.com\/mavikadin\/wp-content\/uploads\/Ekran-Resmi-2025-07-21-00.19.38-1024x633.png\" alt=\"\" width=\"1024\" height=\"633\" title=\"\" srcset=\"https:\/\/www.tgrthaber.com\/mavikadin\/wp-content\/uploads\/Ekran-Resmi-2025-07-21-00.19.38-1024x633.png 1024w, https:\/\/www.tgrthaber.com\/mavikadin\/wp-content\/uploads\/Ekran-Resmi-2025-07-21-00.19.38-300x185.png 300w, https:\/\/www.tgrthaber.com\/mavikadin\/wp-content\/uploads\/Ekran-Resmi-2025-07-21-00.19.38-768x475.png 768w, https:\/\/www.tgrthaber.com\/mavikadin\/wp-content\/uploads\/Ekran-Resmi-2025-07-21-00.19.38.png 1366w\" sizes=\"(max-width: 1024px) 100vw, 1024px\" \/><\/p>\n<hr \/>\n<h3>MASTERCHEF YARI\u015eMACILARI ARASINDA TARTI\u015eMA \u00c7IKTI!<\/h3>\n<p>MasterChef T\u00fcrkiye&#8217;de bu ak\u015fam beklenmedik bir tart\u0131\u015fma ya\u015fand\u0131. Yar\u0131\u015fmac\u0131lar, aralar\u0131nda grup kurulduklar\u0131n\u0131 s\u00f6yleyerek baz\u0131 yar\u0131\u015fmac\u0131lar\u0131n birbirlerini istemedikleri konusunda tart\u0131\u015fma \u00e7\u0131kard\u0131. \u0130zleyicilerinde \u015fa\u015f\u0131rd\u0131\u011f\u0131 bu tart\u0131\u015fma sonras\u0131 g\u00f6zler Mehmet Yal\u00e7\u0131nkaya, Somer Sivrio\u011flu ve Danillo Zanna&#8217;dan gelecek tepkiye \u00e7evrildi. Yar\u0131\u015fmac\u0131lar\u0131n birbirlerine kar\u015f\u0131 sert s\u00f6zleri ve tav\u0131rlar\u0131na kar\u015f\u0131 \u015feflerin ne diyece\u011fi ve nas\u0131l yorum yapaca\u011f\u0131 merak konusu oldu.<\/p>\n<p><img loading=\"lazy\" decoding=\"async\" class=\"alignnone wp-image-207802 size-large\" src=\"https:\/\/www.tgrthaber.com\/mavikadin\/wp-content\/uploads\/Ekran-Resmi-2025-07-20-17.45.16-1024x741.png\" alt=\"\" width=\"1024\" height=\"741\" title=\"\" srcset=\"https:\/\/www.tgrthaber.com\/mavikadin\/wp-content\/uploads\/Ekran-Resmi-2025-07-20-17.45.16-1024x741.png 1024w, https:\/\/www.tgrthaber.com\/mavikadin\/wp-content\/uploads\/Ekran-Resmi-2025-07-20-17.45.16-300x217.png 300w, https:\/\/www.tgrthaber.com\/mavikadin\/wp-content\/uploads\/Ekran-Resmi-2025-07-20-17.45.16-768x556.png 768w, https:\/\/www.tgrthaber.com\/mavikadin\/wp-content\/uploads\/Ekran-Resmi-2025-07-20-17.45.16.png 1130w\" sizes=\"(max-width: 1024px) 100vw, 1024px\" \/><\/p>\n<hr \/>\n<h3 class=\"p2\">MASTERCHEF ANA KADROYA G\u0130REN YARI\u015eMACILAR K\u0130MLER OLDU?<\/h3>\n<p class=\"p2\">Ana Kadroya Giren 1. Yar\u0131\u015fmac\u0131: Furkan<\/p>\n<p class=\"p2\">Ana Kadroya Giren 2. Yar\u0131\u015fmac\u0131: Eyl\u00fcl<\/p>\n<p class=\"p2\">Ana Kadroya Giren 3. Yar\u0131\u015fmac\u0131: \u00c7a\u011fatay<\/p>\n<p class=\"p2\">Ana Kadroya Giren 4. Yar\u0131\u015fmac\u0131: Onur<\/p>\n<p class=\"p2\">Ana kadroya giren 5. Yar\u0131\u015fmac\u0131: Hilal<\/p>\n<p class=\"p2\">Ana kadroya giren 6. Yar\u0131\u015fmac\u0131 Sercan<\/p>\n<p class=\"p2\">Ana kadroya giren 7. Yar\u0131\u015fmac\u0131 Ayla oldu.<\/p>\n<p class=\"p2\">Ana kadroya giren 8. Yar\u0131\u015fmac\u0131 \u0130hsan oldu.<\/p>\n<p><img loading=\"lazy\" decoding=\"async\" class=\"alignnone wp-image-207803 size-large\" src=\"https:\/\/www.tgrthaber.com\/mavikadin\/wp-content\/uploads\/Ekran-Resmi-2025-07-20-17.32.36-1-1024x629.png\" alt=\"\" width=\"1024\" height=\"629\" title=\"\" srcset=\"https:\/\/www.tgrthaber.com\/mavikadin\/wp-content\/uploads\/Ekran-Resmi-2025-07-20-17.32.36-1-1024x629.png 1024w, https:\/\/www.tgrthaber.com\/mavikadin\/wp-content\/uploads\/Ekran-Resmi-2025-07-20-17.32.36-1-300x184.png 300w, https:\/\/www.tgrthaber.com\/mavikadin\/wp-content\/uploads\/Ekran-Resmi-2025-07-20-17.32.36-1-768x472.png 768w, https:\/\/www.tgrthaber.com\/mavikadin\/wp-content\/uploads\/Ekran-Resmi-2025-07-20-17.32.36-1.png 1260w\" sizes=\"(max-width: 1024px) 100vw, 1024px\" \/><\/p>\n<hr \/>\n<h3 class=\"p1\">MASTERCHEF YEDEKLERDEN K\u0130M G\u0130RD\u0130?<\/h3>\n<p class=\"p1\">MasterChef yedek kadro ilk yar\u0131\u015fmac\u0131lar\u0131 Elif, Bilal, Meryem ve Do\u011fan oldu.<\/p>\n","protected":false},"excerpt":{"rendered":"<p>Masterchef ana kadro heyecan\u0131 h\u0131z kesmeden devam ediyor. Bu ak\u015fam ana kadroya giren 9. yar\u0131\u015fmac\u0131 Ayten Saner oldu. \u0130zleyiciyi ekrana kilitleyen b\u00f6l\u00fcme, yar\u0131\u015fmac\u0131lar aras\u0131nda \u00e7\u0131kan sert tart\u0131\u015fmalar da damga vurdu. \u0130\u015fte MasterChef&#8217;te bu ak\u015fam ya\u015fananlar.. <\/p>\n","protected":false},"author":16,"featured_media":207984,"comment_status":"closed","ping_status":"closed","sticky":false,"template":"","format":"standard","meta":{"rank_math_lock_modified_date":false,"footnotes":""},"categories":[76],"tags":[2218,1120,28913,28912],"class_list":["post-207792","post","type-post","status-publish","format-standard","has-post-thumbnail","hentry","category-magazin","tag-magazin-haberleri","tag-masterchef","tag-masterchef-ana-kadro-9-yarismaci-ayten","tag-masterchef-ana-kadroya-giren-9-yarismaci-ayten-oldu"],"_links":{"self":[{"href":"https:\/\/www.tgrthaber.com\/mavikadin\/wp-json\/wp\/v2\/posts\/207792"}],"collection":[{"href":"https:\/\/www.tgrthaber.com\/mavikadin\/wp-json\/wp\/v2\/posts"}],"about":[{"href":"https:\/\/www.tgrthaber.com\/mavikadin\/wp-json\/wp\/v2\/types\/post"}],"author":[{"embeddable":true,"href":"https:\/\/www.tgrthaber.com\/mavikadin\/wp-json\/wp\/v2\/users\/16"}],"replies":[{"embeddable":true,"href":"https:\/\/www.tgrthaber.com\/mavikadin\/wp-json\/wp\/v2\/comments?post=207792"}],"version-history":[{"count":3,"href":"https:\/\/www.tgrthaber.com\/mavikadin\/wp-json\/wp\/v2\/posts\/207792\/revisions"}],"predecessor-version":[{"id":208000,"href":"https:\/\/www.tgrthaber.com\/mavikadin\/wp-json\/wp\/v2\/posts\/207792\/revisions\/208000"}],"wp:featuredmedia":[{"embeddable":true,"href":"https:\/\/www.tgrthaber.com\/mavikadin\/wp-json\/wp\/v2\/media\/207984"}],"wp:attachment":[{"href":"https:\/\/www.tgrthaber.com\/mavikadin\/wp-json\/wp\/v2\/media?parent=207792"}],"wp:term":[{"taxonomy":"category","embeddable":true,"href":"https:\/\/www.tgrthaber.com\/mavikadin\/wp-json\/wp\/v2\/categories?post=207792"},{"taxonomy":"post_tag","embeddable":true,"href":"https:\/\/www.tgrthaber.com\/mavikadin\/wp-json\/wp\/v2\/tags?post=207792"}],"curies":[{"name":"wp","href":"https:\/\/api.w.org\/{rel}","templated":true}]}}