{"id":207804,"date":"2025-07-20T18:33:24","date_gmt":"2025-07-20T15:33:24","guid":{"rendered":"https:\/\/www.tgrthaber.com\/mavikadin\/?p=207804"},"modified":"2025-07-20T18:33:24","modified_gmt":"2025-07-20T15:33:24","slug":"david-beckham-sac-tirasinda-bir-talihsizlik-yasadi-o-anlari-esi-victoria-beckham-paylasti","status":"publish","type":"post","link":"https:\/\/www.tgrthaber.com\/mavikadin\/david-beckham-sac-tirasinda-bir-talihsizlik-yasadi-o-anlari-esi-victoria-beckham-paylasti\/","title":{"rendered":"David Beckham sa\u00e7 t\u0131ra\u015f\u0131nda bir talihsizlik ya\u015fad\u0131! O anlar\u0131 e\u015fi Victoria Beckham payla\u015ft\u0131"},"content":{"rendered":"<p>David Beckham, evde kendi kendine sa\u00e7\u0131n\u0131 t\u0131ra\u015f ederken ya\u015fad\u0131\u011f\u0131 talihsizlik ile g\u00fcndeme geldi. David Beckham\u2019\u0131n bu halleri e\u015fi Victoria Beckham taraf\u0131nda payla\u015f\u0131ld\u0131. \u0130\u015fte detaylar\u2026<\/p>\n<h3>DAV\u0130D BECKHAM SA\u00c7 TIRA\u015eINDA B\u0130R TAL\u0130HS\u0130ZL\u0130K YA\u015eADI!<\/h3>\n<p>D\u00fcnyaca \u00fcnl\u00fc futbolcu David Beckham, evde kendi kendine t\u0131ra\u015f olurken t\u0131ra\u015f makinesi ile ya\u015fad\u0131\u011f\u0131 talihsiz bir olay ya\u015fad\u0131. Sa\u00e7\u0131nda olu\u015fan hasar\u0131 gizlemeye \u00e7al\u0131\u015fan David Beckham e\u015fi Victoria Beckham taraf\u0131nda kayda al\u0131nd\u0131.<\/p>\n<p><img loading=\"lazy\" decoding=\"async\" class=\"alignnone size-full wp-image-207815\" src=\"https:\/\/www.tgrthaber.com\/mavikadin\/wp-content\/uploads\/ARZU-12-12.jpg\" alt=\"David Beckham sa\u00e7 t\u0131ra\u015f\u0131nda bir talihsizlik ya\u015fad\u0131! O anlar\u0131 e\u015fi Victoria Beckham payla\u015ft\u0131\" width=\"1208\" height=\"680\" title=\"\" srcset=\"https:\/\/www.tgrthaber.com\/mavikadin\/wp-content\/uploads\/ARZU-12-12.jpg 1208w, https:\/\/www.tgrthaber.com\/mavikadin\/wp-content\/uploads\/ARZU-12-12-300x169.jpg 300w, https:\/\/www.tgrthaber.com\/mavikadin\/wp-content\/uploads\/ARZU-12-12-1024x576.jpg 1024w, https:\/\/www.tgrthaber.com\/mavikadin\/wp-content\/uploads\/ARZU-12-12-768x432.jpg 768w\" sizes=\"(max-width: 1208px) 100vw, 1208px\" \/><\/p>\n<hr \/>\n<p>Sa\u00e7 \u015fekilli ile tart\u0131\u015fmas\u0131z \u00e7ok konu\u015fulan David Beckham, bu yeni hali ile sosyal medyada \u00e7ok konu\u015fulan konular aras\u0131nda yer ald\u0131. \u0130ddialara g\u00f6re eski futbolcu David Beckham, 2000 y\u0131l\u0131nda Leicester City&#8217;ye kar\u015f\u0131 oynanan Premier Lig ma\u00e7\u0131nda ilk kez sergiledi\u011fi me\u015fhur t\u0131ra\u015fl\u0131 g\u00f6r\u00fcn\u00fcm\u00fcn\u00fc yeniden olu\u015fturmaya \u00e7al\u0131\u015f\u0131rken bu \u015fekilde talihsiz bir olay ya\u015fad\u0131\u011f\u0131 s\u00f6ylendi.<\/p>\n<p>Ancak istedi\u011fi t\u0131ra\u015f\u0131 yapmak isterken t\u0131ra\u015f makinesinin elinden d\u00fc\u015fmesi sonucu kafas\u0131nda bir b\u00f6l\u00fcm\u00fcn kel oldu\u011fu g\u00f6r\u00fcld\u00fc. David Beckham\u2019\u0131n e\u015fi Victoria Beckham ise o anlar\u0131 kameraya alarak kendi sosyal medyas\u0131ndan payla\u015f\u0131mda bulundu.<\/p>\n<h3><\/h3>\n<div style=\"width: 640px;\" class=\"wp-video\"><!--[if lt IE 9]><script>document.createElement('video');<\/script><![endif]-->\n<video class=\"wp-video-shortcode\" id=\"video-207804-1\" width=\"640\" height=\"640\" preload=\"metadata\" controls=\"controls\"><source type=\"video\/mp4\" src=\"https:\/\/www.tgrthaber.com\/mavikadin\/wp-content\/uploads\/video-birlestirme-1-5.mp4?_=1\" \/><a href=\"https:\/\/www.tgrthaber.com\/mavikadin\/wp-content\/uploads\/video-birlestirme-1-5.mp4\">https:\/\/www.tgrthaber.com\/mavikadin\/wp-content\/uploads\/video-birlestirme-1-5.mp4<\/a><\/video><\/div>\n<hr \/>\n<h3>O ANLARI E\u015e\u0130 V\u0130CTOR\u0130A BECKHAM PAYLA\u015eTI<\/h3>\n<p>E\u015fi Victoria Beckham ise kocas\u0131n\u0131n bu halini kendi sosyal medyas\u0131ndan payla\u015ft\u0131. Yapt\u0131\u011f\u0131 payla\u015f\u0131mla hem g\u00fcld\u00fcrd\u00fc hem de korkuttu. David Beckham\u2019\u0131n sa\u00e7lar\u0131n\u0131 kendi kesmek istemesi sonucu b\u00f6yle bir hale geldi\u011fini a\u00e7\u0131klad\u0131. David Beckham\u2019\u0131n kendi sa\u00e7\u0131n\u0131 t\u0131ra\u015f etmek istemesi sonucu ya\u015fad\u0131\u011f\u0131 anlar kameralara yans\u0131d\u0131.<\/p>\n<p>Victoria Beckham e\u015finin sa\u00e7\u0131n\u0131n d\u00fczensizli\u011fi kar\u015f\u0131s\u0131nda s\u00f6yledikleri de g\u00fcndem oldu. \u201cSa\u00e7\u0131n\u0131 kesmeye \u00e7al\u0131\u015ft\u0131n ama ne yapt\u0131n?&#8221; diye sordu. Victoria bu a\u00e7\u0131klamay\u0131 duyunca g\u00fcld\u00fc ve David, &#8220;Komik de\u011fil. Makas\u0131n ba\u015fl\u0131\u011f\u0131 d\u00fc\u015ft\u00fc.&#8221; \u015eeklinde yapt\u0131\u011f\u0131 a\u00e7\u0131klama ile g\u00fcndeme geldi.<\/p>\n<p><img loading=\"lazy\" decoding=\"async\" class=\"alignnone size-full wp-image-207814\" src=\"https:\/\/www.tgrthaber.com\/mavikadin\/wp-content\/uploads\/ARZU-13-12.jpg\" alt=\"David Beckham sa\u00e7 t\u0131ra\u015f\u0131nda bir talihsizlik ya\u015fad\u0131! O anlar\u0131 e\u015fi Victoria Beckham payla\u015ft\u0131\" width=\"1208\" height=\"680\" title=\"\" srcset=\"https:\/\/www.tgrthaber.com\/mavikadin\/wp-content\/uploads\/ARZU-13-12.jpg 1208w, https:\/\/www.tgrthaber.com\/mavikadin\/wp-content\/uploads\/ARZU-13-12-300x169.jpg 300w, https:\/\/www.tgrthaber.com\/mavikadin\/wp-content\/uploads\/ARZU-13-12-1024x576.jpg 1024w, https:\/\/www.tgrthaber.com\/mavikadin\/wp-content\/uploads\/ARZU-13-12-768x432.jpg 768w\" sizes=\"(max-width: 1208px) 100vw, 1208px\" \/><\/p>\n<hr \/>\n<p>\u00dcnl\u00fc futbolcunun bu hali sosyal medyada k\u0131sa s\u00fcrede g\u00fcndem oldu. Sa\u00e7lar\u0131 ile her zaman g\u00f6z \u00f6n\u00fcnde olan David Beckham, eskiden kulland\u0131\u011f\u0131 modeli yapmak isterken hi\u00e7 de istemedi\u011fi bir sonu\u00e7lanma kar\u015f\u0131lanmas\u0131 sosyal medya kullan\u0131c\u0131lar\u0131n\u0131 g\u00fcld\u00fcrd\u00fc.<\/p>\n","protected":false},"excerpt":{"rendered":"<p>D\u00fcnyaca \u00fcnl\u00fc eski futbolcu David Beckham evinde sa\u00e7 t\u0131ra\u015f\u0131 yaparken ya\u015fad\u0131\u011f\u0131 talihsizlik e\u015fi taraf\u0131ndan payla\u015f\u0131ld\u0131. \u0130\u015fte detaylar&#8230;<\/p>\n","protected":false},"author":34,"featured_media":207816,"comment_status":"closed","ping_status":"closed","sticky":false,"template":"","format":"standard","meta":{"rank_math_lock_modified_date":false,"footnotes":""},"categories":[76],"tags":[9218,28863,28864,2218,20081],"class_list":["post-207804","post","type-post","status-publish","format-standard","has-post-thumbnail","hentry","category-magazin","tag-david-beckham","tag-david-beckham-esi","tag-david-beckham-talihsizlik-yasadi","tag-magazin-haberleri","tag-victoria-beckham"],"_links":{"self":[{"href":"https:\/\/www.tgrthaber.com\/mavikadin\/wp-json\/wp\/v2\/posts\/207804"}],"collection":[{"href":"https:\/\/www.tgrthaber.com\/mavikadin\/wp-json\/wp\/v2\/posts"}],"about":[{"href":"https:\/\/www.tgrthaber.com\/mavikadin\/wp-json\/wp\/v2\/types\/post"}],"author":[{"embeddable":true,"href":"https:\/\/www.tgrthaber.com\/mavikadin\/wp-json\/wp\/v2\/users\/34"}],"replies":[{"embeddable":true,"href":"https:\/\/www.tgrthaber.com\/mavikadin\/wp-json\/wp\/v2\/comments?post=207804"}],"version-history":[{"count":1,"href":"https:\/\/www.tgrthaber.com\/mavikadin\/wp-json\/wp\/v2\/posts\/207804\/revisions"}],"predecessor-version":[{"id":207818,"href":"https:\/\/www.tgrthaber.com\/mavikadin\/wp-json\/wp\/v2\/posts\/207804\/revisions\/207818"}],"wp:featuredmedia":[{"embeddable":true,"href":"https:\/\/www.tgrthaber.com\/mavikadin\/wp-json\/wp\/v2\/media\/207816"}],"wp:attachment":[{"href":"https:\/\/www.tgrthaber.com\/mavikadin\/wp-json\/wp\/v2\/media?parent=207804"}],"wp:term":[{"taxonomy":"category","embeddable":true,"href":"https:\/\/www.tgrthaber.com\/mavikadin\/wp-json\/wp\/v2\/categories?post=207804"},{"taxonomy":"post_tag","embeddable":true,"href":"https:\/\/www.tgrthaber.com\/mavikadin\/wp-json\/wp\/v2\/tags?post=207804"}],"curies":[{"name":"wp","href":"https:\/\/api.w.org\/{rel}","templated":true}]}}