{"id":207805,"date":"2025-07-20T18:25:41","date_gmt":"2025-07-20T15:25:41","guid":{"rendered":"https:\/\/www.tgrthaber.com\/mavikadin\/?p=207805"},"modified":"2025-07-20T18:25:41","modified_gmt":"2025-07-20T15:25:41","slug":"saracoglundan-genc-kalmanin-formulu","status":"publish","type":"post","link":"https:\/\/www.tgrthaber.com\/mavikadin\/saracoglundan-genc-kalmanin-formulu\/","title":{"rendered":"Sara\u00e7o\u011flu&#8217;ndan gen\u00e7 kalman\u0131n form\u00fcl\u00fc! Tek yapman\u0131z gereken geceleri o maske"},"content":{"rendered":"<p>Gen\u00e7 kalman\u0131n form\u00fcl\u00fcn\u00fc \u0130brahim Sara\u00e7o\u011flu, y\u0131llar \u00f6nce a\u00e7\u0131klam\u0131\u015f! Sizde do\u011fal yollarla gen\u00e7 kalman\u0131n s\u0131rlar\u0131n\u0131 ar\u0131yorsan\u0131z, do\u011fru yerdesiniz. Sizin i\u00e7in gen\u00e7 kalman\u0131n form\u00fcl\u00fcn\u00fc ara\u015ft\u0131rd\u0131k. Sizde gen\u00e7 kalmak istiyorsan\u0131z tek yapman\u0131z gereken \u0130brahim Sara\u00e7o\u011flu\u2019nun tarifiyle geceleri o maskeyi yapmak! \u0130\u015fte \u0130brahim Sara\u00e7o\u011flu\u2019ndan gen\u00e7 kalman\u0131n form\u00fcl\u00fc\u2026<\/p>\n<h3>\u0130BRAH\u0130M SARA\u00c7O\u011eLU&#8217;NDAN GEN\u00c7 KALMANIN FORM\u00dcL\u00dc!<\/h3>\n<p>\u0130brahim Sara\u00e7o\u011flu\u2019nun gen\u00e7 kalman\u0131n form\u00fcl\u00fc y\u0131llar \u00f6nce s\u00f6yledi\u011fini biliyor muydunuz? \u00d6zellikle her kad\u0131n i\u00e7in gen\u00e7 kalmak olduk\u00e7a \u00f6nemlidir. Hemen hemen \u00e7o\u011fu birey gen\u00e7 kalman\u0131n do\u011fal form\u00fcllerini ar\u0131yor. G\u00fcn\u00fcm\u00fczde cerrahi ve estetik operasyonlar ne kadar art\u0131\u015f g\u00f6stermi\u015f olsa da baz\u0131 ki\u015filer gen\u00e7 kalman\u0131n form\u00fcl\u00fcn\u00fc do\u011fal yollarda ar\u0131yor. Peki, \u0130brahim Sara\u00e7o\u011flu\u2019ndan gen\u00e7 kalman\u0131n form\u00fcl\u00fcn\u00fcn ne oldu\u011funu biliyor musunuz?<\/p>\n<p><img loading=\"lazy\" decoding=\"async\" class=\"alignnone wp-image-207808\" src=\"https:\/\/www.tgrthaber.com\/mavikadin\/wp-content\/uploads\/Adsiz-tasarim-10-52-1024x576.jpg\" alt=\"Sara\u00e7o\u011flu&#039;ndan gen\u00e7 kalman\u0131n form\u00fcl\u00fc! Tek yapman\u0131z gereken geceleri o maske\" width=\"1208\" height=\"680\" title=\"\" srcset=\"https:\/\/www.tgrthaber.com\/mavikadin\/wp-content\/uploads\/Adsiz-tasarim-10-52-1024x576.jpg 1024w, https:\/\/www.tgrthaber.com\/mavikadin\/wp-content\/uploads\/Adsiz-tasarim-10-52-300x169.jpg 300w, https:\/\/www.tgrthaber.com\/mavikadin\/wp-content\/uploads\/Adsiz-tasarim-10-52-768x432.jpg 768w, https:\/\/www.tgrthaber.com\/mavikadin\/wp-content\/uploads\/Adsiz-tasarim-10-52.jpg 1208w\" sizes=\"(max-width: 1208px) 100vw, 1208px\" \/><\/p>\n<hr \/>\n<p>\u00d6nerdi\u011fi do\u011fal k\u00fcrler, kar\u0131\u015f\u0131mlar ve maskelerle dikkatleri \u00fczerine \u00e7eken \u0130brahim Sara\u00e7o\u011flu, b\u00fcy\u00fck bir ilgiyle takip edilmeye devam ediyor. Sa\u011fl\u0131k \u00fczerine yapt\u0131\u011f\u0131 a\u00e7\u0131klamalar\u0131yla ve form\u00fclleriyle bir\u00e7ok insana \u015fifa kayna\u011f\u0131 olan Sara\u00e7o\u011flu, g\u00fczellik ve gen\u00e7 kalman\u0131n do\u011fal form\u00fcllerini de payla\u015f\u0131yor. Genellikle bitkisel i\u00e7eriklere dayanan ve cilt sa\u011fl\u0131\u011f\u0131n\u0131 desteklemeye yard\u0131mc\u0131 olan form\u00fclleriyle ad\u0131ndan s\u00f6z ettiren Sara\u00e7o\u011flu, bak\u0131n gen\u00e7 kalman\u0131n form\u00fcl\u00fc hakk\u0131nda neler s\u00f6yl\u00fcyor\u2026<\/p>\n<p><img loading=\"lazy\" decoding=\"async\" class=\"alignnone wp-image-207809\" src=\"https:\/\/www.tgrthaber.com\/mavikadin\/wp-content\/uploads\/Adsiz-tasarim-12-43-1024x576.jpg\" alt=\"Sara\u00e7o\u011flu&#039;ndan gen\u00e7 kalman\u0131n form\u00fcl\u00fc! Tek yapman\u0131z gereken geceleri o maske\" width=\"1208\" height=\"680\" title=\"\" srcset=\"https:\/\/www.tgrthaber.com\/mavikadin\/wp-content\/uploads\/Adsiz-tasarim-12-43-1024x576.jpg 1024w, https:\/\/www.tgrthaber.com\/mavikadin\/wp-content\/uploads\/Adsiz-tasarim-12-43-300x169.jpg 300w, https:\/\/www.tgrthaber.com\/mavikadin\/wp-content\/uploads\/Adsiz-tasarim-12-43-768x432.jpg 768w, https:\/\/www.tgrthaber.com\/mavikadin\/wp-content\/uploads\/Adsiz-tasarim-12-43.jpg 1208w\" sizes=\"(max-width: 1208px) 100vw, 1208px\" \/><\/p>\n<hr \/>\n<h3>TEK YAPMANIZ GEREKEN GECELER\u0130 O MASKE!<\/h3>\n<p>\u0130brahim Sara\u00e7o\u011flu, gen\u00e7 kalmak i\u00e7in \u00f6ncelikle v\u00fccudun toksinlerden ar\u0131nd\u0131r\u0131lmas\u0131 gerekti\u011fini s\u00f6yl\u00fcyor. Sara\u00e7o\u011flu, v\u00fccudu toksinlerden ar\u0131nd\u0131ran ve cildin gen\u00e7 kalmas\u0131n\u0131 sa\u011flayan besin kayna\u011f\u0131n\u0131n lahana oldu\u011funu dile getiriyor. Sizde cildinizin \u0131\u015f\u0131l \u0131\u015f\u0131l parlamas\u0131n\u0131 istiyorsan\u0131z, 2 adet lahana yapra\u011f\u0131n\u0131 15 dakika kaynat\u0131p suyunu i\u00e7ebilirsiniz. 15 g\u00fcn s\u00fcreyle her g\u00fcn lahana suyunun i\u00e7ilmesi gerekti\u011fini s\u00f6yleyen Sara\u00e7o\u011flu, bu k\u00fcr\u00fcn d\u00fczenli olarak t\u00fcketilmesi gerekti\u011fini de vurguluyor.<\/p>\n<p><img loading=\"lazy\" decoding=\"async\" class=\"alignnone wp-image-207810\" src=\"https:\/\/www.tgrthaber.com\/mavikadin\/wp-content\/uploads\/Adsiz-tasarim-11-41-1024x576.jpg\" alt=\"Sara\u00e7o\u011flu&#039;ndan gen\u00e7 kalman\u0131n form\u00fcl\u00fc! Tek yapman\u0131z gereken geceleri o maske\" width=\"1208\" height=\"680\" title=\"\" srcset=\"https:\/\/www.tgrthaber.com\/mavikadin\/wp-content\/uploads\/Adsiz-tasarim-11-41-1024x576.jpg 1024w, https:\/\/www.tgrthaber.com\/mavikadin\/wp-content\/uploads\/Adsiz-tasarim-11-41-300x169.jpg 300w, https:\/\/www.tgrthaber.com\/mavikadin\/wp-content\/uploads\/Adsiz-tasarim-11-41-768x432.jpg 768w, https:\/\/www.tgrthaber.com\/mavikadin\/wp-content\/uploads\/Adsiz-tasarim-11-41.jpg 1208w\" sizes=\"(max-width: 1208px) 100vw, 1208px\" \/><\/p>\n<hr \/>\n<p>Bunun yan\u0131 s\u0131ra \u0130brahim Sara\u00e7o\u011flu, maydanoz ve limon k\u00fcr\u00fcn\u00fcn de cilt g\u00fczelli\u011fi ve gen\u00e7 kalmak i\u00e7in olduk\u00e7a \u00f6nemli oldu\u011funu vurguluyor. T\u00fcm bunlar\u0131n yan\u0131 s\u0131ra Sara\u00e7o\u011flu\u2019nun geceleri uygulanan maskesi form\u00fcl\u00fc de ya\u015flanmay\u0131 geciktirerek cildin gen\u00e7 kalmas\u0131n\u0131 sa\u011fl\u0131yor. Peki, nedir o maske? \u0130\u015fte \u0130brahim Sara\u00e7o\u011flu\u2019ndan gen\u00e7 kalman\u0131za yard\u0131mc\u0131 olacak maske tarifi\u2026<\/p>\n<p><img loading=\"lazy\" decoding=\"async\" class=\"alignnone wp-image-207811\" src=\"https:\/\/www.tgrthaber.com\/mavikadin\/wp-content\/uploads\/Adsiz-tasarim-8-52-1024x576.jpg\" alt=\"Sara\u00e7o\u011flu&#039;ndan gen\u00e7 kalman\u0131n form\u00fcl\u00fc! Tek yapman\u0131z gereken geceleri o maske\" width=\"1208\" height=\"680\" title=\"\" srcset=\"https:\/\/www.tgrthaber.com\/mavikadin\/wp-content\/uploads\/Adsiz-tasarim-8-52-1024x576.jpg 1024w, https:\/\/www.tgrthaber.com\/mavikadin\/wp-content\/uploads\/Adsiz-tasarim-8-52-300x169.jpg 300w, https:\/\/www.tgrthaber.com\/mavikadin\/wp-content\/uploads\/Adsiz-tasarim-8-52-768x432.jpg 768w, https:\/\/www.tgrthaber.com\/mavikadin\/wp-content\/uploads\/Adsiz-tasarim-8-52.jpg 1208w\" sizes=\"(max-width: 1208px) 100vw, 1208px\" \/><\/p>\n<hr \/>\n<h3>ELMA VE KAYISININ MASKES\u0130!<\/h3>\n<p>Sizde gen\u00e7 kalmak istiyorsan\u0131z, tek yapman\u0131z gereken \u0130brahim Sara\u00e7o\u011flu\u2019nun tarifiyle geceleri o maskeyi yapmak!<\/p>\n<p>Elma ve kay\u0131s\u0131y\u0131 ince p\u00fcre hale getirin. Bu a\u015famada rondadan yard\u0131m alabilirsiniz.<\/p>\n<p>P\u00fcre haline getirdi\u011finiz kar\u0131\u015f\u0131mlar\u0131 bir kapta birle\u015ftirin.<\/p>\n<p>Haz\u0131rlad\u0131\u011f\u0131n\u0131z bu kar\u0131\u015f\u0131m\u0131 geceleri maske olarak y\u00fcz\u00fcn\u00fcze uygulay\u0131n.<\/p>\n<p>15-20 dakika kadar y\u00fcz\u00fcn\u00fczde bu maskeyi beklettikten sonra \u0131l\u0131k suyla durulay\u0131n.<\/p>\n","protected":false},"excerpt":{"rendered":"<p>\u0130brahim Sara\u00e7o\u011flu, gen\u00e7 kalman\u0131n form\u00fcl\u00fcn\u00fc y\u0131llar \u00f6nce a\u00e7\u0131klad\u0131! Sizde gen\u00e7 kalmak istiyorsan\u0131z tek yapman\u0131z gereken \u0130brahim Sara\u00e7o\u011flu\u2019nun tarifiyle geceleri o maskeyi yapmak! \u0130\u015fte detaylar\u2026<\/p>\n","protected":false},"author":26,"featured_media":207807,"comment_status":"closed","ping_status":"closed","sticky":false,"template":"","format":"standard","meta":{"rank_math_lock_modified_date":false,"footnotes":""},"categories":[95],"tags":[28862,106,11403,7734,110],"class_list":["post-207805","post","type-post","status-publish","format-standard","has-post-thumbnail","hentry","category-guzellik","tag-genc-kalmanin-formulu","tag-guzellik","tag-guzellik-haberleri","tag-ibrahim-saracoglu","tag-maske"],"_links":{"self":[{"href":"https:\/\/www.tgrthaber.com\/mavikadin\/wp-json\/wp\/v2\/posts\/207805"}],"collection":[{"href":"https:\/\/www.tgrthaber.com\/mavikadin\/wp-json\/wp\/v2\/posts"}],"about":[{"href":"https:\/\/www.tgrthaber.com\/mavikadin\/wp-json\/wp\/v2\/types\/post"}],"author":[{"embeddable":true,"href":"https:\/\/www.tgrthaber.com\/mavikadin\/wp-json\/wp\/v2\/users\/26"}],"replies":[{"embeddable":true,"href":"https:\/\/www.tgrthaber.com\/mavikadin\/wp-json\/wp\/v2\/comments?post=207805"}],"version-history":[{"count":2,"href":"https:\/\/www.tgrthaber.com\/mavikadin\/wp-json\/wp\/v2\/posts\/207805\/revisions"}],"predecessor-version":[{"id":207813,"href":"https:\/\/www.tgrthaber.com\/mavikadin\/wp-json\/wp\/v2\/posts\/207805\/revisions\/207813"}],"wp:featuredmedia":[{"embeddable":true,"href":"https:\/\/www.tgrthaber.com\/mavikadin\/wp-json\/wp\/v2\/media\/207807"}],"wp:attachment":[{"href":"https:\/\/www.tgrthaber.com\/mavikadin\/wp-json\/wp\/v2\/media?parent=207805"}],"wp:term":[{"taxonomy":"category","embeddable":true,"href":"https:\/\/www.tgrthaber.com\/mavikadin\/wp-json\/wp\/v2\/categories?post=207805"},{"taxonomy":"post_tag","embeddable":true,"href":"https:\/\/www.tgrthaber.com\/mavikadin\/wp-json\/wp\/v2\/tags?post=207805"}],"curies":[{"name":"wp","href":"https:\/\/api.w.org\/{rel}","templated":true}]}}