{"id":207806,"date":"2025-07-20T18:49:10","date_gmt":"2025-07-20T15:49:10","guid":{"rendered":"https:\/\/www.tgrthaber.com\/mavikadin\/?p=207806"},"modified":"2025-07-20T18:49:10","modified_gmt":"2025-07-20T15:49:10","slug":"pinar-altug-kendisinden-9-yas-kucuk-esi-yagmur-atacanla-meger-bakin-nasil-tanismis","status":"publish","type":"post","link":"https:\/\/www.tgrthaber.com\/mavikadin\/pinar-altug-kendisinden-9-yas-kucuk-esi-yagmur-atacanla-meger-bakin-nasil-tanismis\/","title":{"rendered":"P\u0131nar Altu\u011f kendisinden 9 ya\u015f k\u00fc\u00e7\u00fck e\u015fi Ya\u011fmur Atacan&#8217;la me\u011fer bak\u0131n nas\u0131l tan\u0131\u015fm\u0131\u015f!"},"content":{"rendered":"<p class=\"p1\">ATV ekranlar\u0131n\u0131n bir d\u00f6neme damga vuran dizisi \u2018\u00c7ocuklar Duymas\u0131n\u2019da Meltem karakteri ile izleyicinin haf\u0131zalar\u0131na kaz\u0131nan P\u0131nar Altu\u011f hem profesyonel kariyeri hem de \u00f6zel hayat\u0131 ile dikkat \u00e7ekmeye devam ediyor. Uzun s\u00fcredir ekranlardan uzak kalan P\u0131nar Altu\u011f, sosyal medyay\u0131 aktif kullanan isimlerden biri. Evlili\u011fi ile s\u00fcrekli g\u00fcndem olan P\u0131nar Altu\u011f, kendisinden 9 ya\u015f k\u00fc\u00e7\u00fck e\u015fi Ya\u011fmur Atacan\u2019la nas\u0131l tan\u0131\u015ft\u0131klar\u0131n\u0131 ilk defa anlatt\u0131. \u0130\u015fte merak edilen sorunun cevab\u0131\u2026<\/p>\n<h3>PINAR ALTU\u011e KEND\u0130S\u0130NDEN 9 YA\u015e K\u00dc\u00c7\u00dcK E\u015e\u0130 YA\u011eMUR ATACAN&#8217;LA BAKIN NASIL TANI\u015eMI\u015e<\/h3>\n<p>P\u0131nar Altu\u011f, &#8216;\u00c7ocuklar Duymas\u0131n&#8217; dizisinde oynad\u0131\u011f\u0131 karakterle dikkatleri \u00fczerine \u00e7ekmi\u015fti. Bir d\u00f6neme damga vuran dizi \u00c7ocuklar Duymas\u0131&#8217;nda Meltem karakterini oynayan P\u0131nar Altu\u011f dizi bittikten sonra uzun s\u00fcre ekranlarda yer almad\u0131. \u00d6zel hayat\u0131yla dikkatleri \u00fczerine \u00e7eken isim evlili\u011fi ile sosyal medyada en \u00e7ok konu\u015fulan \u00fcnl\u00fcler aras\u0131nda yer al\u0131yor.<\/p>\n<p><img loading=\"lazy\" decoding=\"async\" class=\"alignnone wp-image-207819 size-full\" src=\"https:\/\/www.tgrthaber.com\/mavikadin\/wp-content\/uploads\/Ekran-Resmi-2025-07-20-18.43.36.png\" alt=\"\" width=\"974\" height=\"592\" title=\"\" srcset=\"https:\/\/www.tgrthaber.com\/mavikadin\/wp-content\/uploads\/Ekran-Resmi-2025-07-20-18.43.36.png 974w, https:\/\/www.tgrthaber.com\/mavikadin\/wp-content\/uploads\/Ekran-Resmi-2025-07-20-18.43.36-300x182.png 300w, https:\/\/www.tgrthaber.com\/mavikadin\/wp-content\/uploads\/Ekran-Resmi-2025-07-20-18.43.36-768x467.png 768w\" sizes=\"(max-width: 974px) 100vw, 974px\" \/><\/p>\n<hr \/>\n<p>Uzun s\u00fcredir kendisinden 9 ya\u015f k\u00fc\u00e7\u00fck olan Ya\u011fmur Atacan&#8217;la mutlu beraberliklerine devam eden ikilinin Su ad\u0131nda bir de k\u0131zlar\u0131 bulunuyor.<\/p>\n<p><img loading=\"lazy\" decoding=\"async\" class=\"alignnone wp-image-207820 size-full\" src=\"https:\/\/www.tgrthaber.com\/mavikadin\/wp-content\/uploads\/Ekran-Resmi-2025-07-20-18.43.49.png\" alt=\"\" width=\"994\" height=\"614\" title=\"\" srcset=\"https:\/\/www.tgrthaber.com\/mavikadin\/wp-content\/uploads\/Ekran-Resmi-2025-07-20-18.43.49.png 994w, https:\/\/www.tgrthaber.com\/mavikadin\/wp-content\/uploads\/Ekran-Resmi-2025-07-20-18.43.49-300x185.png 300w, https:\/\/www.tgrthaber.com\/mavikadin\/wp-content\/uploads\/Ekran-Resmi-2025-07-20-18.43.49-768x474.png 768w\" sizes=\"(max-width: 994px) 100vw, 994px\" \/><\/p>\n<hr \/>\n<p>Sosyal medyada en \u00e7ok ele\u015ftirilen \u00e7iftlerden olan ikili aralar\u0131ndaki ya\u015f fark\u0131na ra\u011fmen, evliliklerini mutlu bir \u015fekilde s\u00fcrd\u00fcrmeye devam ediyor. P\u0131nar Altu\u011f, e\u015fi Ya\u011fmur Atacan&#8217;la nas\u0131l tan\u0131\u015ft\u0131klar\u0131n\u0131 ilk kez kat\u0131ld\u0131\u011f\u0131 bir programda anlatt\u0131.<\/p>\n<p><img loading=\"lazy\" decoding=\"async\" class=\"alignnone wp-image-207821 size-full\" src=\"https:\/\/www.tgrthaber.com\/mavikadin\/wp-content\/uploads\/Ekran-Resmi-2025-07-20-18.43.42.png\" alt=\"\" width=\"988\" height=\"570\" title=\"\" srcset=\"https:\/\/www.tgrthaber.com\/mavikadin\/wp-content\/uploads\/Ekran-Resmi-2025-07-20-18.43.42.png 988w, https:\/\/www.tgrthaber.com\/mavikadin\/wp-content\/uploads\/Ekran-Resmi-2025-07-20-18.43.42-300x173.png 300w, https:\/\/www.tgrthaber.com\/mavikadin\/wp-content\/uploads\/Ekran-Resmi-2025-07-20-18.43.42-768x443.png 768w\" sizes=\"(max-width: 988px) 100vw, 988px\" \/><\/p>\n<hr \/>\n<p class=\"p1\">E\u015fi Ya\u011fmur Atacan\u2019la \u2018\u0130lk A\u015fk\u0131m \u2018 setinde tan\u0131\u015ft\u0131klar\u0131n\u0131 s\u00f6yleyen P\u0131nar Altu\u011f, &#8221;Ya\u011fmur, kural tan\u0131maz bir adamd\u0131r. \u0130li\u015fkimiz giyinme odama bir anda girmesiyle ba\u015flad\u0131. 19 y\u0131ld\u0131r beraberiz ve 17 y\u0131ll\u0131k evliyiz. Sen yapt\u0131\u011f\u0131n \u015feyden eminsen kimseye hesap vermek zorunda de\u011filsin. Millete kalsa biz \u00e7oktan ayr\u0131lm\u0131\u015ft\u0131k. Hayat\u0131m\u0131n en b\u00fcy\u00fck cesaret \u00f6rne\u011fi kocamla beraber olmakt\u0131&#8221; s\u00f6zleriyle dikkat \u00e7ekti.<\/p>\n<p><img loading=\"lazy\" decoding=\"async\" class=\"alignnone wp-image-207822 size-full\" src=\"https:\/\/www.tgrthaber.com\/mavikadin\/wp-content\/uploads\/Ekran-Resmi-2025-07-20-18.43.26.png\" alt=\"\" width=\"986\" height=\"594\" title=\"\" srcset=\"https:\/\/www.tgrthaber.com\/mavikadin\/wp-content\/uploads\/Ekran-Resmi-2025-07-20-18.43.26.png 986w, https:\/\/www.tgrthaber.com\/mavikadin\/wp-content\/uploads\/Ekran-Resmi-2025-07-20-18.43.26-300x181.png 300w, https:\/\/www.tgrthaber.com\/mavikadin\/wp-content\/uploads\/Ekran-Resmi-2025-07-20-18.43.26-768x463.png 768w\" sizes=\"(max-width: 986px) 100vw, 986px\" \/><\/p>\n<hr \/>\n<h3 class=\"p1\">\u0130LK EVL\u0130L\u0130\u011e\u0130NDEN HALA P\u0130\u015eMAN!<\/h3>\n<p class=\"p1\">2000 y\u0131l\u0131nda Umut El\u00e7i ile 3 y\u0131l evli kalan ve ard\u0131ndan bo\u015fanma karar\u0131 alan Altu\u011f ilk evlili\u011finden olduk\u00e7a pi\u015fman oldu\u011funu \u015fu s\u00f6zlerle dile getirdi:<span class=\"Apple-converted-space\">\u00a0 <\/span>&#8220;Ke\u015fke daha erken bitirseydim ya da hi\u00e7 evlenmeseydim&#8221;<\/p>\n","protected":false},"excerpt":{"rendered":"<p>Sosyal medyay\u0131 aktif kullanan isimlerden biri olan P\u0131nar Altu\u011f, kendisinden 9 ya\u015f k\u00fc\u00e7\u00fck e\u015fi Ya\u011fmur Atacan&#8217;la tan\u0131\u015fma hikayesini kat\u0131ld\u0131\u011f\u0131 bir programda ilk defa anlatt\u0131. Altu\u011f&#8217;un a\u00e7\u0131klamalar\u0131 k\u0131sa s\u00fcrede g\u00fcndem oldu. <\/p>\n","protected":false},"author":16,"featured_media":207823,"comment_status":"closed","ping_status":"closed","sticky":false,"template":"","format":"standard","meta":{"rank_math_lock_modified_date":false,"footnotes":""},"categories":[76],"tags":[133,2218,28867,28866,28865],"class_list":["post-207806","post","type-post","status-publish","format-standard","has-post-thumbnail","hentry","category-magazin","tag-magazin","tag-magazin-haberleri","tag-pinar-altug-9-yas-kucuk-esi-yagmur-atacan-tanisma","tag-pinar-altug-9-yas-kucuk-esi-yagmur-atacanla-tanisma-hikayesi","tag-pinar-altug-esi-yagmur-atacanla-nasil-tanisti"],"_links":{"self":[{"href":"https:\/\/www.tgrthaber.com\/mavikadin\/wp-json\/wp\/v2\/posts\/207806"}],"collection":[{"href":"https:\/\/www.tgrthaber.com\/mavikadin\/wp-json\/wp\/v2\/posts"}],"about":[{"href":"https:\/\/www.tgrthaber.com\/mavikadin\/wp-json\/wp\/v2\/types\/post"}],"author":[{"embeddable":true,"href":"https:\/\/www.tgrthaber.com\/mavikadin\/wp-json\/wp\/v2\/users\/16"}],"replies":[{"embeddable":true,"href":"https:\/\/www.tgrthaber.com\/mavikadin\/wp-json\/wp\/v2\/comments?post=207806"}],"version-history":[{"count":2,"href":"https:\/\/www.tgrthaber.com\/mavikadin\/wp-json\/wp\/v2\/posts\/207806\/revisions"}],"predecessor-version":[{"id":207827,"href":"https:\/\/www.tgrthaber.com\/mavikadin\/wp-json\/wp\/v2\/posts\/207806\/revisions\/207827"}],"wp:featuredmedia":[{"embeddable":true,"href":"https:\/\/www.tgrthaber.com\/mavikadin\/wp-json\/wp\/v2\/media\/207823"}],"wp:attachment":[{"href":"https:\/\/www.tgrthaber.com\/mavikadin\/wp-json\/wp\/v2\/media?parent=207806"}],"wp:term":[{"taxonomy":"category","embeddable":true,"href":"https:\/\/www.tgrthaber.com\/mavikadin\/wp-json\/wp\/v2\/categories?post=207806"},{"taxonomy":"post_tag","embeddable":true,"href":"https:\/\/www.tgrthaber.com\/mavikadin\/wp-json\/wp\/v2\/tags?post=207806"}],"curies":[{"name":"wp","href":"https:\/\/api.w.org\/{rel}","templated":true}]}}