{"id":207850,"date":"2025-07-20T19:49:48","date_gmt":"2025-07-20T16:49:48","guid":{"rendered":"https:\/\/www.tgrthaber.com\/mavikadin\/?p=207850"},"modified":"2025-07-20T19:49:48","modified_gmt":"2025-07-20T16:49:48","slug":"cagatay-ulusoyun-kuzeni-kim-burcin-ozen-kimdir-meslegi-ne-paylasimi-sonrasi-merak-edildi","status":"publish","type":"post","link":"https:\/\/www.tgrthaber.com\/mavikadin\/cagatay-ulusoyun-kuzeni-kim-burcin-ozen-kimdir-meslegi-ne-paylasimi-sonrasi-merak-edildi\/","title":{"rendered":"\u00c7a\u011fatay Ulusoy&#8217;un kuzeni kim? Bur\u00e7in \u00d6zen kimdir mesle\u011fi ne? Payla\u015f\u0131m\u0131 sonras\u0131 merak edildi!"},"content":{"rendered":"<p>Sosyal medyada payla\u015f\u0131lan bir kare, \u00c7a\u011fatay Ulusoy&#8217;un hi\u00e7 bilinmeyen kuzenini ortaya \u00e7\u0131kard\u0131. E\u015fref R\u00fcya dizisiyle g\u00fcndemden d\u00fc\u015fmeyen \u00c7a\u011fatay Ulusoy&#8217;un yeni imaj\u0131 sosyal medyay\u0131 ayr\u0131 sallarken, payla\u015f\u0131m\u0131 yapan kuzeni de an \u00e7ok sorgulanan isimler aras\u0131nda yer ald\u0131. &#8216;\u00c7a\u011fatay&#8217;\u0131n benim kuzenim oldu\u011funu biliyor muydunuz&#8217; diyerek payla\u015ft\u0131\u011f\u0131 kare sonras\u0131 &#8216;\u00c7a\u011fatay Ulusoy&#8217;un kuzeni kim?&#8217;, &#8216;Ger\u00e7ekten \u00c7a\u011fatay Ulusoy&#8217;un kuzeni mi?&#8217;, &#8216;\u00c7a\u011fatay Ulusoy&#8217;un kuzeninin mesle\u011fi ne?&#8217; gibi sorular ard\u0131 ard\u0131na aranmaya ba\u015fland\u0131. Peki \u00c7a\u011fatay Ulusoy&#8217;un kuzeni kim? Bur\u00e7in \u00d6zen kimdir, ne i\u015f yap\u0131yor? \u0130\u015fte, Ulusoy&#8217;u yeni tazr\u0131yla payla\u015fan Kuzen hakk\u0131nda merak edilen t\u00fcm detaylar&#8230;<\/p>\n<h3>\u00c7A\u011eATAY ULUSOY&#8217;UN KUZEN\u0130 K\u0130M?<\/h3>\n<p>Yapt\u0131\u011f\u0131 payla\u015f\u0131mla ad\u0131ndan s\u00f6z ettiren ve sosyal medyada merak konusu haline gelen \u00c7a\u011fatay Ulusoy&#8217;un kuzeni Bur\u00e7in \u00d6zen&#8217;dir.<\/p>\n<p><img loading=\"lazy\" decoding=\"async\" class=\"alignnone wp-image-207832\" src=\"https:\/\/www.tgrthaber.com\/mavikadin\/wp-content\/uploads\/Ekran-goruntusu-2025-07-20-184421-1-300x165.png\" alt=\"\" width=\"1208\" height=\"665\" title=\"\" srcset=\"https:\/\/www.tgrthaber.com\/mavikadin\/wp-content\/uploads\/Ekran-goruntusu-2025-07-20-184421-1-300x165.png 300w, https:\/\/www.tgrthaber.com\/mavikadin\/wp-content\/uploads\/Ekran-goruntusu-2025-07-20-184421-1.png 630w\" sizes=\"(max-width: 1208px) 100vw, 1208px\" \/><\/p>\n<hr \/>\n<p>Sosyal medyada bebekhemsiresibianne hesab\u0131yla tan\u0131nan Bur\u00e7in \u00d6zen, yanyana geldi\u011fi \u00c7a\u011fatay Ulusoy&#8217;la \u00e7ekilen bir kareyle sosyal medyan\u0131n radar\u0131na girdi. &#8216;Siz \u00c7a\u011fatay Ulusoy&#8217;un benim kuzenim oldu\u011funu biliyor muydunuz? D\u00fcnya harikas\u0131 bir insan, \u00fcstelik olduk\u00e7a ba\u015far\u0131l\u0131&#8217;, notuyla payla\u015ft\u0131\u011f\u0131 kare sonras\u0131 ortaya \u00e7\u0131kan kuzenin \u00f6zel hayat\u0131 da merak konusu oldu.<\/p>\n<p><img loading=\"lazy\" decoding=\"async\" class=\"alignnone wp-image-207867\" src=\"https:\/\/www.tgrthaber.com\/mavikadin\/wp-content\/uploads\/Adsiz-tasarim-2-54-300x169.png\" alt=\"\" width=\"1208\" height=\"680\" title=\"\" srcset=\"https:\/\/www.tgrthaber.com\/mavikadin\/wp-content\/uploads\/Adsiz-tasarim-2-54-300x169.png 300w, https:\/\/www.tgrthaber.com\/mavikadin\/wp-content\/uploads\/Adsiz-tasarim-2-54-1024x576.png 1024w, https:\/\/www.tgrthaber.com\/mavikadin\/wp-content\/uploads\/Adsiz-tasarim-2-54-768x432.png 768w, https:\/\/www.tgrthaber.com\/mavikadin\/wp-content\/uploads\/Adsiz-tasarim-2-54-1536x864.png 1536w, https:\/\/www.tgrthaber.com\/mavikadin\/wp-content\/uploads\/Adsiz-tasarim-2-54.png 1920w\" sizes=\"(max-width: 1208px) 100vw, 1208px\" \/><\/p>\n<hr \/>\n<h3>BUR\u00c7\u0130N \u00d6ZEN K\u0130MD\u0130R MESLE\u011e\u0130 NED\u0130R?<\/h3>\n<p>\u00c7a\u011fatay Ulusoy&#8217;un kuzeni Bur\u00e7in \u00d6zen&#8217;in 30&#8217;lu ya\u015falr\u0131n sonunda oldu\u011fu tahmin ediliyor. Bulgaristan&#8217;da ya\u015fad\u0131\u011f\u0131 s\u00f6ylenilen Bur\u00e7in \u00d6zen, bir bebek hem\u015firesi. Kariyerini bebek sa\u011fl\u0131\u011f\u0131 \u00fczerinde \u015fekillendiren Bur\u00e7in \u00d6zen, online olarak dan\u0131\u015fmanl\u0131k veriyor.<\/p>\n<p>Uzman oldu\u011fu alan ise emzirme dan\u0131\u015fmanl\u0131\u011f\u0131. Ulusoy&#8217;un kuzeni Bur\u00e7in \u00d6zen, bu alanda &#8216;bebekhemsiresibianne&#8217; adl\u0131 sosyal medya hesab\u0131ndan, bebekler \u00fczerine emzirme teknikleri, yeni do\u011fan bak\u0131m\u0131, uyku d\u00fczeni, gaz problemleri ve daha bir\u00e7ok bebek sa\u011fl\u0131\u011f\u0131 konusunda i\u00e7erikler payla\u015farak, ayr\u0131ca bir bebek hem\u015firesi olarak, ebeveynlere dan\u0131\u015fmanl\u0131k veriyor.<\/p>\n<p><img loading=\"lazy\" decoding=\"async\" class=\"alignnone wp-image-207868\" src=\"https:\/\/www.tgrthaber.com\/mavikadin\/wp-content\/uploads\/Adsiz-tasarim-3-55-300x169.png\" alt=\"\" width=\"1208\" height=\"680\" title=\"\" srcset=\"https:\/\/www.tgrthaber.com\/mavikadin\/wp-content\/uploads\/Adsiz-tasarim-3-55-300x169.png 300w, https:\/\/www.tgrthaber.com\/mavikadin\/wp-content\/uploads\/Adsiz-tasarim-3-55-1024x576.png 1024w, https:\/\/www.tgrthaber.com\/mavikadin\/wp-content\/uploads\/Adsiz-tasarim-3-55-768x432.png 768w, https:\/\/www.tgrthaber.com\/mavikadin\/wp-content\/uploads\/Adsiz-tasarim-3-55-1536x864.png 1536w, https:\/\/www.tgrthaber.com\/mavikadin\/wp-content\/uploads\/Adsiz-tasarim-3-55.png 1920w\" sizes=\"(max-width: 1208px) 100vw, 1208px\" \/><\/p>\n<hr \/>\n<h3>BUR\u00c7\u0130N \u00d6ZEN EVL\u0130 M\u0130?<\/h3>\n<p>Bur\u00e7in \u00d6zen evli ve bir erkek \u00e7ocu\u011fu bulunuyor. Sosyal medya payla\u015f\u0131mlar\u0131nda ailesine olan d\u00fc\u015fk\u00fcnl\u00fc\u011f\u00fc ile de \u00f6ne \u00e7\u0131kan \u00d6zen, s\u0131k s\u0131k aile payla\u015f\u0131mlar\u0131yla da takip\u00e7ilerine payla\u015f\u0131m yap\u0131yor. En son kuzeni \u00c7a\u011fatay Ulusoy&#8217;u da takip\u00e7ileriyle payla\u015fan Bur\u00e7in \u00d6zen, bu kareyle binlerce be\u011feni ve yorum ald\u0131.<\/p>\n<p>Bur\u00e7in \u00d6zen&#8217;in bu payla\u015f\u0131m\u0131na sevenleri &#8216;Mutlulu\u011funuz daim olsun&#8217;, &#8216;Kuzeninin yolu ve baht\u0131 a\u00e7\u0131k olsun&#8217;, &#8216;Ablac\u0131m sen napt\u0131n, kalbimizden vurdun bizi&#8217;, tarz\u0131nda yorumlar ya\u011fmur gibi geldi.<\/p>\n","protected":false},"excerpt":{"rendered":"<p>Sosyal medya hesab\u0131ndan yapt\u0131\u011f\u0131 bir payla\u015f\u0131mla g\u00fcndeme gelen \u00c7a\u011fatay Ulusoy&#8217;un kuzeni sosyal medyada merak konusu oldu. &#8216;\u00c7a\u011fatay Ulusoy&#8217;un kuzeni kim?&#8217; sorusu g\u00fcn\u00fcn en \u00e7ok ara\u015ft\u0131r\u0131lan konusu olurken, yapt\u0131\u011f\u0131 payla\u015f\u0131ma da binlerce yorum ve be\u011feni ya\u011fd\u0131. Peki \u00c7a\u011fatay Ulusoy&#8217;un kuzeni kim? Bur\u00e7in \u00d6zen kimdir, ka\u00e7 ya\u015f\u0131nda ve mesle\u011fi nedir? \u0130\u015fte merak edilen t\u00fcm detaylar&#8230;<\/p>\n","protected":false},"author":35,"featured_media":207857,"comment_status":"closed","ping_status":"closed","sticky":false,"template":"","format":"standard","meta":{"rank_math_lock_modified_date":false,"footnotes":""},"categories":[491],"tags":[3374,28878,2765,28877,28805],"class_list":["post-207850","post","type-post","status-publish","format-standard","has-post-thumbnail","hentry","category-biyografi","tag-biyografi","tag-burcin-ozen-kimdir","tag-cagatay-ulusoy","tag-cagatay-ulusoy-kuzeni-kimdir","tag-cagatay-ulusoy-yeni-imaji"],"_links":{"self":[{"href":"https:\/\/www.tgrthaber.com\/mavikadin\/wp-json\/wp\/v2\/posts\/207850"}],"collection":[{"href":"https:\/\/www.tgrthaber.com\/mavikadin\/wp-json\/wp\/v2\/posts"}],"about":[{"href":"https:\/\/www.tgrthaber.com\/mavikadin\/wp-json\/wp\/v2\/types\/post"}],"author":[{"embeddable":true,"href":"https:\/\/www.tgrthaber.com\/mavikadin\/wp-json\/wp\/v2\/users\/35"}],"replies":[{"embeddable":true,"href":"https:\/\/www.tgrthaber.com\/mavikadin\/wp-json\/wp\/v2\/comments?post=207850"}],"version-history":[{"count":2,"href":"https:\/\/www.tgrthaber.com\/mavikadin\/wp-json\/wp\/v2\/posts\/207850\/revisions"}],"predecessor-version":[{"id":207870,"href":"https:\/\/www.tgrthaber.com\/mavikadin\/wp-json\/wp\/v2\/posts\/207850\/revisions\/207870"}],"wp:featuredmedia":[{"embeddable":true,"href":"https:\/\/www.tgrthaber.com\/mavikadin\/wp-json\/wp\/v2\/media\/207857"}],"wp:attachment":[{"href":"https:\/\/www.tgrthaber.com\/mavikadin\/wp-json\/wp\/v2\/media?parent=207850"}],"wp:term":[{"taxonomy":"category","embeddable":true,"href":"https:\/\/www.tgrthaber.com\/mavikadin\/wp-json\/wp\/v2\/categories?post=207850"},{"taxonomy":"post_tag","embeddable":true,"href":"https:\/\/www.tgrthaber.com\/mavikadin\/wp-json\/wp\/v2\/tags?post=207850"}],"curies":[{"name":"wp","href":"https:\/\/api.w.org\/{rel}","templated":true}]}}