{"id":207859,"date":"2025-07-20T19:42:17","date_gmt":"2025-07-20T16:42:17","guid":{"rendered":"https:\/\/www.tgrthaber.com\/mavikadin\/?p=207859"},"modified":"2025-07-22T19:11:50","modified_gmt":"2025-07-22T16:11:50","slug":"simdi-guneslenme-zamani-biber-ve-patlicanlarda-kis-hazirliklari-baslasin","status":"publish","type":"post","link":"https:\/\/www.tgrthaber.com\/mavikadin\/simdi-guneslenme-zamani-biber-ve-patlicanlarda-kis-hazirliklari-baslasin\/","title":{"rendered":"\u015eimdi g\u00fcne\u015flenme zaman\u0131 biber ve patl\u0131canlarda! K\u0131\u015f haz\u0131rl\u0131klar\u0131 ba\u015flas\u0131n"},"content":{"rendered":"<p>Yaz aylar\u0131n\u0131n gelmesi bazen deniz, kum, g\u00fcne\u015f de\u011fil bazen de k\u0131\u015fl\u0131k haz\u0131rl\u0131klar\u0131n\u0131n ba\u015flang\u0131c\u0131 da olabilir. O y\u00fczden sizlere k\u0131\u015fl\u0131k haz\u0131rl\u0131lar\u0131n\u0131n g\u00f6zdesi olan biber ve patl\u0131canlar\u0131 nas\u0131l yapaca\u011f\u0131n\u0131z\u0131n ara\u015ft\u0131rmas\u0131n\u0131 yapt\u0131k. \u0130\u015fte k\u0131\u015fl\u0131klar\u0131n ba\u015flad\u0131\u011f\u0131 bug\u00fcn de g\u00fcne\u015flenme zaman\u0131 biber ve patl\u0131canda\u2026<\/p>\n<h3>\u015e\u0130MD\u0130 G\u00dcNE\u015eLENME ZAMANI B\u0130BER VE PATLICANLARDA!<\/h3>\n<p>K\u0131\u015f sofralar\u0131n\u0131n vazge\u00e7ilmezlerinden olan kuru biber ve kuru patl\u0131can, yaz ve k\u0131\u015f sofralar\u0131n\u0131n en be\u011fenilen yeme\u011fi oluyor. Anadolu yeme-i\u00e7me k\u00fclt\u00fcr\u00fcnden biri olan bu y\u00f6ntem ayr\u0131ca sebzelerin besinlerini korumas\u0131 y\u00f6n\u00fcnden bilinen en k\u00f6kl\u00fc y\u00f6ntemlerden biri oluyor.<\/p>\n<p><img loading=\"lazy\" decoding=\"async\" class=\"alignnone size-full wp-image-207863\" src=\"https:\/\/www.tgrthaber.com\/mavikadin\/wp-content\/uploads\/ARZU-19-11.jpg\" alt=\"\u015eimdi g\u00fcne\u015flenme zaman\u0131 biber ve patl\u0131canlarda! K\u0131\u015f haz\u0131rl\u0131klar\u0131 ba\u015flas\u0131n\" width=\"1208\" height=\"680\" title=\"\" srcset=\"https:\/\/www.tgrthaber.com\/mavikadin\/wp-content\/uploads\/ARZU-19-11.jpg 1208w, https:\/\/www.tgrthaber.com\/mavikadin\/wp-content\/uploads\/ARZU-19-11-300x169.jpg 300w, https:\/\/www.tgrthaber.com\/mavikadin\/wp-content\/uploads\/ARZU-19-11-1024x576.jpg 1024w, https:\/\/www.tgrthaber.com\/mavikadin\/wp-content\/uploads\/ARZU-19-11-768x432.jpg 768w\" sizes=\"(max-width: 1208px) 100vw, 1208px\" \/><\/p>\n<hr \/>\n<p>G\u00fcne\u015fte biber ve patl\u0131can kurutma, g\u0131dalar\u0131n g\u00fcne\u015f \u0131\u015f\u0131\u011f\u0131 ce s\u0131cakl\u0131k etkisi ile suyunu buharla\u015ft\u0131rarak uzun s\u00fcreli saklama amac\u0131yla kurutulmas\u0131 i\u015flemlerinden biridir. Bu y\u00f6ntem \u00f6zellikle s\u0131cak ve g\u00fcne\u015fli b\u00f6lgelerde taze sebze ve meyvelerin kullan\u0131m\u0131nda kullan\u0131l\u0131r. G\u00fcne\u015fte kurutma i\u015flemi, g\u0131dalar\u0131n i\u00e7indeki suyun buharla\u015fmas\u0131 sayesinde mikroorganizmalar\u0131n \u00fcremesi i\u00e7in uygun bir ortam olmaktan \u00e7\u0131kararak \u00fcr\u00fcnlerin dayan\u0131kl\u0131l\u0131\u011f\u0131n\u0131 art\u0131r\u0131r.<\/p>\n<p>G\u00fcne\u015fte kurutulacak sebze ve meyvelere kurutma i\u015flemi yap\u0131l\u0131rken dikkat edilmesi gereken y\u00f6ntemleri vard\u0131r. En bilindikleri kurutma i\u015flemi yap\u0131lacak \u00fcr\u00fcn\u00fcn haz\u0131rlanmas\u0131d\u0131r.<\/p>\n<h3><img loading=\"lazy\" decoding=\"async\" class=\"alignnone size-full wp-image-207862\" src=\"https:\/\/www.tgrthaber.com\/mavikadin\/wp-content\/uploads\/ARZU-20-12.jpg\" alt=\"\u015eimdi g\u00fcne\u015flenme zaman\u0131 biber ve patl\u0131canlarda! K\u0131\u015f haz\u0131rl\u0131klar\u0131 ba\u015flas\u0131n\" width=\"1208\" height=\"680\" title=\"\" srcset=\"https:\/\/www.tgrthaber.com\/mavikadin\/wp-content\/uploads\/ARZU-20-12.jpg 1208w, https:\/\/www.tgrthaber.com\/mavikadin\/wp-content\/uploads\/ARZU-20-12-300x169.jpg 300w, https:\/\/www.tgrthaber.com\/mavikadin\/wp-content\/uploads\/ARZU-20-12-1024x576.jpg 1024w, https:\/\/www.tgrthaber.com\/mavikadin\/wp-content\/uploads\/ARZU-20-12-768x432.jpg 768w\" sizes=\"(max-width: 1208px) 100vw, 1208px\" \/><\/h3>\n<hr \/>\n<h3>KI\u015e HAZIRLIKLARI BA\u015eLASIN<\/h3>\n<p>Taze biber ve patl\u0131canlar, saplar\u0131 \u00e7\u0131kar\u0131l\u0131p dilimlendikten sonra hafif\u00e7e tuzlanarak suyunun at\u0131lmas\u0131 sa\u011flan\u0131r. Bu a\u015fama da \u00fcr\u00fcnleri daha h\u0131zl\u0131 kurumas\u0131na olanak sa\u011flar. Dilimlenmi\u015f biber ve patl\u0131canlar g\u00fcne\u015f \u0131\u015f\u0131\u011f\u0131 alacak d\u00fcz bir zemine serilir. Bu \u00fcr\u00fcnler g\u00fcne\u015f \u0131\u015f\u0131\u011f\u0131na e\u015fit \u015fekilde serilir. Kal\u0131n bir i\u011fnenin i\u00e7inden ip ge\u00e7irilerek biberlerin orta k\u0131s\u0131mlar\u0131 patl\u0131canlar\u0131n ise iki yan\u0131ndan ipler ge\u00e7irilir.<\/p>\n<p><img loading=\"lazy\" decoding=\"async\" class=\"alignnone size-full wp-image-207864\" src=\"https:\/\/www.tgrthaber.com\/mavikadin\/wp-content\/uploads\/ARZU-18-12.jpg\" alt=\"\u015eimdi g\u00fcne\u015flenme zaman\u0131 biber ve patl\u0131canlarda! K\u0131\u015f haz\u0131rl\u0131klar\u0131 ba\u015flas\u0131n\" width=\"1208\" height=\"680\" title=\"\" srcset=\"https:\/\/www.tgrthaber.com\/mavikadin\/wp-content\/uploads\/ARZU-18-12.jpg 1208w, https:\/\/www.tgrthaber.com\/mavikadin\/wp-content\/uploads\/ARZU-18-12-300x169.jpg 300w, https:\/\/www.tgrthaber.com\/mavikadin\/wp-content\/uploads\/ARZU-18-12-1024x576.jpg 1024w, https:\/\/www.tgrthaber.com\/mavikadin\/wp-content\/uploads\/ARZU-18-12-768x432.jpg 768w\" sizes=\"(max-width: 1208px) 100vw, 1208px\" \/><\/p>\n<hr \/>\n<p>Daha sonralar\u0131 yapt\u0131\u011f\u0131n\u0131z i\u015flem sonunda biber ve patl\u0131can dolu ipleri balkonunuza, bah\u00e7enize ya da teras\u0131n\u0131za asarak g\u00fcne\u015f de kalmas\u0131n\u0131 sa\u011flayabilirsiniz. \u00d6zellikle en \u00e7ok g\u00fcne\u015f alan alanlar olursa kurutma i\u015flemi daha k\u0131sa s\u00fcrer. Kuruma s\u00fcresince \u00fcr\u00fcnler devaml\u0131 kontrol edilir. E\u011fer \u00fcr\u00fcnlerinizin dokusu sertle\u015fmi\u015f ve k\u0131r\u0131lgan hale geldi\u011fini g\u00f6rd\u00fc\u011f\u00fcn\u00fczde i\u015flem ba\u015far\u0131l\u0131 demektir.<\/p>\n","protected":false},"excerpt":{"rendered":"<p>Yaz aylar\u0131nda k\u0131\u015fl\u0131k haz\u0131rl\u0131klar\u0131 ser\u00fcveni ba\u015flad\u0131. O halde \u015fimdi g\u00fcne\u015flenme zaman\u0131 biber ve patl\u0131cana geldi. \u0130\u015fte detaylar\u2026<\/p>\n","protected":false},"author":34,"featured_media":207861,"comment_status":"closed","ping_status":"closed","sticky":false,"template":"","format":"standard","meta":{"rank_math_lock_modified_date":false,"footnotes":""},"categories":[78],"tags":[28874,28876,28875,22122],"class_list":["post-207859","post","type-post","status-publish","format-standard","has-post-thumbnail","hentry","category-yasam","tag-biber-ve-patlican-kurutma","tag-kuru-biber","tag-kuru-patlican","tag-yemek-tarifleri-haberleri"],"_links":{"self":[{"href":"https:\/\/www.tgrthaber.com\/mavikadin\/wp-json\/wp\/v2\/posts\/207859"}],"collection":[{"href":"https:\/\/www.tgrthaber.com\/mavikadin\/wp-json\/wp\/v2\/posts"}],"about":[{"href":"https:\/\/www.tgrthaber.com\/mavikadin\/wp-json\/wp\/v2\/types\/post"}],"author":[{"embeddable":true,"href":"https:\/\/www.tgrthaber.com\/mavikadin\/wp-json\/wp\/v2\/users\/34"}],"replies":[{"embeddable":true,"href":"https:\/\/www.tgrthaber.com\/mavikadin\/wp-json\/wp\/v2\/comments?post=207859"}],"version-history":[{"count":2,"href":"https:\/\/www.tgrthaber.com\/mavikadin\/wp-json\/wp\/v2\/posts\/207859\/revisions"}],"predecessor-version":[{"id":207866,"href":"https:\/\/www.tgrthaber.com\/mavikadin\/wp-json\/wp\/v2\/posts\/207859\/revisions\/207866"}],"wp:featuredmedia":[{"embeddable":true,"href":"https:\/\/www.tgrthaber.com\/mavikadin\/wp-json\/wp\/v2\/media\/207861"}],"wp:attachment":[{"href":"https:\/\/www.tgrthaber.com\/mavikadin\/wp-json\/wp\/v2\/media?parent=207859"}],"wp:term":[{"taxonomy":"category","embeddable":true,"href":"https:\/\/www.tgrthaber.com\/mavikadin\/wp-json\/wp\/v2\/categories?post=207859"},{"taxonomy":"post_tag","embeddable":true,"href":"https:\/\/www.tgrthaber.com\/mavikadin\/wp-json\/wp\/v2\/tags?post=207859"}],"curies":[{"name":"wp","href":"https:\/\/api.w.org\/{rel}","templated":true}]}}