{"id":207860,"date":"2025-07-20T20:07:06","date_gmt":"2025-07-20T17:07:06","guid":{"rendered":"https:\/\/www.tgrthaber.com\/mavikadin\/?p=207860"},"modified":"2025-07-20T20:07:06","modified_gmt":"2025-07-20T17:07:06","slug":"masterchef-2025-baris-kaya-kimdir-kac-yasinda-ne-is-yapiyor","status":"publish","type":"post","link":"https:\/\/www.tgrthaber.com\/mavikadin\/masterchef-2025-baris-kaya-kimdir-kac-yasinda-ne-is-yapiyor\/","title":{"rendered":"MasterChef 2025 Bar\u0131\u015f Kaya kimdir ka\u00e7 ya\u015f\u0131nda ne i\u015f yap\u0131yor?"},"content":{"rendered":"<p>TV8 ekranlar\u0131n\u0131n sevilerek seyredilen yar\u0131\u015fma program\u0131 MasterChef T\u00fcrkiye&#8217;de ana kadro sava\u015flar\u0131 ya\u015fan\u0131yor. Birbirinden yetenekli yar\u0131\u015fmac\u0131lar\u0131n yer ald\u0131\u011f\u0131 programda yar\u0131\u015fmac\u0131lar ana kadroya girebilmek i\u00e7in m\u00fccadele ediyor. Programda baz\u0131 yar\u0131\u015fmac\u0131lar tav\u0131rlar\u0131yla baz\u0131 yar\u0131\u015fmac\u0131lar yapt\u0131\u011f\u0131 yemeklerle dikkat \u00e7ekiyor. Yar\u0131\u015fmadaki duru\u015fu ve ba\u015far\u0131l\u0131 tabaklar\u0131yla dikkat \u00e7eken Bar\u0131\u015f Kaya&#8217;n\u0131n hayat\u0131 merak konusu oldu. Peki MasterChef 2025 Bar\u0131\u015f Kaya kimdir, ka\u00e7 ya\u015f\u0131nda, ne i\u015f yap\u0131yor? \u0130\u015fte merak edilen sorular\u0131n cevaplar\u0131&#8230;<\/p>\n<h3>MASTERCHEF 2025 BARI\u015e KAYA K\u0130MD\u0130R?<\/h3>\n<p class=\"p1\">Ekranlar\u0131n sevilerek seyredilen yemek yar\u0131\u015fmas\u0131 program\u0131nda yar\u0131\u015fan ve hen\u00fcz ana kadroya ad\u0131n\u0131 yazd\u0131ramayan Bar\u0131\u015f Kaya \u0130stanbul Bah\u00e7elievler\u2019de ya\u015f\u0131yor.<\/p>\n<p><img loading=\"lazy\" decoding=\"async\" class=\"alignnone wp-image-207873 size-large\" src=\"https:\/\/www.tgrthaber.com\/mavikadin\/wp-content\/uploads\/Ekran-Resmi-2025-07-20-19.59.21-1024x652.png\" alt=\"\" width=\"1024\" height=\"652\" title=\"\" srcset=\"https:\/\/www.tgrthaber.com\/mavikadin\/wp-content\/uploads\/Ekran-Resmi-2025-07-20-19.59.21-1024x652.png 1024w, https:\/\/www.tgrthaber.com\/mavikadin\/wp-content\/uploads\/Ekran-Resmi-2025-07-20-19.59.21-300x191.png 300w, https:\/\/www.tgrthaber.com\/mavikadin\/wp-content\/uploads\/Ekran-Resmi-2025-07-20-19.59.21-768x489.png 768w, https:\/\/www.tgrthaber.com\/mavikadin\/wp-content\/uploads\/Ekran-Resmi-2025-07-20-19.59.21.png 1284w\" sizes=\"(max-width: 1024px) 100vw, 1024px\" \/><\/p>\n<hr \/>\n<h3>MASTERCHEF 2025 BARI\u015e KAYA KA\u00c7 YA\u015eINDA?<\/h3>\n<p>MasterChef ekranlar\u0131nda yer alan, duru\u015fu ve so\u011fukkanl\u0131l\u0131\u011f\u0131 ile dikkatleri \u00fczerine \u00e7eken Bar\u0131\u015f Kaya 30 ya\u015f\u0131ndad\u0131r.<\/p>\n<h3>MASTERCHEF 2025 BARI\u015e KAYA NE \u0130\u015e YAPIYOR?<\/h3>\n<p class=\"p1\">30 ya\u015f\u0131ndaki yar\u0131\u015fmac\u0131<span class=\"Apple-converted-space\">\u00a0 <\/span>A La Carte mutfak a\u015f\u00e7\u0131s\u0131 olarak bir restoranda \u00e7al\u0131\u015fmaktad\u0131r. MasterChef sahnesinde h\u00fcnerlerini sergileyen ba\u015far\u0131l\u0131 yar\u0131\u015fmac\u0131 yapt\u0131\u011f\u0131 tabakla \u015fefler Danilo Zanna, Mehmet Yal\u00e7\u0131nkaya ve Somer Sivrio\u011flu\u2019ndan &#8220;evet&#8221; oyu alm\u0131\u015ft\u0131.<\/p>\n<p><img loading=\"lazy\" decoding=\"async\" class=\"alignnone wp-image-207874 size-full\" src=\"https:\/\/www.tgrthaber.com\/mavikadin\/wp-content\/uploads\/Ekran-Resmi-2025-07-20-19.59.48.png\" alt=\"\" width=\"984\" height=\"586\" title=\"\" srcset=\"https:\/\/www.tgrthaber.com\/mavikadin\/wp-content\/uploads\/Ekran-Resmi-2025-07-20-19.59.48.png 984w, https:\/\/www.tgrthaber.com\/mavikadin\/wp-content\/uploads\/Ekran-Resmi-2025-07-20-19.59.48-300x179.png 300w, https:\/\/www.tgrthaber.com\/mavikadin\/wp-content\/uploads\/Ekran-Resmi-2025-07-20-19.59.48-768x457.png 768w\" sizes=\"(max-width: 984px) 100vw, 984px\" \/><\/p>\n<hr \/>\n<h3 class=\"p2\">MASTERCHEF ANA KADRO YARI\u015eMACILARI 2025<\/h3>\n<p class=\"p2\">Ada Kadro 1. Yar\u0131\u015fmac\u0131: Furkan<\/p>\n<p class=\"p2\">Ana Kadro 2. Yar\u0131\u015fmac\u0131: Eyl\u00fcl<\/p>\n<p class=\"p2\">Ana Kadro 3. Yar\u0131\u015fmac\u0131: \u00c7a\u011fatay<\/p>\n<p class=\"p2\">Ana Kadro 4. Yar\u0131\u015fmac\u0131: Onur<\/p>\n<p class=\"p2\">Ana Kadro 5. Yar\u0131\u015fmac\u0131: Hilal<\/p>\n<p class=\"p2\">Ana Kadro 6. Yar\u0131\u015fmac\u0131: Sercan<\/p>\n<p class=\"p2\">Ana Kadro 7. Yar\u0131\u015fmac\u0131: Ayla<\/p>\n<p class=\"p2\">Ana Kadro 8. Yar\u0131\u015fmac\u0131: \u0130hsan<\/p>\n<p><img loading=\"lazy\" decoding=\"async\" class=\"alignnone wp-image-207875 size-full\" src=\"https:\/\/www.tgrthaber.com\/mavikadin\/wp-content\/uploads\/Ekran-Resmi-2025-07-20-17.36.30.png\" alt=\"\" width=\"1020\" height=\"608\" title=\"\" srcset=\"https:\/\/www.tgrthaber.com\/mavikadin\/wp-content\/uploads\/Ekran-Resmi-2025-07-20-17.36.30.png 1020w, https:\/\/www.tgrthaber.com\/mavikadin\/wp-content\/uploads\/Ekran-Resmi-2025-07-20-17.36.30-300x179.png 300w, https:\/\/www.tgrthaber.com\/mavikadin\/wp-content\/uploads\/Ekran-Resmi-2025-07-20-17.36.30-768x458.png 768w\" sizes=\"(max-width: 1020px) 100vw, 1020px\" \/><\/p>\n<hr \/>\n<h3 class=\"p2\">MASTERCHEF YEDEKLERDEN K\u0130M G\u0130RD\u0130?<\/h3>\n<p class=\"p2\">MasterChef yedek kadro ilk yar\u0131\u015fmac\u0131lar\u0131 Elif, Bilal, Meryem ve Do\u011fan oldu.<\/p>\n<p><img loading=\"lazy\" decoding=\"async\" class=\"alignnone wp-image-207876 size-large\" src=\"https:\/\/www.tgrthaber.com\/mavikadin\/wp-content\/uploads\/Ekran-Resmi-2025-07-20-17.32.26-2-1024x577.png\" alt=\"\" width=\"1024\" height=\"577\" title=\"\" srcset=\"https:\/\/www.tgrthaber.com\/mavikadin\/wp-content\/uploads\/Ekran-Resmi-2025-07-20-17.32.26-2-1024x577.png 1024w, https:\/\/www.tgrthaber.com\/mavikadin\/wp-content\/uploads\/Ekran-Resmi-2025-07-20-17.32.26-2-300x169.png 300w, https:\/\/www.tgrthaber.com\/mavikadin\/wp-content\/uploads\/Ekran-Resmi-2025-07-20-17.32.26-2-768x433.png 768w, https:\/\/www.tgrthaber.com\/mavikadin\/wp-content\/uploads\/Ekran-Resmi-2025-07-20-17.32.26-2.png 1356w\" sizes=\"(max-width: 1024px) 100vw, 1024px\" \/><\/p>\n<hr \/>\n<h3>MASTERCHEF T\u00dcRK\u0130YE&#8217;YE NASIL BA\u015eVURULUR?<\/h3>\n<p>MasterChef T\u00fcrkiye 2025&#8217;in ba\u015fvuru s\u00fcresi doldu. \u015eimdi \u00f6n elemelerden ge\u00e7en yar\u0131\u015fmac\u0131lar ana kadroya girebilmek i\u00e7in m\u00fccadele ediyor. MasterChef&#8217;e yeni sezon i\u00e7in ba\u015fvurmak isteyenler nereden ba\u015fvuruldu\u011funu merak ediyor. TV 8 ekranlar\u0131n\u0131n sevilen yar\u0131\u015fma program\u0131na\u00a0 ba\u015fvurmak i\u00e7in TV8 &#8216;in resmi internet sitesindeki formu eksiksiz doldurmak gerekiyor.<\/p>\n<p><img loading=\"lazy\" decoding=\"async\" class=\"alignnone wp-image-207877 size-large\" src=\"https:\/\/www.tgrthaber.com\/mavikadin\/wp-content\/uploads\/Ekran-Resmi-2025-07-20-17.32.22-1-1024x586.png\" alt=\"\" width=\"1024\" height=\"586\" title=\"\" srcset=\"https:\/\/www.tgrthaber.com\/mavikadin\/wp-content\/uploads\/Ekran-Resmi-2025-07-20-17.32.22-1-1024x586.png 1024w, https:\/\/www.tgrthaber.com\/mavikadin\/wp-content\/uploads\/Ekran-Resmi-2025-07-20-17.32.22-1-300x172.png 300w, https:\/\/www.tgrthaber.com\/mavikadin\/wp-content\/uploads\/Ekran-Resmi-2025-07-20-17.32.22-1-768x440.png 768w, https:\/\/www.tgrthaber.com\/mavikadin\/wp-content\/uploads\/Ekran-Resmi-2025-07-20-17.32.22-1.png 1328w\" sizes=\"(max-width: 1024px) 100vw, 1024px\" \/><\/p>\n<hr \/>\n<p>Formda isim soy isim ve ileti\u015fim bilgileri yer al\u0131yor. Bunun yan\u0131 s\u0131ra yar\u0131\u015fmac\u0131lar, kendilerini tan\u0131tt\u0131klar\u0131 ve mutfa\u011fa olan ilgilerini anlatt\u0131klar\u0131 bir video g\u00f6nderiyor. Bu video \u00f6zellikle \u00f6n elemelerdeki se\u00e7melerde olduk\u00e7a \u00f6nem ta\u015f\u0131yor.<\/p>\n<p>&nbsp;<\/p>\n<p>&nbsp;<\/p>\n","protected":false},"excerpt":{"rendered":"<p>MasterChef T\u00fcrkiye&#8217;de yeni sezon heyecan\u0131 h\u0131z kesmeden devam ediyor. Birbirinden yetenekli yar\u0131\u015fmac\u0131lar \u00f6zel hayatlar\u0131 ile de merak konusu oluyor. MasterChef&#8217;te \u015feflerden \u00fc\u00e7 evet alan ve yar\u0131\u015fmadaki duru\u015fu ile dikkatleri \u00fczerine \u00e7eken Bar\u0131\u015f Kaya&#8217;da onlardan biri. Peki masterChef 2024 Bar\u0131\u015f Kaya kimdir, ka\u00e7 ya\u015f\u0131nda, ne i\u015f yap\u0131yor? \u0130\u015fte detaylar.. <\/p>\n","protected":false},"author":16,"featured_media":207878,"comment_status":"closed","ping_status":"closed","sticky":false,"template":"","format":"standard","meta":{"rank_math_lock_modified_date":false,"footnotes":""},"categories":[491],"tags":[3374,16521,28880,28879,28881],"class_list":["post-207860","post","type-post","status-publish","format-standard","has-post-thumbnail","hentry","category-biyografi","tag-biyografi","tag-biyografi-haberleri","tag-masterchef-2025-baris-kaya-kac-yasinda","tag-masterchef-2025-baris-kaya-kimdir","tag-masterchef-2025-baris-kaya-ne-is-yapiyor"],"_links":{"self":[{"href":"https:\/\/www.tgrthaber.com\/mavikadin\/wp-json\/wp\/v2\/posts\/207860"}],"collection":[{"href":"https:\/\/www.tgrthaber.com\/mavikadin\/wp-json\/wp\/v2\/posts"}],"about":[{"href":"https:\/\/www.tgrthaber.com\/mavikadin\/wp-json\/wp\/v2\/types\/post"}],"author":[{"embeddable":true,"href":"https:\/\/www.tgrthaber.com\/mavikadin\/wp-json\/wp\/v2\/users\/16"}],"replies":[{"embeddable":true,"href":"https:\/\/www.tgrthaber.com\/mavikadin\/wp-json\/wp\/v2\/comments?post=207860"}],"version-history":[{"count":2,"href":"https:\/\/www.tgrthaber.com\/mavikadin\/wp-json\/wp\/v2\/posts\/207860\/revisions"}],"predecessor-version":[{"id":207880,"href":"https:\/\/www.tgrthaber.com\/mavikadin\/wp-json\/wp\/v2\/posts\/207860\/revisions\/207880"}],"wp:featuredmedia":[{"embeddable":true,"href":"https:\/\/www.tgrthaber.com\/mavikadin\/wp-json\/wp\/v2\/media\/207878"}],"wp:attachment":[{"href":"https:\/\/www.tgrthaber.com\/mavikadin\/wp-json\/wp\/v2\/media?parent=207860"}],"wp:term":[{"taxonomy":"category","embeddable":true,"href":"https:\/\/www.tgrthaber.com\/mavikadin\/wp-json\/wp\/v2\/categories?post=207860"},{"taxonomy":"post_tag","embeddable":true,"href":"https:\/\/www.tgrthaber.com\/mavikadin\/wp-json\/wp\/v2\/tags?post=207860"}],"curies":[{"name":"wp","href":"https:\/\/api.w.org\/{rel}","templated":true}]}}