{"id":207872,"date":"2025-07-20T21:14:14","date_gmt":"2025-07-20T18:14:14","guid":{"rendered":"https:\/\/www.tgrthaber.com\/mavikadin\/?p=207872"},"modified":"2025-07-20T21:42:03","modified_gmt":"2025-07-20T18:42:03","slug":"yatak-temizligi-neden-onemli-cem-ozkok-her-gece-yaptigimiz-o-hataya-dikkat-cekti","status":"publish","type":"post","link":"https:\/\/www.tgrthaber.com\/mavikadin\/yatak-temizligi-neden-onemli-cem-ozkok-her-gece-yaptigimiz-o-hataya-dikkat-cekti\/","title":{"rendered":"Yatak temizli\u011fi neden \u00f6nemli? Cem \u00d6zk\u00f6k her gece yapt\u0131\u011f\u0131m\u0131z o hataya dikkat \u00e7ekti!"},"content":{"rendered":"<p>Her gece uyumak i\u00e7in kulland\u0131\u011f\u0131n\u0131z yast\u0131k, zamanla sa\u011fl\u0131k a\u00e7\u0131s\u0131ndan risk olu\u015fturabilir. G\u00f6zle g\u00f6r\u00fclmeyen mikroorganizmalar, yata\u011f\u0131m\u0131z\u0131 resmen bakteri yuvas\u0131na d\u00f6n\u00fc\u015ft\u00fcrebilir. Uyku s\u0131ras\u0131nda sa\u011fl\u0131\u011f\u0131m\u0131z\u0131 tehdit eden bu bakteriler, ba\u011f\u0131\u015f\u0131kl\u0131k sistemimize kadar bir\u00e7ok rahats\u0131zl\u0131\u011fa sebep olabiliyor. Peki yatak temizli\u011fi nas\u0131l yap\u0131lmal\u0131 ve neden d\u00fczenli olarak yatak temizli\u011fi yap\u0131lmal\u0131? Cem \u00d6zk\u00f6k, yatak temizli\u011fi konusunda ciddi uyar\u0131larda bulunuyor. Bak\u0131n, her gece yap\u0131lan o hata neymi\u015f&#8230;<\/p>\n<h3>YATAK TEM\u0130ZL\u0130\u011e\u0130 NEDEN \u00d6NEML\u0130?<\/h3>\n<p>G\u00f6zle g\u00f6r\u00fclmeyen bakteri ve mikroplar zamanla sa\u011fl\u0131k a\u00e7\u0131s\u0131ndan tehlike olu\u015fturuyor. Alerjik durumu olan bireylerde ise durum biraz daha hassas olabiliyor. D\u00fczenli temizlik yap\u0131lmayan yast\u0131k ve yataklarda uyumak, ka\u015f\u0131nt\u0131, \u00f6ks\u00fcr\u00fck ya da burun t\u0131kan\u0131kl\u0131\u011f\u0131na yol a\u00e7abiliyor.<\/p>\n<p><img loading=\"lazy\" decoding=\"async\" class=\"alignnone wp-image-207897\" src=\"https:\/\/www.tgrthaber.com\/mavikadin\/wp-content\/uploads\/NINTCHDBPICT000578568064-1-300x169.webp\" alt=\"\" width=\"1208\" height=\"680\" title=\"\" srcset=\"https:\/\/www.tgrthaber.com\/mavikadin\/wp-content\/uploads\/NINTCHDBPICT000578568064-1-300x169.webp 300w, https:\/\/www.tgrthaber.com\/mavikadin\/wp-content\/uploads\/NINTCHDBPICT000578568064-1-1024x576.webp 1024w, https:\/\/www.tgrthaber.com\/mavikadin\/wp-content\/uploads\/NINTCHDBPICT000578568064-1-768x432.webp 768w, https:\/\/www.tgrthaber.com\/mavikadin\/wp-content\/uploads\/NINTCHDBPICT000578568064-1-1536x864.webp 1536w, https:\/\/www.tgrthaber.com\/mavikadin\/wp-content\/uploads\/NINTCHDBPICT000578568064-1.webp 1920w\" sizes=\"(max-width: 1208px) 100vw, 1208px\" \/><\/p>\n<hr \/>\n<p>Temizlik ve hijyen konusunda, bilgilendirici i\u00e7erikler yapan Cem \u00d6zk\u00f6k yatak temizli\u011finin \u00f6neminden bahsetti. \u00d6zk\u00f6k&#8217;e g\u00f6re; yataklar\u0131n d\u00fczenli temizli\u011fi fazlas\u0131yla \u00f6nemli. \u00d6zk\u00f6k konuya dair payla\u015f\u0131m\u0131nda \u015fu ifadelere dikkat \u00e7ekti; &#8216; Her gece fark etmeden kendi terimizle ve toz i\u00e7inde uyuyoruz. Haftada bir de\u011fi\u015fen nevresim g\u00fcn\u00fcm\u00fczde l\u00fcks de\u011fil, sa\u011fl\u0131ok i\u00e7in \u00e7ok gerekli bir ihtiya\u00e7.&#8217;<\/p>\n<p><img loading=\"lazy\" decoding=\"async\" class=\"alignnone wp-image-207899\" src=\"https:\/\/www.tgrthaber.com\/mavikadin\/wp-content\/uploads\/i-138-300x169.webp\" alt=\"\" width=\"1208\" height=\"680\" title=\"\" srcset=\"https:\/\/www.tgrthaber.com\/mavikadin\/wp-content\/uploads\/i-138-300x169.webp 300w, https:\/\/www.tgrthaber.com\/mavikadin\/wp-content\/uploads\/i-138.webp 480w\" sizes=\"(max-width: 1208px) 100vw, 1208px\" \/><\/p>\n<hr \/>\n<h3>CEM \u00d6ZK\u00d6K HER GECE YAPTI\u011eIMIZ O HATAYA D\u0130KKAT \u00c7EKT\u0130<\/h3>\n<p>\u00d6zellikle yaz aylar\u0131nda terleyen v\u00fccudumuz yata\u011fa girdi\u011finde nem b\u0131rak\u0131yor. B\u0131rak\u0131lan bu nem de s\u0131cakl\u0131kla birle\u015fip bakteri olu\u015fumuna neden oluyor. Yataklar\u0131n g\u00fcne\u015ften yoksun b\u0131rak\u0131lmas\u0131, haftal\u0131k temizli\u011finin yap\u0131lmamas\u0131 ve havas\u0131z kalmas\u0131 da bakteri olu\u015fumunu h\u0131zland\u0131r\u0131yor. \u00c7\u0131plak g\u00f6zle g\u00f6r\u00fclmeyen toz akarlar\u0131, \u00e7ocuklarda ast\u0131m ve hatta kronik bron\u015fit gibi ciddi durumlara neden olabilir. Sabah uyan\u0131ld\u0131\u011f\u0131nda burun t\u0131kan\u0131kl\u0131\u011f\u0131, bo\u011fazda hissedilen kuruluk ve hatta g\u00f6zlerde ya\u015flanma varsa sebebi yataklarda olu\u015fan akar fazlal\u0131\u011f\u0131 olabilir.<\/p>\n<p><img loading=\"lazy\" decoding=\"async\" class=\"alignnone wp-image-207901\" src=\"https:\/\/www.tgrthaber.com\/mavikadin\/wp-content\/uploads\/6521707e86b244296040ac91-300x165.webp\" alt=\"\" width=\"1208\" height=\"663\" title=\"\" srcset=\"https:\/\/www.tgrthaber.com\/mavikadin\/wp-content\/uploads\/6521707e86b244296040ac91-300x165.webp 300w, https:\/\/www.tgrthaber.com\/mavikadin\/wp-content\/uploads\/6521707e86b244296040ac91-768x422.webp 768w, https:\/\/www.tgrthaber.com\/mavikadin\/wp-content\/uploads\/6521707e86b244296040ac91.webp 869w\" sizes=\"(max-width: 1208px) 100vw, 1208px\" \/><\/p>\n<hr \/>\n<p>Bu konuya dikkat \u00e7eken \u00d6zk\u00f6k \u015funlar\u0131 s\u00f6yledi; &#8216;\u00c7ocuklar sabah burun ak\u0131nt\u0131s\u0131 ile uyan\u0131yorsa, bunun sebebi yatt\u0131klar\u0131 yatak olabilir. Sadece nevresim de\u011fi\u015ftirmek yetmez, ayn\u0131 zamanda yatak koruyucular\u0131n\u0131n da belli aral\u0131klarla y\u0131kanmas\u0131 \u015fartt\u0131r.&#8217;<\/p>\n<p><img loading=\"lazy\" decoding=\"async\" class=\"alignnone wp-image-207903\" src=\"https:\/\/www.tgrthaber.com\/mavikadin\/wp-content\/uploads\/430x243-temiz-saniyoruz-ancak-klozetlerden-bile-daha-fazla-bakteri-iceriyor-bu-sekilde-yikanmadiginda-1689747590552-300x170.webp\" alt=\"\" width=\"1208\" height=\"683\" title=\"\" srcset=\"https:\/\/www.tgrthaber.com\/mavikadin\/wp-content\/uploads\/430x243-temiz-saniyoruz-ancak-klozetlerden-bile-daha-fazla-bakteri-iceriyor-bu-sekilde-yikanmadiginda-1689747590552-300x170.webp 300w, https:\/\/www.tgrthaber.com\/mavikadin\/wp-content\/uploads\/430x243-temiz-saniyoruz-ancak-klozetlerden-bile-daha-fazla-bakteri-iceriyor-bu-sekilde-yikanmadiginda-1689747590552.webp 430w\" sizes=\"(max-width: 1208px) 100vw, 1208px\" \/><\/p>\n<hr \/>\n<h3>YASTIK KILIFLARINDAK\u0130 TEHL\u0130KEYE D\u0130KKAT<\/h3>\n<p>Yatak temizli\u011fi konsusunda \u00f6nemli uyar\u0131larda bulunan \u00d6zk\u00f6k, yast\u0131k k\u0131l\u0131flar\u0131ndaki tehlikeninde alt\u0131n\u0131 \u00e7izdi. Yast\u0131k k\u0131l\u0131flar\u0131n\u0131n, bakterilerin en yo\u011fun yer oldu\u011funa dikkat \u00e7eken \u00d6zk\u00f6k, yast\u0131k k\u0131l\u0131flar\u0131n\u0131n da haftada bir kez y\u0131kanmas\u0131 gerekti\u011fini belirtti.<\/p>\n<div style=\"width: 640px;\" class=\"wp-video\"><!--[if lt IE 9]><script>document.createElement('video');<\/script><![endif]-->\n<video class=\"wp-video-shortcode\" id=\"video-207872-1\" width=\"640\" height=\"1138\" preload=\"metadata\" controls=\"controls\"><source type=\"video\/mp4\" src=\"https:\/\/www.tgrthaber.com\/mavikadin\/wp-content\/uploads\/\ud83e\udda0-YATAK-TEMIZLIGI-NEDEN-BU-KADAR-ONEMLIHer-gece-uykuda-vucudumuzdan-milyarlarca-bakteri-olu-de.mp4?_=1\" \/><a href=\"https:\/\/www.tgrthaber.com\/mavikadin\/wp-content\/uploads\/\ud83e\udda0-YATAK-TEMIZLIGI-NEDEN-BU-KADAR-ONEMLIHer-gece-uykuda-vucudumuzdan-milyarlarca-bakteri-olu-de.mp4\">https:\/\/www.tgrthaber.com\/mavikadin\/wp-content\/uploads\/\ud83e\udda0-YATAK-TEMIZLIGI-NEDEN-BU-KADAR-ONEMLIHer-gece-uykuda-vucudumuzdan-milyarlarca-bakteri-olu-de.mp4<\/a><\/video><\/div>\n<hr \/>\n<p>Cem \u00d6zk\u00f6k her gece ayn\u0131 yast\u0131k kullan\u0131ld\u0131\u011f\u0131nda, yast\u0131kta bulunan t\u00fck\u00fcr\u00fck, makyaj kal\u0131nt\u0131lar\u0131 ve bakterilerin, cilde n\u00fcfus ederek mantar, sivilce ve egzama gibi rahats\u0131zl\u0131klara yol a\u00e7aca\u011f\u0131n\u0131 vurgulad\u0131.<\/p>\n","protected":false},"excerpt":{"rendered":"<p>Uyumak i\u00e7in yata\u011f\u0131m\u0131za girdi\u011fimizde, fark\u0131na bile varmad\u0131\u011f\u0131m\u0131z al\u0131\u015fkanl\u0131klar\u0131m\u0131z\u0131 s\u00fcrekli tekrar ediyoruz. Temizlik ve hijyen konular\u0131nda yapt\u0131\u011f\u0131 payla\u015f\u0131mlarla dikkat \u00e7eken Cem \u00d6zk\u00f6k ise her gece yap\u0131lan o hatan\u0131n alt\u0131n\u0131 \u00e7izerek, \u00e7ok \u00f6nemli a\u00e7\u0131klamalarda bulundu. Peki yatak temizli\u011fi neden \u00f6nemli ve nas\u0131l olmal\u0131? \u0130\u015fte Cem \u00d6zk\u00f6k&#8217;\u00fcn cevab\u0131&#8230;<\/p>\n","protected":false},"author":35,"featured_media":207889,"comment_status":"closed","ping_status":"closed","sticky":false,"template":"","format":"standard","meta":{"rank_math_lock_modified_date":false,"footnotes":""},"categories":[1991],"tags":[2868,247,28888,18456,28889],"class_list":["post-207872","post","type-post","status-publish","format-standard","has-post-thumbnail","hentry","category-saglik","tag-cem-ozkok","tag-kesfet","tag-yatak-nasil-temizlenir","tag-yatak-temizligi","tag-yataktaki-bakteriler"],"_links":{"self":[{"href":"https:\/\/www.tgrthaber.com\/mavikadin\/wp-json\/wp\/v2\/posts\/207872"}],"collection":[{"href":"https:\/\/www.tgrthaber.com\/mavikadin\/wp-json\/wp\/v2\/posts"}],"about":[{"href":"https:\/\/www.tgrthaber.com\/mavikadin\/wp-json\/wp\/v2\/types\/post"}],"author":[{"embeddable":true,"href":"https:\/\/www.tgrthaber.com\/mavikadin\/wp-json\/wp\/v2\/users\/35"}],"replies":[{"embeddable":true,"href":"https:\/\/www.tgrthaber.com\/mavikadin\/wp-json\/wp\/v2\/comments?post=207872"}],"version-history":[{"count":1,"href":"https:\/\/www.tgrthaber.com\/mavikadin\/wp-json\/wp\/v2\/posts\/207872\/revisions"}],"predecessor-version":[{"id":207906,"href":"https:\/\/www.tgrthaber.com\/mavikadin\/wp-json\/wp\/v2\/posts\/207872\/revisions\/207906"}],"wp:featuredmedia":[{"embeddable":true,"href":"https:\/\/www.tgrthaber.com\/mavikadin\/wp-json\/wp\/v2\/media\/207889"}],"wp:attachment":[{"href":"https:\/\/www.tgrthaber.com\/mavikadin\/wp-json\/wp\/v2\/media?parent=207872"}],"wp:term":[{"taxonomy":"category","embeddable":true,"href":"https:\/\/www.tgrthaber.com\/mavikadin\/wp-json\/wp\/v2\/categories?post=207872"},{"taxonomy":"post_tag","embeddable":true,"href":"https:\/\/www.tgrthaber.com\/mavikadin\/wp-json\/wp\/v2\/tags?post=207872"}],"curies":[{"name":"wp","href":"https:\/\/api.w.org\/{rel}","templated":true}]}}