{"id":207882,"date":"2025-07-20T20:49:48","date_gmt":"2025-07-20T17:49:48","guid":{"rendered":"https:\/\/www.tgrthaber.com\/mavikadin\/?p=207882"},"modified":"2025-07-20T20:49:48","modified_gmt":"2025-07-20T17:49:48","slug":"masterchef-2025-fatma-akhan-kimdir-aslen-nereli-masterchef-fatma-akhan-meslegi-ne-yasi-kac","status":"publish","type":"post","link":"https:\/\/www.tgrthaber.com\/mavikadin\/masterchef-2025-fatma-akhan-kimdir-aslen-nereli-masterchef-fatma-akhan-meslegi-ne-yasi-kac\/","title":{"rendered":"MasterChef 2025 Fatma Akhan kimdir aslen nereli? MasterChef Fatma Akhan mesle\u011fi ne ya\u015f\u0131 ka\u00e7?"},"content":{"rendered":"<p class=\"p1\">TV8 ekranlar\u0131n\u0131n sevilen yemek yar\u0131\u015fmas\u0131 program\u0131 MasterChef T\u00fcrkiye\u2019deki yar\u0131\u015fmac\u0131lar \u00f6zel hayatlar\u0131yla da merak ediliyor. Yar\u0131\u015fmada hen\u00fcz ana kadroya giremeyen ama tarz\u0131yla ve iddial\u0131 konu\u015fmalar\u0131yla dikkatleri \u00fczerine \u00e7eken Fatma Akhan\u2019da bu ki\u015filerden biri. Seyirciler Fatma Akhan\u2019\u0131n hayat\u0131n\u0131 merak ediyor. Peki MasterChef 2025 Fatma Ayhan kimdir, ka\u00e7 ya\u015f\u0131nda? Fatma Akhan ne i\u015f yap\u0131yor, aslen nereli? \u0130\u015fte detaylar\u2026<\/p>\n<h3>MASTERCHEF 2025 FATMA AKHAN K\u0130MD\u0130R?<\/h3>\n<p class=\"p1\">MasterChef T\u00fcrkiye 2025\u2019te ba\u015far\u0131l\u0131 performans\u0131yla dikkatleri \u00fczerine \u00e7eken yar\u0131\u015fmac\u0131 Fatma Ayhan, izleyicilerin merak etti\u011fi isimlerden biri. Osmanl\u0131 Mutfa\u011f\u0131\u2019na olan ilgisiyle dikkat \u00e7ekiyor. Yar\u0131\u015fmaya \u0130stanbul\u2019dan kat\u0131l\u0131yor.<\/p>\n<p><img loading=\"lazy\" decoding=\"async\" class=\"alignnone wp-image-207883 size-large\" src=\"https:\/\/www.tgrthaber.com\/mavikadin\/wp-content\/uploads\/Ekran-Resmi-2025-07-20-20.34.46-1024x631.png\" alt=\"\" width=\"1024\" height=\"631\" title=\"\" srcset=\"https:\/\/www.tgrthaber.com\/mavikadin\/wp-content\/uploads\/Ekran-Resmi-2025-07-20-20.34.46-1024x631.png 1024w, https:\/\/www.tgrthaber.com\/mavikadin\/wp-content\/uploads\/Ekran-Resmi-2025-07-20-20.34.46-300x185.png 300w, https:\/\/www.tgrthaber.com\/mavikadin\/wp-content\/uploads\/Ekran-Resmi-2025-07-20-20.34.46-768x474.png 768w, https:\/\/www.tgrthaber.com\/mavikadin\/wp-content\/uploads\/Ekran-Resmi-2025-07-20-20.34.46.png 1252w\" sizes=\"(max-width: 1024px) 100vw, 1024px\" \/><\/p>\n<hr \/>\n<h3>MASTERCHEF 2025 FATMA AKHAN KA\u00c7 YA\u015eINDA?<\/h3>\n<p>Ba\u015far\u0131l\u0131 tabaklar\u0131yla ad\u0131ndan s\u00f6z ettiren Fatma Akhan&#8217;\u0131n 35-40 ya\u015flar\u0131 aras\u0131nda oldu\u011fu tahmin ediliyor.<\/p>\n<p><img loading=\"lazy\" decoding=\"async\" class=\"alignnone wp-image-207884 size-large\" src=\"https:\/\/www.tgrthaber.com\/mavikadin\/wp-content\/uploads\/Ekran-Resmi-2025-07-20-17.32.31-1024x604.png\" alt=\"\" width=\"1024\" height=\"604\" title=\"\" srcset=\"https:\/\/www.tgrthaber.com\/mavikadin\/wp-content\/uploads\/Ekran-Resmi-2025-07-20-17.32.31-1024x604.png 1024w, https:\/\/www.tgrthaber.com\/mavikadin\/wp-content\/uploads\/Ekran-Resmi-2025-07-20-17.32.31-300x177.png 300w, https:\/\/www.tgrthaber.com\/mavikadin\/wp-content\/uploads\/Ekran-Resmi-2025-07-20-17.32.31-768x453.png 768w, https:\/\/www.tgrthaber.com\/mavikadin\/wp-content\/uploads\/Ekran-Resmi-2025-07-20-17.32.31.png 1318w\" sizes=\"(max-width: 1024px) 100vw, 1024px\" \/><\/p>\n<hr \/>\n<h3>MASTERCHEF 2025 FATMA AKHAN ASLEN NEREL\u0130?<\/h3>\n<p class=\"p1\">Yar\u0131\u015fmada kendisini tan\u0131t\u0131rken,\u00a0Konyal\u0131 oldu\u011funu s\u00f6yleyen Fatma Akhan, \u0130stanbul\u2019da ya\u015f\u0131yor. Osmanl\u0131 Mutfa\u011f\u0131 konusundaki ilgisi ve be\u011fenisini her f\u0131rsatta dile getiren yar\u0131\u015fmac\u0131 tarz\u0131yla dikkat \u00e7ekiyor. MasterChef 2025\u2019in ilk b\u00f6l\u00fcmlerinde seyirci kar\u015f\u0131s\u0131na \u00e7\u0131km\u0131\u015f ve ilk turda \u015feflere haz\u0131rlad\u0131\u011f\u0131 \u00a0mantar yata\u011f\u0131nda dana bonfile ile \u015feflerin be\u011fenisini kazanm\u0131\u015ft\u0131. \u0130kinci turda ise yaprak sarma haz\u0131rlayarak Somer \u015fef ve Danillo \u015feften b\u00fcy\u00fck \u00f6vg\u00fc alm\u0131\u015ft\u0131.<\/p>\n<p><img loading=\"lazy\" decoding=\"async\" class=\"alignnone wp-image-207885 size-large\" src=\"https:\/\/www.tgrthaber.com\/mavikadin\/wp-content\/uploads\/Ekran-Resmi-2025-07-20-17.32.26-3-1024x577.png\" alt=\"\" width=\"1024\" height=\"577\" title=\"\" srcset=\"https:\/\/www.tgrthaber.com\/mavikadin\/wp-content\/uploads\/Ekran-Resmi-2025-07-20-17.32.26-3-1024x577.png 1024w, https:\/\/www.tgrthaber.com\/mavikadin\/wp-content\/uploads\/Ekran-Resmi-2025-07-20-17.32.26-3-300x169.png 300w, https:\/\/www.tgrthaber.com\/mavikadin\/wp-content\/uploads\/Ekran-Resmi-2025-07-20-17.32.26-3-768x433.png 768w, https:\/\/www.tgrthaber.com\/mavikadin\/wp-content\/uploads\/Ekran-Resmi-2025-07-20-17.32.26-3.png 1356w\" sizes=\"(max-width: 1024px) 100vw, 1024px\" \/><\/p>\n<hr \/>\n<h3 class=\"p2\">MASTERCHEF ANA KADRO YARI\u015eMACILARI 2025<\/h3>\n<p class=\"p2\">Ada Kadro 1. Yar\u0131\u015fmac\u0131: Furkan<\/p>\n<p class=\"p2\">Ana Kadro 2. Yar\u0131\u015fmac\u0131: Eyl\u00fcl<\/p>\n<p class=\"p2\">Ana Kadro 3. Yar\u0131\u015fmac\u0131: \u00c7a\u011fatay<\/p>\n<p class=\"p2\">Ana Kadro 4. Yar\u0131\u015fmac\u0131: Onur<\/p>\n<p class=\"p2\">Ana Kadro 5. Yar\u0131\u015fmac\u0131: Hilal<\/p>\n<p class=\"p2\">Ana Kadro 6. Yar\u0131\u015fmac\u0131: Sercan<\/p>\n<p class=\"p2\">Ana Kadro 7. Yar\u0131\u015fmac\u0131: Ayla<\/p>\n<p class=\"p2\">Ana Kadro 8. Yar\u0131\u015fmac\u0131: \u0130hsan<\/p>\n<p><img loading=\"lazy\" decoding=\"async\" class=\"alignnone wp-image-207886 size-large\" src=\"https:\/\/www.tgrthaber.com\/mavikadin\/wp-content\/uploads\/Ekran-Resmi-2025-07-20-17.32.36-2-1024x629.png\" alt=\"\" width=\"1024\" height=\"629\" title=\"\" srcset=\"https:\/\/www.tgrthaber.com\/mavikadin\/wp-content\/uploads\/Ekran-Resmi-2025-07-20-17.32.36-2-1024x629.png 1024w, https:\/\/www.tgrthaber.com\/mavikadin\/wp-content\/uploads\/Ekran-Resmi-2025-07-20-17.32.36-2-300x184.png 300w, https:\/\/www.tgrthaber.com\/mavikadin\/wp-content\/uploads\/Ekran-Resmi-2025-07-20-17.32.36-2-768x472.png 768w, https:\/\/www.tgrthaber.com\/mavikadin\/wp-content\/uploads\/Ekran-Resmi-2025-07-20-17.32.36-2.png 1260w\" sizes=\"(max-width: 1024px) 100vw, 1024px\" \/><\/p>\n<hr \/>\n<h3 class=\"p2\">MASTERCHEF YEDEKLERDEN K\u0130M G\u0130RD\u0130?<\/h3>\n<p class=\"p2\">MasterChef yedek kadro ilk yar\u0131\u015fmac\u0131lar\u0131 Elif, Bilal, Meryem ve Do\u011fan oldu.<\/p>\n<p><img loading=\"lazy\" decoding=\"async\" class=\"alignnone wp-image-207890 size-large\" src=\"https:\/\/www.tgrthaber.com\/mavikadin\/wp-content\/uploads\/Ekran-Resmi-2025-07-20-20.46.33-1024x595.png\" alt=\"\" width=\"1024\" height=\"595\" title=\"\" srcset=\"https:\/\/www.tgrthaber.com\/mavikadin\/wp-content\/uploads\/Ekran-Resmi-2025-07-20-20.46.33-1024x595.png 1024w, https:\/\/www.tgrthaber.com\/mavikadin\/wp-content\/uploads\/Ekran-Resmi-2025-07-20-20.46.33-300x174.png 300w, https:\/\/www.tgrthaber.com\/mavikadin\/wp-content\/uploads\/Ekran-Resmi-2025-07-20-20.46.33-768x446.png 768w, https:\/\/www.tgrthaber.com\/mavikadin\/wp-content\/uploads\/Ekran-Resmi-2025-07-20-20.46.33.png 1030w\" sizes=\"(max-width: 1024px) 100vw, 1024px\" \/><\/p>\n<hr \/>\n<h3>MASTERCHEF T\u00dcRK\u0130YE&#8217;YE NASIL BA\u015eVURULUR?<\/h3>\n<p>MasterChef T\u00fcrkiye 2025 yeni sezon ba\u015fvurular\u0131 bitti. Programa ba\u015fvuruyu ka\u00e7\u0131ranlar bir dahaki sezon i\u00e7in nas\u0131l ba\u015fvuru yap\u0131laca\u011f\u0131n\u0131 merak ediyor. MasterChef T\u00fcrkiye 2026 ba\u015fvurular\u0131 i\u00e7in ba\u015fvuru formu yay\u0131nland\u0131\u011f\u0131nda, yar\u0131\u015fmac\u0131 adaylar\u0131, TV8&#8217;in resmi internet sitesinde yay\u0131nlanan formu eksiksiz bir \u015fekilde doldurmas\u0131 gerekiyor. Bunun yan\u0131 s\u0131ra yar\u0131\u015fmac\u0131lar\u0131n,\u00a0 yine kendilerini tan\u0131tt\u0131klar\u0131 bir videoyu da ba\u015fvuru s\u00fcrecini tamamlamak i\u00e7in siteye g\u00f6ndermeleri gerekiyor.<\/p>\n<p>&nbsp;<\/p>\n","protected":false},"excerpt":{"rendered":"<p>MasterChef&#8217;te dikkat \u00e7eken isimlerden biri olan Fatma Akhan&#8217;\u0131n hayat\u0131 merak edildi. Osmanl\u0131 Mutfa\u011f\u0131&#8217;na olan ilgisini her f\u0131rsatta dile getiren yar\u0131\u015fmac\u0131n\u0131n \u00f6zel hayat\u0131 merak edildi. Peki MasterChef 2025 Fatma Akhan kimdir, ka\u00e7 ya\u015f\u0131nda? Fatma Akhan ne i\u015f yap\u0131yor, aslen nereli? \u0130\u015fte detaylar&#8230; <\/p>\n","protected":false},"author":16,"featured_media":207887,"comment_status":"closed","ping_status":"closed","sticky":false,"template":"","format":"standard","meta":{"rank_math_lock_modified_date":false,"footnotes":""},"categories":[491],"tags":[16521,28884,28883,28882,28885],"class_list":["post-207882","post","type-post","status-publish","format-standard","has-post-thumbnail","hentry","category-biyografi","tag-biyografi-haberleri","tag-masterchef-2025-fatma-akhan-aslen-nereli","tag-masterchef-2025-fatma-akhan-kac-yasinda","tag-masterchef-2025-fatma-akhan-kimdir","tag-masterchef-2025-fatma-akhan-ne-is-yapiyor"],"_links":{"self":[{"href":"https:\/\/www.tgrthaber.com\/mavikadin\/wp-json\/wp\/v2\/posts\/207882"}],"collection":[{"href":"https:\/\/www.tgrthaber.com\/mavikadin\/wp-json\/wp\/v2\/posts"}],"about":[{"href":"https:\/\/www.tgrthaber.com\/mavikadin\/wp-json\/wp\/v2\/types\/post"}],"author":[{"embeddable":true,"href":"https:\/\/www.tgrthaber.com\/mavikadin\/wp-json\/wp\/v2\/users\/16"}],"replies":[{"embeddable":true,"href":"https:\/\/www.tgrthaber.com\/mavikadin\/wp-json\/wp\/v2\/comments?post=207882"}],"version-history":[{"count":2,"href":"https:\/\/www.tgrthaber.com\/mavikadin\/wp-json\/wp\/v2\/posts\/207882\/revisions"}],"predecessor-version":[{"id":207892,"href":"https:\/\/www.tgrthaber.com\/mavikadin\/wp-json\/wp\/v2\/posts\/207882\/revisions\/207892"}],"wp:featuredmedia":[{"embeddable":true,"href":"https:\/\/www.tgrthaber.com\/mavikadin\/wp-json\/wp\/v2\/media\/207887"}],"wp:attachment":[{"href":"https:\/\/www.tgrthaber.com\/mavikadin\/wp-json\/wp\/v2\/media?parent=207882"}],"wp:term":[{"taxonomy":"category","embeddable":true,"href":"https:\/\/www.tgrthaber.com\/mavikadin\/wp-json\/wp\/v2\/categories?post=207882"},{"taxonomy":"post_tag","embeddable":true,"href":"https:\/\/www.tgrthaber.com\/mavikadin\/wp-json\/wp\/v2\/tags?post=207882"}],"curies":[{"name":"wp","href":"https:\/\/api.w.org\/{rel}","templated":true}]}}