{"id":207929,"date":"2025-07-20T22:24:22","date_gmt":"2025-07-20T19:24:22","guid":{"rendered":"https:\/\/www.tgrthaber.com\/mavikadin\/?p=207929"},"modified":"2025-07-20T22:24:22","modified_gmt":"2025-07-20T19:24:22","slug":"masterchefte-buyuk-kavga-birbirlerine-girdiler-ego-yapiyorlar-iddiasi-ortaligi-karistirdi","status":"publish","type":"post","link":"https:\/\/www.tgrthaber.com\/mavikadin\/masterchefte-buyuk-kavga-birbirlerine-girdiler-ego-yapiyorlar-iddiasi-ortaligi-karistirdi\/","title":{"rendered":"MasterChef&#8217;te b\u00fcy\u00fck kavga birbirlerine girdiler ! Ego yap\u0131yorlar iddias\u0131 ortal\u0131\u011f\u0131 kar\u0131\u015ft\u0131rd\u0131"},"content":{"rendered":"<p>TV8 ekranlar\u0131n\u0131n sevilen yar\u0131\u015fma program\u0131 MasterChef T\u00fcrkiye&#8217;de ana kadro heyecan\u0131 devam ediyor. Birbirinden yetenekli yar\u0131\u015fmac\u0131lar ana kadroya girebilmek i\u00e7in m\u00fccadele ediyor. \u015euana kadar ana kadroya giren 8 yar\u0131\u015fmac\u0131 var. Bu ak\u015fam ana kadroya girecek olan 9. yar\u0131\u015fmac\u0131 a\u00e7\u0131klanacak. Ana kadroya erkenden giren yar\u0131\u015fmac\u0131lar ile ana kadroya girmek i\u00e7in m\u00fccadele eden yar\u0131\u015fmac\u0131lar aras\u0131ndaki tart\u0131\u015fma son b\u00f6l\u00fcme damga vurdu. Ana kadroya erken giren yar\u0131\u015fmac\u0131lar i\u00e7in ego yap\u0131yorlar iddias\u0131 ortal\u0131\u011f\u0131 kar\u0131\u015ft\u0131rd\u0131. \u0130\u015fte 20 Temmuz 2025 gecesi ya\u015fananlar&#8230;<\/p>\n<h3>MAASTERCHEF&#8217;TE B\u00dcY\u00dcK KAVGA! EGO YAPIYORLAR \u0130DD\u0130ASI ORTALI\u011eI KARI\u015eTIRDI<\/h3>\n<p>Ekranlar\u0131n sevilen program\u0131 Masterhef&#8217;te bu ak\u015fam yar\u0131\u015fmac\u0131lar aras\u0131nda tart\u0131\u015fma \u00e7\u0131kt\u0131. Ana kadroya giren yar\u0131\u015fmac\u0131lar ile ana kadroya girmek i\u00e7in m\u00fccadele eden yar\u0131\u015fma\u0131lar aras\u0131nda ego sava\u015flar\u0131 ya\u015fand\u0131. Ana kadroya girmek i\u00e7in m\u00fccadele eden yar\u0131\u015fmac\u0131lar, bir \u00fcst tura \u00e7\u0131kanlar\u0131n ego yapt\u0131\u011f\u0131n\u0131 ve grupla\u015fmalara neden olduklar\u0131n\u0131 s\u00f6yleyerek programa damga vurdu.<\/p>\n<p><img loading=\"lazy\" decoding=\"async\" class=\"alignnone wp-image-207932 size-full\" src=\"https:\/\/www.tgrthaber.com\/mavikadin\/wp-content\/uploads\/Ekran-Resmi-2025-07-20-17.32.22-3.png\" alt=\"\" width=\"1328\" height=\"760\" title=\"\" srcset=\"https:\/\/www.tgrthaber.com\/mavikadin\/wp-content\/uploads\/Ekran-Resmi-2025-07-20-17.32.22-3.png 1328w, https:\/\/www.tgrthaber.com\/mavikadin\/wp-content\/uploads\/Ekran-Resmi-2025-07-20-17.32.22-3-300x172.png 300w, https:\/\/www.tgrthaber.com\/mavikadin\/wp-content\/uploads\/Ekran-Resmi-2025-07-20-17.32.22-3-1024x586.png 1024w, https:\/\/www.tgrthaber.com\/mavikadin\/wp-content\/uploads\/Ekran-Resmi-2025-07-20-17.32.22-3-768x440.png 768w\" sizes=\"(max-width: 1328px) 100vw, 1328px\" \/><\/p>\n<hr \/>\n<p>Ana kadroda yer alan Onur Dikba\u015f &#8216;Ben neden b\u00f6yle d\u00fc\u015f\u00fcnd\u00fcklerini hi\u00e7 anlam\u0131yorum, herhangi bir egoistlikte bulunduksak bunu nerede yapt\u0131\u011f\u0131m\u0131z\u0131 s\u00f6ylesinler, biz de hata etmi\u015fiz diyerek yapt\u0131\u011f\u0131m\u0131z yanl\u0131\u015f\u0131n fark\u0131na varal\u0131m&#8217; diyerek tepki g\u00f6sterdi. Yar\u0131\u015fmac\u0131lar aras\u0131nda gerilimin y\u00fckselmesiyle birlikte \u015feflerin konu hakk\u0131nda nas\u0131l bir tutum sergileyece\u011fi de merak edildi.<\/p>\n<div style=\"width: 640px;\" class=\"wp-video\"><!--[if lt IE 9]><script>document.createElement('video');<\/script><![endif]-->\n<video class=\"wp-video-shortcode\" id=\"video-207929-1\" width=\"640\" height=\"1138\" preload=\"metadata\" controls=\"controls\"><source type=\"video\/mp4\" src=\"https:\/\/www.tgrthaber.com\/mavikadin\/wp-content\/uploads\/masterchef-.mp4?_=1\" \/><a href=\"https:\/\/www.tgrthaber.com\/mavikadin\/wp-content\/uploads\/masterchef-.mp4\">https:\/\/www.tgrthaber.com\/mavikadin\/wp-content\/uploads\/masterchef-.mp4<\/a><\/video><\/div>\n<h3 class=\"p2\">MASTERCHEF ANA KADRO YARI\u015eMACILARI 2025<\/h3>\n<p class=\"p2\">Ada Kadro 1. Yar\u0131\u015fmac\u0131: Furkan<\/p>\n<p class=\"p2\">Ana Kadro 2. Yar\u0131\u015fmac\u0131: Eyl\u00fcl<\/p>\n<p class=\"p2\">Ana Kadro 3. Yar\u0131\u015fmac\u0131: \u00c7a\u011fatay<\/p>\n<p class=\"p2\">Ana Kadro 4. Yar\u0131\u015fmac\u0131: Onur<\/p>\n<p class=\"p2\">Ana Kadro 5. Yar\u0131\u015fmac\u0131: Hilal<\/p>\n<p><img loading=\"lazy\" decoding=\"async\" class=\"alignnone wp-image-207931 size-full\" src=\"https:\/\/www.tgrthaber.com\/mavikadin\/wp-content\/uploads\/Ekran-Resmi-2025-07-20-17.36.30-2.png\" alt=\"\" width=\"1020\" height=\"608\" title=\"\" srcset=\"https:\/\/www.tgrthaber.com\/mavikadin\/wp-content\/uploads\/Ekran-Resmi-2025-07-20-17.36.30-2.png 1020w, https:\/\/www.tgrthaber.com\/mavikadin\/wp-content\/uploads\/Ekran-Resmi-2025-07-20-17.36.30-2-300x179.png 300w, https:\/\/www.tgrthaber.com\/mavikadin\/wp-content\/uploads\/Ekran-Resmi-2025-07-20-17.36.30-2-768x458.png 768w\" sizes=\"(max-width: 1020px) 100vw, 1020px\" \/><\/p>\n<hr \/>\n<p class=\"p2\">Ana Kadro 6. Yar\u0131\u015fmac\u0131: Sercan<\/p>\n<p class=\"p2\">Ana Kadro 7. Yar\u0131\u015fmac\u0131: Ayla<\/p>\n<p class=\"p2\">Ana Kadro 8. Yar\u0131\u015fmac\u0131: \u0130hsan<\/p>\n<h3 class=\"p2\">MASTERCHEF YEDEKLERDEN K\u0130M G\u0130RD\u0130?<\/h3>\n<p class=\"p2\">MasterChef yedek kadro ilk yar\u0131\u015fmac\u0131lar\u0131 Elif, Bilal, Meryem ve Do\u011fan oldu.<\/p>\n<p><img loading=\"lazy\" decoding=\"async\" class=\"alignnone wp-image-207933 size-large\" src=\"https:\/\/www.tgrthaber.com\/mavikadin\/wp-content\/uploads\/Ekran-Resmi-2025-07-20-17.32.17-2-1024x556.png\" alt=\"\" width=\"1024\" height=\"556\" title=\"\" srcset=\"https:\/\/www.tgrthaber.com\/mavikadin\/wp-content\/uploads\/Ekran-Resmi-2025-07-20-17.32.17-2-1024x556.png 1024w, https:\/\/www.tgrthaber.com\/mavikadin\/wp-content\/uploads\/Ekran-Resmi-2025-07-20-17.32.17-2-300x163.png 300w, https:\/\/www.tgrthaber.com\/mavikadin\/wp-content\/uploads\/Ekran-Resmi-2025-07-20-17.32.17-2-768x417.png 768w, https:\/\/www.tgrthaber.com\/mavikadin\/wp-content\/uploads\/Ekran-Resmi-2025-07-20-17.32.17-2.png 1378w\" sizes=\"(max-width: 1024px) 100vw, 1024px\" \/><\/p>\n<hr \/>\n<h3>MASTERCHEF ANA KADROYA G\u0130REN 9. YARI\u015eMACI K\u0130M OLDU?<\/h3>\n<p>MasterChef ana kadroya girerek, hayallerine bir ad\u0131m daha yakla\u015fan, ad\u0131n\u0131 ana kadroya 9. s\u0131rada yazd\u0131ran ve ba\u015far\u0131l\u0131 taba\u011f\u0131 ile \u015fefleri etkileyen ki\u015fi a\u00e7\u0131kland\u0131\u011f\u0131nda haberimize eklenecektir.<\/p>\n<p>&nbsp;<\/p>\n","protected":false},"excerpt":{"rendered":"<p>MasterChef T\u00fcrkiye&#8217;ye bu ak\u015fam yar\u0131\u015fmac\u0131lar\u0131n tart\u0131\u015fmas\u0131 damga vurdu. Ana kadroya giren yar\u0131\u015fmac\u0131lar ile ana kadroya girmeye \u00e7al\u0131\u015fan yar\u0131\u015fmac\u0131lar aras\u0131nda ego iddialar\u0131 ortal\u0131\u011f\u0131 kar\u0131\u015ft\u0131rd\u0131. \u0130\u015fte MasterChef son b\u00f6l\u00fcmde ya\u015fananlar&#8230; <\/p>\n","protected":false},"author":16,"featured_media":207943,"comment_status":"closed","ping_status":"closed","sticky":false,"template":"","format":"standard","meta":{"rank_math_lock_modified_date":false,"footnotes":""},"categories":[76],"tags":[133,2218,28898,28899,2564],"class_list":["post-207929","post","type-post","status-publish","format-standard","has-post-thumbnail","hentry","category-magazin","tag-magazin","tag-magazin-haberleri","tag-masterchef-2025-kavga","tag-masterchef-ego-kavgasi","tag-masterchef-kavga"],"_links":{"self":[{"href":"https:\/\/www.tgrthaber.com\/mavikadin\/wp-json\/wp\/v2\/posts\/207929"}],"collection":[{"href":"https:\/\/www.tgrthaber.com\/mavikadin\/wp-json\/wp\/v2\/posts"}],"about":[{"href":"https:\/\/www.tgrthaber.com\/mavikadin\/wp-json\/wp\/v2\/types\/post"}],"author":[{"embeddable":true,"href":"https:\/\/www.tgrthaber.com\/mavikadin\/wp-json\/wp\/v2\/users\/16"}],"replies":[{"embeddable":true,"href":"https:\/\/www.tgrthaber.com\/mavikadin\/wp-json\/wp\/v2\/comments?post=207929"}],"version-history":[{"count":2,"href":"https:\/\/www.tgrthaber.com\/mavikadin\/wp-json\/wp\/v2\/posts\/207929\/revisions"}],"predecessor-version":[{"id":207946,"href":"https:\/\/www.tgrthaber.com\/mavikadin\/wp-json\/wp\/v2\/posts\/207929\/revisions\/207946"}],"wp:featuredmedia":[{"embeddable":true,"href":"https:\/\/www.tgrthaber.com\/mavikadin\/wp-json\/wp\/v2\/media\/207943"}],"wp:attachment":[{"href":"https:\/\/www.tgrthaber.com\/mavikadin\/wp-json\/wp\/v2\/media?parent=207929"}],"wp:term":[{"taxonomy":"category","embeddable":true,"href":"https:\/\/www.tgrthaber.com\/mavikadin\/wp-json\/wp\/v2\/categories?post=207929"},{"taxonomy":"post_tag","embeddable":true,"href":"https:\/\/www.tgrthaber.com\/mavikadin\/wp-json\/wp\/v2\/tags?post=207929"}],"curies":[{"name":"wp","href":"https:\/\/api.w.org\/{rel}","templated":true}]}}