{"id":207936,"date":"2025-07-20T22:29:22","date_gmt":"2025-07-20T19:29:22","guid":{"rendered":"https:\/\/www.tgrthaber.com\/mavikadin\/?p=207936"},"modified":"2025-07-20T22:33:20","modified_gmt":"2025-07-20T19:33:20","slug":"bahar-sahin-ve-mine-tugayin-zalim-istanbul-dizisindeki-sahne-ortaya-cikti-ikilinin-tartistigi-sahne-sosyal-medya-viral-oldu","status":"publish","type":"post","link":"https:\/\/www.tgrthaber.com\/mavikadin\/bahar-sahin-ve-mine-tugayin-zalim-istanbul-dizisindeki-sahne-ortaya-cikti-ikilinin-tartistigi-sahne-sosyal-medya-viral-oldu\/","title":{"rendered":"Bahar \u015eahin ve Mine Tugay&#8217;\u0131n Zalim \u0130stanbul dizisindeki sahnesi ortaya \u00e7\u0131kt\u0131! \u0130kilinin tart\u0131\u015ft\u0131\u011f\u0131 sahne sosyal medya viral oldu!"},"content":{"rendered":"<p>Bahar \u015eahin ve Mine Tugay aras\u0131ndaki mobbing iddialar\u0131na sosyal medya kullan\u0131c\u0131lar\u0131 da dahil oldu. 2019 y\u0131l\u0131nda Kanal D ekranlar\u0131nda yay\u0131nlanan Zalim \u0130stanbul dizisinin setinde u\u011frad\u0131\u011f\u0131 zorbal\u0131ktan bahsetti. Bahar \u015eahin\u2019in anlat\u0131mlar\u0131 \u00fczerine g\u00f6zler Mine Tugay\u2019\u0131n \u00fczerine \u00e7evrildi. Dizi sahnelerinde s\u00fcrekli kavga eden ikilinin g\u00f6r\u00fcnt\u00fcleri hat\u0131rlanarak iddia edilen ki\u015finin Mine Tugay oldu\u011fu d\u00fc\u015f\u00fcn\u00fcld\u00fc. Ya\u015fan\u0131lan durum kar\u015f\u0131s\u0131nda sosyal medya kullan\u0131c\u0131lar\u0131 Zalim \u0130stanbul dizisinde yer alan sahneleri instagram ve X platformunda yay\u0131nlayarak yorum yapt\u0131.<\/p>\n<h3>BAHAR \u015eAH\u0130N VE M\u0130NE TUGAY SAHNELER\u0130 G\u00dcNDEM OLDU<\/h3>\n<p>2019 y\u0131l\u0131nda Kanal D ekranlar\u0131nda yay\u0131nlanan Zalim \u0130stanbul dizisinde ya\u015fan\u0131lanlar y\u0131llar sonra ortaya \u00e7\u0131kt\u0131. Bahar \u015eahin\u2019in kat\u0131ld\u0131\u011f\u0131 bir programda \u201cSetteki baz\u0131 ki\u015filerin, oyunculuk performans\u0131n\u0131 k\u00fc\u00e7\u00fcmsedi\u011fini ve k\u00fc\u00e7\u00fcmseyici ifadeler kulland\u0131\u011f\u0131n\u0131 vurgulayan gen\u00e7 oyuncu, ya\u015fad\u0131klar\u0131n\u0131n mesleki \u00f6zg\u00fcvenine b\u00fcy\u00fck zarar verdi\u011fini s\u00f6yledi\u201d s\u00f6zleri \u00fczerine g\u00f6zler Mine Tugay\u2019a d\u00f6nd\u00fc.<\/p>\n<p><img loading=\"lazy\" decoding=\"async\" class=\"alignnone wp-image-207940 size-full\" src=\"https:\/\/www.tgrthaber.com\/mavikadin\/wp-content\/uploads\/mine-tugay-ve-bahar-sahin-zalim-istanbul-dizisi.jpg\" alt=\"\" width=\"1208\" height=\"680\" title=\"\" srcset=\"https:\/\/www.tgrthaber.com\/mavikadin\/wp-content\/uploads\/mine-tugay-ve-bahar-sahin-zalim-istanbul-dizisi.jpg 1208w, https:\/\/www.tgrthaber.com\/mavikadin\/wp-content\/uploads\/mine-tugay-ve-bahar-sahin-zalim-istanbul-dizisi-300x169.jpg 300w, https:\/\/www.tgrthaber.com\/mavikadin\/wp-content\/uploads\/mine-tugay-ve-bahar-sahin-zalim-istanbul-dizisi-1024x576.jpg 1024w, https:\/\/www.tgrthaber.com\/mavikadin\/wp-content\/uploads\/mine-tugay-ve-bahar-sahin-zalim-istanbul-dizisi-768x432.jpg 768w\" sizes=\"(max-width: 1208px) 100vw, 1208px\" \/><\/p>\n<hr \/>\n<p>Mine Tugay\u2019\u0131n ad\u0131n\u0131n ge\u00e7mesi \u00fczerine sosyal medya \u00fczerinden a\u00e7\u0131klama yay\u0131nlama karar\u0131 ald\u0131. Tugay, \u201c Beni tan\u0131yan herkes bilir ki hi\u00e7 ho\u015flanmad\u0131\u011f\u0131m, kullanmad\u0131\u011f\u0131m bir \u00fcslup ve c\u00fcmleleri s\u00f6ylemekle itham edilmi\u015fim. Ve arkada\u015flar\u0131m bana yap\u0131lan iftiralar\u0131 anlatt\u0131klar\u0131nda a\u00e7\u0131k\u00e7as\u0131 \u00fcz\u00fcld\u00fcm.\u201d diyerek olayla ilgili a\u00e7\u0131klamada bulunmu\u015ftu.<\/p>\n<p><img loading=\"lazy\" decoding=\"async\" class=\"alignnone wp-image-207947 size-full\" src=\"https:\/\/www.tgrthaber.com\/mavikadin\/wp-content\/uploads\/Adsiz-tasarim-3-60.jpg\" alt=\"\" width=\"1208\" height=\"680\" title=\"\" srcset=\"https:\/\/www.tgrthaber.com\/mavikadin\/wp-content\/uploads\/Adsiz-tasarim-3-60.jpg 1208w, https:\/\/www.tgrthaber.com\/mavikadin\/wp-content\/uploads\/Adsiz-tasarim-3-60-300x169.jpg 300w, https:\/\/www.tgrthaber.com\/mavikadin\/wp-content\/uploads\/Adsiz-tasarim-3-60-1024x576.jpg 1024w, https:\/\/www.tgrthaber.com\/mavikadin\/wp-content\/uploads\/Adsiz-tasarim-3-60-768x432.jpg 768w\" sizes=\"(max-width: 1208px) 100vw, 1208px\" \/><\/p>\n<hr \/>\n<p>Zalim \u0130stanbul dizisinde en \u00e7ok kavga eden ikili olan Mine Tugay ve Bahar \u015eahin\u2019in sahneleri sosyal medya kullan\u0131c\u0131lar\u0131 taraf\u0131ndan viral oldu. Sosyal medya kullan\u0131c\u0131lar\u0131 \u201c sahnedeki en normal g\u00fcnleri\u201d yorumuyla g\u00fcndeme oturdular.<\/p>\n<div style=\"width: 640px;\" class=\"wp-video\"><!--[if lt IE 9]><script>document.createElement('video');<\/script><![endif]-->\n<video class=\"wp-video-shortcode\" id=\"video-207936-1\" width=\"640\" height=\"1138\" preload=\"metadata\" controls=\"controls\"><source type=\"video\/mp4\" src=\"https:\/\/www.tgrthaber.com\/mavikadin\/wp-content\/uploads\/bahar-sahin-ve-mine-tugayin-zalim-istanbul-dizisindeki-sahnesi.mp4?_=1\" \/><a href=\"https:\/\/www.tgrthaber.com\/mavikadin\/wp-content\/uploads\/bahar-sahin-ve-mine-tugayin-zalim-istanbul-dizisindeki-sahnesi.mp4\">https:\/\/www.tgrthaber.com\/mavikadin\/wp-content\/uploads\/bahar-sahin-ve-mine-tugayin-zalim-istanbul-dizisindeki-sahnesi.mp4<\/a><\/video><\/div>\n<p>&nbsp;<\/p>\n<p>SOSYAL MEDYA KULLANICILARI \u0130K\u0130YE B\u00d6L\u00dcND\u00dc<\/p>\n<p>Mine Tugay ve Bahar \u015eahin aras\u0131nda ya\u015fan\u0131lan tart\u0131\u015fma b\u00fcy\u00fcmeye devam ediyor. \u0130kilinin Zalim \u0130stanbul dizisindeki ya\u015fan\u0131lan mobbing olay\u0131 tekrardan g\u00fcndem oldu. Sosyal medya kullan\u0131c\u0131lar\u0131 Mine Tugay ve Bahar \u015eahin aras\u0131ndaki olayda ikiye b\u00f6l\u00fcnd\u00fc. Kimileri Bahar \u015eahin\u2019e hak verirken kimileri de Mine Tugay\u2019\u0131 haks\u0131z buldu. Di\u011fer ki\u015filerde Zalim \u0130stanbul dizisindeki kavga ettikleri anlar hakk\u0131nda esprili yorumlar yapt\u0131.<\/p>\n","protected":false},"excerpt":{"rendered":"<p>Oyuncu Bahar \u015eahin\u2019in kat\u0131l\u0131\u011f\u0131 bir programda Zalim \u0130stanbul dizisi \u00e7ekimlerinde zorbal\u0131\u011fa u\u011frad\u0131\u011f\u0131n\u0131 a\u00e7\u0131klam\u0131\u015ft\u0131. Bahar \u015eahin\u2019in yapt\u0131\u011f\u0131 a\u00e7\u0131klama \u00fczerine sosyal medya kullan\u0131c\u0131lar\u0131 dizide Mine Tugay\u2019la birlikte tart\u0131\u015ft\u0131klar\u0131 sahne g\u00f6r\u00fcnt\u00fclerini payla\u015farak yorum yapt\u0131lar. <\/p>\n","protected":false},"author":10,"featured_media":207949,"comment_status":"closed","ping_status":"closed","sticky":false,"template":"","format":"standard","meta":{"rank_math_lock_modified_date":false,"footnotes":""},"categories":[76],"tags":[133,2218,28901,28900],"class_list":["post-207936","post","type-post","status-publish","format-standard","has-post-thumbnail","hentry","category-magazin","tag-magazin","tag-magazin-haberleri","tag-zalim-istanbul-sahnesi-bahar-sahin","tag-zalim-istanbul-sahnesi-mine-tugay"],"_links":{"self":[{"href":"https:\/\/www.tgrthaber.com\/mavikadin\/wp-json\/wp\/v2\/posts\/207936"}],"collection":[{"href":"https:\/\/www.tgrthaber.com\/mavikadin\/wp-json\/wp\/v2\/posts"}],"about":[{"href":"https:\/\/www.tgrthaber.com\/mavikadin\/wp-json\/wp\/v2\/types\/post"}],"author":[{"embeddable":true,"href":"https:\/\/www.tgrthaber.com\/mavikadin\/wp-json\/wp\/v2\/users\/10"}],"replies":[{"embeddable":true,"href":"https:\/\/www.tgrthaber.com\/mavikadin\/wp-json\/wp\/v2\/comments?post=207936"}],"version-history":[{"count":2,"href":"https:\/\/www.tgrthaber.com\/mavikadin\/wp-json\/wp\/v2\/posts\/207936\/revisions"}],"predecessor-version":[{"id":207951,"href":"https:\/\/www.tgrthaber.com\/mavikadin\/wp-json\/wp\/v2\/posts\/207936\/revisions\/207951"}],"wp:featuredmedia":[{"embeddable":true,"href":"https:\/\/www.tgrthaber.com\/mavikadin\/wp-json\/wp\/v2\/media\/207949"}],"wp:attachment":[{"href":"https:\/\/www.tgrthaber.com\/mavikadin\/wp-json\/wp\/v2\/media?parent=207936"}],"wp:term":[{"taxonomy":"category","embeddable":true,"href":"https:\/\/www.tgrthaber.com\/mavikadin\/wp-json\/wp\/v2\/categories?post=207936"},{"taxonomy":"post_tag","embeddable":true,"href":"https:\/\/www.tgrthaber.com\/mavikadin\/wp-json\/wp\/v2\/tags?post=207936"}],"curies":[{"name":"wp","href":"https:\/\/api.w.org\/{rel}","templated":true}]}}